{"id":31662,"date":"2018-09-05T00:00:00","date_gmt":"2018-09-05T03:00:00","guid":{"rendered":"https:\/\/www.cnbb.org.br\/bispos-da-amazonia-manifestam-comunhao-com-o-papa\/"},"modified":"2018-09-05T00:00:00","modified_gmt":"2018-09-05T03:00:00","slug":"bispos-da-amazonia-manifestam-comunhao-com-o-papa","status":"publish","type":"post","link":"https:\/\/www.cnbb.org.br\/bispos-da-amazonia-manifestam-comunhao-com-o-papa\/","title":{"rendered":"Bispos da Amaz\u00f4nia manifestam comunh\u00e3o com o papa"},"content":{"rendered":"<figure id=\"attachment_200262\" aria-describedby=\"caption-attachment-200262\" style=\"width: 300px\" class=\"wp-caption alignleft\"><img decoding=\"async\" loading=\"lazy\" class=\"wp-image-200262 size-medium\" src=\"https:\/\/www.cnbb.org.br\/wp-content\/uploads\/2020\/03\/BisposAmaz\u00f4nia-300x156.jpg\" alt=\"\" width=\"300\" height=\"156\" \/><figcaption id=\"caption-attachment-200262\" class=\"wp-caption-text\">Encontro de 58 bispos da Amaz\u00f4nia Legal brasileira. Foto: Repam Brasil<\/figcaption><\/figure>\n<p style=\"text-align: justify\">Reunidos no III Encontro da Igreja Cat\u00f3lica na Amaz\u00f4nia, em Manaus, no final do m\u00eas de agosto, os bispos da Amaz\u00f4nia escreveram uma carta endere\u00e7ada ao Papa Francisco, em que manifestam comunh\u00e3o com o pont\u00edfice.<\/p>\n<p style=\"text-align: justify\">No texto, os 58 bispos presentes no encontro de Manaus reafirmaram a comunh\u00e3o e obedi\u00eancia ao Papa. \u201cLaudato si\u2019, mi Signore\u201d, afirmam na carta que \u00e9 assinada pelo Cardeal Cl\u00e1udio Hummes, presidente da Comiss\u00e3o Especial para Amaz\u00f4nia\/CEA, da CNBB, e presidente da Rede Eclesial Pan-Amaz\u00f4nica\/REPAM, em nome de todos os bispos presentes.<\/p>\n<p style=\"text-align: justify\">De acordo com o Cardeal, num momento em que ocorrem tantos ataques ao Papa, \u00e9 importante um posicionamento. \u201cOs bispos da Amaz\u00f4nia brasileira acharam importante se manifestar e, nessa carta, mostramos nossa plena comunh\u00e3o com o Papa Francisco\u201d.<\/p>\n<p style=\"text-align: justify\">Na ocasi\u00e3o, os bispos discutiram sobre o S\u00ednodo para a Amaz\u00f4nia, convocado por Francisco para ser realizado em outubro de 2019. No texto, enviado ao papa, eles afirmam estarem \u201ccomprometidos em ouvirem o maior n\u00famero poss\u00edvel de vozes dos povos amaz\u00f4nicos\u201d para serem, de fato, portadores dos anseios dos seus territ\u00f3rios.<\/p>\n<p>Conhe\u00e7a a \u00edntegra do documento aqui:\u00a0http:\/\/<a href=\"http:\/\/repam.org.br\/wp-content\/uploads\/2018\/09\/Carta-ao-papa-francisco-III-Encontro.pdf\" target=\"_blank\" rel=\"noopener\">repam.org.br<\/a><\/p>\n","protected":false},"excerpt":{"rendered":"<p>Bispos reafirmaram a obedi\u00eancia e comunh\u00e3o a Francisco<\/p>\n","protected":false},"author":83,"featured_media":31663,"comment_status":"closed","ping_status":"open","sticky":false,"template":"","format":"standard","meta":{"site-sidebar-layout":"default","site-content-layout":"default","ast-global-header-display":"","ast-banner-title-visibility":"","ast-main-header-display":"","ast-hfb-above-header-display":"","ast-hfb-below-header-display":"","ast-hfb-mobile-header-display":"","site-post-title":"","ast-breadcrumbs-content":"","ast-featured-img":"","footer-sml-layout":"","theme-transparent-header-meta":"","adv-header-id-meta":"","stick-header-meta":"","header-above-stick-meta":"","header-main-stick-meta":"","header-below-stick-meta":""},"categories":[784],"tags":[],"acf":[],"_links":{"self":[{"href":"https:\/\/www.cnbb.org.br\/cnbb-app\/wp\/v2\/posts\/31662"}],"collection":[{"href":"https:\/\/www.cnbb.org.br\/cnbb-app\/wp\/v2\/posts"}],"about":[{"href":"https:\/\/www.cnbb.org.br\/cnbb-app\/wp\/v2\/types\/post"}],"author":[{"embeddable":true,"href":"https:\/\/www.cnbb.org.br\/cnbb-app\/wp\/v2\/users\/83"}],"replies":[{"embeddable":true,"href":"https:\/\/www.cnbb.org.br\/cnbb-app\/wp\/v2\/comments?post=31662"}],"version-history":[{"count":0,"href":"https:\/\/www.cnbb.org.br\/cnbb-app\/wp\/v2\/posts\/31662\/revisions"}],"wp:featuredmedia":[{"embeddable":true,"href":"https:\/\/www.cnbb.org.br\/cnbb-app\/wp\/v2\/media\/31663"}],"wp:attachment":[{"href":"https:\/\/www.cnbb.org.br\/cnbb-app\/wp\/v2\/media?parent=31662"}],"wp:term":[{"taxonomy":"category","embeddable":true,"href":"https:\/\/www.cnbb.org.br\/cnbb-app\/wp\/v2\/categories?post=31662"},{"taxonomy":"post_tag","embeddable":true,"href":"https:\/\/www.cnbb.org.br\/cnbb-app\/wp\/v2\/tags?post=31662"}],"curies":[{"name":"wp","href":"https:\/\/api.w.org\/{rel}","templated":true}]}}