{"id":31667,"date":"2018-09-05T00:00:00","date_gmt":"2018-09-05T03:00:00","guid":{"rendered":"https:\/\/www.cnbb.org.br\/17a-romaria-diocesana\/"},"modified":"2018-09-05T00:00:00","modified_gmt":"2018-09-05T03:00:00","slug":"17a-romaria-diocesana","status":"publish","type":"post","link":"https:\/\/www.cnbb.org.br\/17a-romaria-diocesana\/","title":{"rendered":"17\u00aa Romaria diocesana"},"content":{"rendered":"<p style=\"text-align: right\"><strong><em>Dom Alo\u00edsio Alberto Dilli<br \/>\n<\/em><em>Bispo de Santa Cruz do Sul<\/em><\/strong><\/p>\n<p>&nbsp;<\/p>\n<p style=\"text-align: justify\">Estimados diocesanos. No dia 09 de setembro, a Diocese de Santa Cruz do Sul vai realizar a 17\u00aa Romaria da Santa Cruz, e voc\u00ea, batizado em uma das nossas comunidades, \u00e9 convidado especial para participar. Os motivos s\u00e3o numerosos:<\/p>\n<ul style=\"text-align: justify\">\n<li>Agradecer a Deus a gra\u00e7a da filia\u00e7\u00e3o divina pelo batismo.<\/li>\n<li>Homenagear as pessoas que nos levaram \u00e0 pia batismal e nos introduziram na f\u00e9 crist\u00e3.<\/li>\n<li>Renovar os compromissos que os pais e padrinhos assumiram, por n\u00f3s, no batismo.<\/li>\n<li>Rezar e refletir sobre nossa miss\u00e3o de sermos \u201c<em>sal da terra e luz do mundo<\/em>\u201d (cf. Mt 5, 13-14).<\/li>\n<li>Rezar pelos nossos pais, padrinhos, padres ou di\u00e1conos que nos conduziram e acolheram na comunidade crist\u00e3.<\/li>\n<\/ul>\n<p style=\"text-align: justify\">A Romaria da Santa Cruz \u00e9 especial oportunidade para rezar e confraternizar com as irm\u00e3s e os irm\u00e3os de f\u00e9 das 51 Par\u00f3quias da Diocese. Acima de tudo, por\u00e9m, a Romaria \u00e9 a oportunidade de testemunharmos a nossa unidade como povo diocesano e nos animarmos uns aos outros na f\u00e9 (Hbr 3,13), a qual professamos desde o nosso batismo, quando nos tornamos integrantes do Povo de Deus, a caminho da casa do Pai, pois n\u00e3o temos morada definitiva neste mundo.<\/p>\n<p style=\"text-align: justify\">Neste Ano Nacional do Laicato, a 17\u00aa Romaria da Santa Cruz tamb\u00e9m quer refor\u00e7ar o convite a todos os crist\u00e3os leigos e leigas para serem \u201c<em>homens da Igreja no cora\u00e7\u00e3o do mundo, e homens do mundo no cora\u00e7\u00e3o da Igreja<\/em>\u201d (DP 209). O Conc\u00edlio Vaticano II enfatizou particularmente a \u00edndole secular que caracteriza o ser e agir dos leigos e leigas, tendo como voca\u00e7\u00e3o pr\u00f3pria administrar e ordenar as coisas temporais, em busca do Reino de Deus. Sua voca\u00e7\u00e3o espec\u00edfica \u00e9 viver o seguimento de Jesus na fam\u00edlia, na comunidade eclesial, no trabalho profissional, enfim, na multiforme participa\u00e7\u00e3o da sociedade civil, colaborando na constru\u00e7\u00e3o de uma sociedade justa, solid\u00e1ria e pac\u00edfica, sinais do Reino de Deus. Portanto, verdadeiros sujeitos eclesiais nas diversas realidades em que se encontram inseridos, ou seja, fazem acontecer o ser Igreja nos diversos ambientes do mundo.<\/p>\n<p style=\"text-align: justify\">Diante de tantos motivos que a Igreja nos proporciona neste ano, especialmente ligados ao nosso batismo, que nos concedeu a gra\u00e7a da filia\u00e7\u00e3o divina e nos fez participar do Povo de Deus, como irm\u00e3os e irm\u00e3s, voc\u00ea, leigo e leiga, religioso e religiosa, di\u00e1cono e padre \u00e9 convidado especial para a Romaria diocesana do dia 09 de setembro. N\u00e3o deixe vazio o seu lugar, caso voc\u00ea tiver condi\u00e7\u00f5es de estar presente. Voc\u00ea \u00e9 aguardado com muita alegria para juntar-se aos milhares de romeiros e romeiras. Juntos, em torno da Cruz Redentora, sinal maior do amor de Deus por n\u00f3s, e de Maria, a M\u00e3e das Dores, vamos manifestar nossa f\u00e9, esperan\u00e7a e, ao mesmo tempo, reafirmar a nossa disposi\u00e7\u00e3o de inserir-nos na Comunidade eclesial, como disc\u00edpulos mission\u00e1rios, na perspectiva de uma Igreja samaritana.<\/p>\n<p style=\"text-align: justify\">N\u00f3s contamos com voc\u00ea na romaria. Convide tamb\u00e9m seus familiares e amigos.<\/p>\n<p>&nbsp;<\/p>\n<p>&nbsp;<\/p>\n","protected":false},"excerpt":{"rendered":"<p>Dom Alo\u00edsio Alberto Dilli Bispo de Santa Cruz do Sul &nbsp; Estimados diocesanos. No dia 09 de setembro, a Diocese de Santa Cruz do Sul vai realizar a 17\u00aa Romaria da Santa Cruz, e voc\u00ea, batizado em uma das nossas comunidades, \u00e9 convidado especial para participar. Os motivos s\u00e3o numerosos: Agradecer a Deus a gra\u00e7a &hellip;<\/p>\n<p class=\"read-more\"> <a class=\"\" href=\"https:\/\/www.cnbb.org.br\/17a-romaria-diocesana\/\"> <span class=\"screen-reader-text\">17\u00aa Romaria diocesana<\/span> Leia mais &raquo;<\/a><\/p>\n","protected":false},"author":33,"featured_media":0,"comment_status":"closed","ping_status":"open","sticky":false,"template":"","format":"standard","meta":{"site-sidebar-layout":"default","site-content-layout":"default","ast-global-header-display":"","ast-banner-title-visibility":"","ast-main-header-display":"","ast-hfb-above-header-display":"","ast-hfb-below-header-display":"","ast-hfb-mobile-header-display":"","site-post-title":"","ast-breadcrumbs-content":"","ast-featured-img":"","footer-sml-layout":"","theme-transparent-header-meta":"","adv-header-id-meta":"","stick-header-meta":"","header-above-stick-meta":"","header-main-stick-meta":"","header-below-stick-meta":""},"categories":[758],"tags":[],"acf":[],"_links":{"self":[{"href":"https:\/\/www.cnbb.org.br\/cnbb-app\/wp\/v2\/posts\/31667"}],"collection":[{"href":"https:\/\/www.cnbb.org.br\/cnbb-app\/wp\/v2\/posts"}],"about":[{"href":"https:\/\/www.cnbb.org.br\/cnbb-app\/wp\/v2\/types\/post"}],"author":[{"embeddable":true,"href":"https:\/\/www.cnbb.org.br\/cnbb-app\/wp\/v2\/users\/33"}],"replies":[{"embeddable":true,"href":"https:\/\/www.cnbb.org.br\/cnbb-app\/wp\/v2\/comments?post=31667"}],"version-history":[{"count":0,"href":"https:\/\/www.cnbb.org.br\/cnbb-app\/wp\/v2\/posts\/31667\/revisions"}],"wp:attachment":[{"href":"https:\/\/www.cnbb.org.br\/cnbb-app\/wp\/v2\/media?parent=31667"}],"wp:term":[{"taxonomy":"category","embeddable":true,"href":"https:\/\/www.cnbb.org.br\/cnbb-app\/wp\/v2\/categories?post=31667"},{"taxonomy":"post_tag","embeddable":true,"href":"https:\/\/www.cnbb.org.br\/cnbb-app\/wp\/v2\/tags?post=31667"}],"curies":[{"name":"wp","href":"https:\/\/api.w.org\/{rel}","templated":true}]}}