{"id":31676,"date":"2018-09-10T00:00:00","date_gmt":"2018-09-10T03:00:00","guid":{"rendered":"https:\/\/www.cnbb.org.br\/partidos-tem-ate-o-dia-17-de-setembro-para-confirmar-participacao-no-debate-de-aparecida\/"},"modified":"2018-09-10T00:00:00","modified_gmt":"2018-09-10T03:00:00","slug":"partidos-tem-ate-o-dia-17-de-setembro-para-confirmar-participacao-no-debate-de-aparecida","status":"publish","type":"post","link":"https:\/\/www.cnbb.org.br\/partidos-tem-ate-o-dia-17-de-setembro-para-confirmar-participacao-no-debate-de-aparecida\/","title":{"rendered":"Partidos tem at\u00e9 o dia 17 de setembro para confirmar participa\u00e7\u00e3o no \u201cDebate de Aparecida\u201d"},"content":{"rendered":"<p style=\"text-align: justify\">No dia 20 de setembro, \u00e0s 21h30, a Confer\u00eancia Nacional dos Bispos do Brasil (CNBB) promove o \u201cDebate de Aparecida\u201d, que reunir\u00e1 candidatos \u00e0 presid\u00eancia da rep\u00fablica para as elei\u00e7\u00f5es de 2018. O projeto, organizado e gerado pela TV Aparecida, acontece no Santu\u00e1rio Nacional, na arena do Centro de Eventos Padre V\u00edtor Coelho de Almeida. A jornalista Joyce Ribeiro far\u00e1 a media\u00e7\u00e3o.<\/p>\n<p style=\"text-align: justify\">\u00c0s v\u00e9speras da ocasi\u00e3o, o padre Evaldo C\u00e9sar de Souza, administrador da TV Aparecida e respons\u00e1vel pela organiza\u00e7\u00e3o do \u201cDebate de Aparecida\u201d falou sobre os \u00faltimos acertos e ajustes do encontro. De acordo com ele, a equipe est\u00e1 finalizando os detalhes referentes ao convite formal aos partidos e coliga\u00e7\u00f5es; e organizando a lista de jornalistas das emissoras cat\u00f3licas e bispos que ir\u00e3o fazer perguntas aos candidatos presentes no dia.<\/p>\n<figure id=\"attachment_200313\" aria-describedby=\"caption-attachment-200313\" style=\"width: 236px\" class=\"wp-caption alignright\"><img decoding=\"async\" loading=\"lazy\" class=\"wp-image-200313 size-medium\" src=\"https:\/\/www.cnbb.org.br\/wp-content\/uploads\/2020\/03\/banner_13-236x300-1.jpg\" alt=\"\" width=\"236\" height=\"300\" \/><figcaption id=\"caption-attachment-200313\" class=\"wp-caption-text\">Padre Evaldo C\u00e9sar de Souza, administrador da TV Aparecida e respons\u00e1vel pela organiza\u00e7\u00e3o do \u201cDebate de Aparecida\u201d<\/figcaption><\/figure>\n<p style=\"text-align: justify\">\u201cCom o aceite das regras pelos partidos, o processo deslanchou e os encaminhamentos podem ser feitos com mais propriedade. Estruturas de recep\u00e7\u00e3o, log\u00edstica para o dia do debate, organiza\u00e7\u00e3o de equipes de\u00a0opera\u00e7\u00e3o e produ\u00e7\u00e3o, tudo est\u00e1 praticamente fechado\u201d, afirma o padre Evaldo.<\/p>\n<p style=\"text-align: justify\">Ainda de acordo com ele, a Sala de Imprensa do Santu\u00e1rio Nacional, que \u00e9 quem est\u00e1 cuidando do credenciamento da imprensa, estima que j\u00e1 tenham 40 profissionais cadastrados para fazer a cobertura do evento. Esse processo, segundo ele, pode ser feito at\u00e9 o dia 15 de setembro. Foram separadas 400 vagas para m\u00eddias diversas.<\/p>\n<p style=\"text-align: justify\">\u201cO processo do Debate de Aparecida segue as leis eleitorais, ou seja, nesse primeiro momento temos apenas o compromisso dos partidos e coliga\u00e7\u00f5es com as regras\u201d, afirma o padre. Ele explica ainda que o convite formal para a participa\u00e7\u00e3o ser\u00e1 enviado no dia 13 de setembro e que, os partidos ter\u00e3o at\u00e9 o dia 17 para efetivar a confirma\u00e7\u00e3o. \u201cO que temos foi uma recep\u00e7\u00e3o muito positiva dos partidos sobre a iniciativa da CNBB em promover o debate e acreditamos que os candidatos estar\u00e3o todos aqui no dia 20 para esse momento de cidadania\u201d, diz.<\/p>\n<p style=\"text-align: justify\">Questionado sobre qual \u00e9 a import\u00e2ncia que o Debate de Aparecida adquire, especialmente no cen\u00e1rio de crise pelo qual passa o pa\u00eds, o padre Evaldo \u00e9 entusiasta. \u201cEsperamos que, como em outros momentos, os candidatos \u00e0 presid\u00eancia do Brasil possam expor com clareza e com tranquilidade suas ideias e planos de governo. A polariza\u00e7\u00e3o pol\u00edtica pela qual passa nosso pa\u00eds, com extremos disputando pleito, toda e qualquer informa\u00e7\u00e3o com credibilidade vai ser o diferencial para ajudar nosso povo a tomar decis\u00f5es e garantir que o processo seja transparente e democr\u00e1tico\u201d, afirma.<\/p>\n<p style=\"text-align: justify\">\u201cA CNBB presta um maravilhoso servi\u00e7o ao povo brasileiro, especialmente para os homens e mulheres de f\u00e9, em promover este Debate de Aparecida\u201d, finaliza o padre.<\/p>\n<p style=\"text-align: justify\"><span style=\"color: #993300\"><strong>O Debate de Aparecida<\/strong><\/span><\/p>\n<p style=\"text-align: justify\">Promovido pela CNBB, o evento contar\u00e1 com a transmiss\u00e3o das emissoras de TV e r\u00e1dio de inspira\u00e7\u00e3o cat\u00f3lica, al\u00e9m de portais na internet. Quanto ao formato, ter\u00e1 perguntas apresentadas aos pol\u00edticos por sorteio, outras feitas por bispos da CNBB e jornalistas previamente inscritos. Tamb\u00e9m est\u00e3o previstas perguntas entre os pr\u00f3prios candidatos. R\u00e9plicas e tr\u00e9plicas ser\u00e3o permitidas em alguns momentos. A previs\u00e3o de dura\u00e7\u00e3o \u00e9 de duas horas, divididas em cinco blocos.<\/p>\n<p style=\"text-align: justify\">No primeiro, a mediadora far\u00e1 a abertura, discorrendo sobre as emissoras que est\u00e3o transmitindo. Em seguida, vai citar os nomes dos candidatos que est\u00e3o presentes e os que n\u00e3o compareceram ao encontro. Na sequ\u00eancia, o GC (Gerador de Caracteres) cita os nomes dos outros candidatos sem representa\u00e7\u00e3o na C\u00e2mara dos Deputados e que n\u00e3o participar\u00e3o do debate. A primeira pergunta \u2013 destinada a todos os candidatos, que ter\u00e3o 2 minutos \u2013 ser\u00e1 feita por um (arce)bispo designado pela presid\u00eancia da CNBB.\u00a0<img decoding=\"async\" loading=\"lazy\" class=\"size-medium wp-image-199080 alignleft\" src=\"https:\/\/www.cnbb.org.br\/wp-content\/uploads\/2020\/03\/destaque-debate-2018-300x191-1.jpg\" alt=\"\" width=\"300\" height=\"191\" \/><\/p>\n<p style=\"text-align: justify\">No segundo bloco, ser\u00e1 aberta a possibilidade de confronto direto entre os candidatos, com tema livre. O mediador vai sortear o candidato que ir\u00e1 perguntar e o outro que responder\u00e1. A pergunta dever\u00e1 ser feita em at\u00e9 30 segundos, com resposta em 2 minutos, r\u00e9plica em 1 minuto e meio e tr\u00e9plica em 1 minuto.<\/p>\n<p style=\"text-align: justify\">No terceiro bloco, as perguntas ser\u00e3o feitas por jornalistas das emissoras filiadas \u00e0 Signis Brasil. Os temas ser\u00e3o definidos previamente e as perguntas pr\u00e9-definidas pela organiza\u00e7\u00e3o do debate. Ser\u00e1 feito um sorteio na hora para definir qual candidato ir\u00e1 responder, no tempo m\u00e1ximo de dois minutos.<\/p>\n<p style=\"text-align: justify\">No quarto bloco, ser\u00e1 aberta a possibilidade de confronto direto entre os candidatos, com tema livre. O mediador far\u00e1 o sorteio do candidato que ir\u00e1 perguntar e de outro para responder. A pergunta dever\u00e1 ser feita em at\u00e9 30 segundos, com resposta em dois minutos, r\u00e9plica em 1 minuto 30 segundos e tr\u00e9plica em 1 minuto.<\/p>\n<p style=\"text-align: justify\">No quinto e \u00faltimo bloco as perguntas, com tema livre, ser\u00e3o feitas por bispos indicados pela CNBB, sendo um bispo para cada candidato. O mediador vai sortear na hora o candidato que ir\u00e1 responder. A pergunta ser\u00e1 feita em at\u00e9 30 segundos e as respostas em 2 minutos. Neste bloco tamb\u00e9m ser\u00e3o feitas as considera\u00e7\u00f5es finais de cada candidato, sendo que cada um ter\u00e1 1 minuto.<\/p>\n<p><strong>\u00a0<\/strong><\/p>\n<p>&nbsp;<\/p>\n<p>&nbsp;<\/p>\n","protected":false},"excerpt":{"rendered":"<p>No dia 20 de setembro, \u00e0s 21h30, a CNBB promove o \u201cDebate de Aparecida\u201d<\/p>\n","protected":false},"author":83,"featured_media":31677,"comment_status":"closed","ping_status":"open","sticky":false,"template":"","format":"standard","meta":{"site-sidebar-layout":"default","site-content-layout":"default","ast-global-header-display":"","ast-banner-title-visibility":"","ast-main-header-display":"","ast-hfb-above-header-display":"","ast-hfb-below-header-display":"","ast-hfb-mobile-header-display":"","site-post-title":"","ast-breadcrumbs-content":"","ast-featured-img":"","footer-sml-layout":"","theme-transparent-header-meta":"","adv-header-id-meta":"","stick-header-meta":"","header-above-stick-meta":"","header-main-stick-meta":"","header-below-stick-meta":""},"categories":[841],"tags":[],"acf":[],"_links":{"self":[{"href":"https:\/\/www.cnbb.org.br\/cnbb-app\/wp\/v2\/posts\/31676"}],"collection":[{"href":"https:\/\/www.cnbb.org.br\/cnbb-app\/wp\/v2\/posts"}],"about":[{"href":"https:\/\/www.cnbb.org.br\/cnbb-app\/wp\/v2\/types\/post"}],"author":[{"embeddable":true,"href":"https:\/\/www.cnbb.org.br\/cnbb-app\/wp\/v2\/users\/83"}],"replies":[{"embeddable":true,"href":"https:\/\/www.cnbb.org.br\/cnbb-app\/wp\/v2\/comments?post=31676"}],"version-history":[{"count":0,"href":"https:\/\/www.cnbb.org.br\/cnbb-app\/wp\/v2\/posts\/31676\/revisions"}],"wp:featuredmedia":[{"embeddable":true,"href":"https:\/\/www.cnbb.org.br\/cnbb-app\/wp\/v2\/media\/31677"}],"wp:attachment":[{"href":"https:\/\/www.cnbb.org.br\/cnbb-app\/wp\/v2\/media?parent=31676"}],"wp:term":[{"taxonomy":"category","embeddable":true,"href":"https:\/\/www.cnbb.org.br\/cnbb-app\/wp\/v2\/categories?post=31676"},{"taxonomy":"post_tag","embeddable":true,"href":"https:\/\/www.cnbb.org.br\/cnbb-app\/wp\/v2\/tags?post=31676"}],"curies":[{"name":"wp","href":"https:\/\/api.w.org\/{rel}","templated":true}]}}