{"id":31680,"date":"2018-09-06T00:00:00","date_gmt":"2018-09-06T03:00:00","guid":{"rendered":"https:\/\/www.cnbb.org.br\/fazer-bem-todas-as-coisas\/"},"modified":"2018-09-06T00:00:00","modified_gmt":"2018-09-06T03:00:00","slug":"fazer-bem-todas-as-coisas","status":"publish","type":"post","link":"https:\/\/www.cnbb.org.br\/fazer-bem-todas-as-coisas\/","title":{"rendered":"Fazer bem todas as coisas"},"content":{"rendered":"<p style=\"text-align: right\"><strong>Dom Alberto Taveira Corr\u00eaa<br \/>\nArcebispo Metropolitano de Bel\u00e9m do Par\u00e1<\/strong><\/p>\n<p style=\"text-align: justify\">A obra da cria\u00e7\u00e3o se conclui com uma magn\u00edfica exclama\u00e7\u00e3o: \u201cDeus viu tudo quanto havia feito, e era muito bom!\u201d (Gn 1,31). Tudo foi pensado na Provid\u00eancia eterna da Trindade para o bem e para a felicidade. Da parte de Deus, n\u00e3o h\u00e1 semente de maldade e de pecado na cria\u00e7\u00e3o. O \u201cmal feito\u201d pode acontecer como resultado do uso inadequado de nossa liberdade. Criados por Deus, cabe-nos tamb\u00e9m fazer o bem e exclamar com alegria que nossa obra \u00e9 boa. No entanto, justamente o mist\u00e9rio do pecado pode perturbar o relacionamento com os bens que nos foram dados.<\/p>\n<p style=\"text-align: justify\">Come\u00e7amos com a cria\u00e7\u00e3o, os dons da natureza. A Enc\u00edclica do Papa Francisco sobre o cuidado com a Casa Comum (Cf. Laudato si, 67) nos recorda que \u201choje devemos decididamente rejeitar que, do fato de ser criados \u00e0 imagem de Deus e do mandato de dominar a terra, se deduza um dom\u00ednio absoluto sobre as outras criaturas&#8230; Os textos b\u00edblicos falam de cultivar e guardar o jardim do mundo (Cf.\u00a0Gn\u00a02, 15). Se cultivar quer dizer lavrar ou trabalhar um terreno, guardar significa proteger, cuidar, preservar, velar. Isto implica uma rela\u00e7\u00e3o de reciprocidade respons\u00e1vel entre o ser humano e a natureza. Cada comunidade pode tomar da bondade da terra aquilo de que necessita para a sua sobreviv\u00eancia, mas tem tamb\u00e9m o dever de proteg\u00ea-la e garantir a continuidade da sua fertilidade para as gera\u00e7\u00f5es futuras. Em \u00faltima an\u00e1lise, ao Senhor pertence a terra (Sl\u00a024\/23, 1), a terra e tudo o que nela existe\u201d (Dt\u00a010, 14). Depois, j\u00e1 na hist\u00f3ria de Caim e Abel, a chaga do pecado se espalha, quando o ser humano recusa ser \u201cguarda de seu irm\u00e3o\u201d (Cf. Gn 4,1-17). \u201cGuardar\u201d as pessoas e a natureza \u00e9 colaborar com a obra daquele que fez e faz tudo bem feito!<\/p>\n<p style=\"text-align: justify\">Quando Deus enviou seu Filho, n\u00f3s o vemos participando de tudo o que \u00e9 humano, indo ao encontro do que \u00e9 nosso, menos o pecado. Entretanto, at\u00e9 o nosso pecado assumiu sobre si no mist\u00e9rio da Cruz, para salvar-nos. Jesus olha para a natureza e a reconhece em sua beleza. Nas pessoas, admira tudo, come\u00e7ando com a inoc\u00eancia das crian\u00e7as. Olha com amor os jovens, debru\u00e7a-se sobre os enfermos, busca os pecadores, conversa com quem \u00e9 diferente, ele visita as fam\u00edlias, cura, perdoa, ergue os ca\u00eddos, vai ao encontro dos mais distantes. A exclama\u00e7\u00e3o que nos \u00e9 relatada no Evangelho proclamado neste final de semana ecoa a mesma admira\u00e7\u00e3o pelo que realiza aquele que \u00e9 Deus e homem, o Verbo de Deus feito carne: \u201cCheios de grande admira\u00e7\u00e3o, diziam: Ele faz bem todas as coisas. Faz os surdos ouvirem e os mudos falarem\u201d (Mc 7,37).<\/p>\n<p style=\"text-align: justify\">Olhando em torno a n\u00f3s, devemos ser honestos e reconhecer o quanto estamos distantes do cuidado com a cria\u00e7\u00e3o e as pessoas, pensando em todo o conjunto da sociedade. Basta observar o que andamos fazendo, por exemplo, com o patrim\u00f4nio legado a n\u00f3s pelas gera\u00e7\u00f5es passadas. Em Bel\u00e9m e pelo Brasil afora, quantos s\u00e3o os edif\u00edcios sinistrados ou deixados \u00e0 corros\u00e3o do tempo e da falta de cuidado! E as pessoas? O Brasil se envergonha com o descaso com a popula\u00e7\u00e3o ind\u00edgena, abandono dos migrantes, da popula\u00e7\u00e3o de rua, crian\u00e7as sem lar, desempregados em abund\u00e2ncia. Ser\u00e1 honesto dizermos que \u00e9 assim mesmo e deve assim continuar?<\/p>\n<p style=\"text-align: justify\">Em tempos de campanha eleitoral, muitas pessoas de bem se veem num verdadeiro \u201cbeco sem sa\u00edda\u201d, pois s\u00e3o chamadas a fazer escolhas e participarem do pleito que se aproxima e se encontram com grande dificuldade, pelo mar de corrup\u00e7\u00e3o que se espalhou por toda parte. A corrup\u00e7\u00e3o contagiou terrivelmente as pr\u00e1ticas sociais, levando muitas vezes ao acomodamento, pelo fato de muitos acharem que n\u00e3o h\u00e1 solu\u00e7\u00f5es. Atribui-se a S\u00e3o Greg\u00f3rio Magno, comemorado no calend\u00e1rio lit\u00fargico, nesta semana, a express\u00e3o \u201cCorruptio optimi pessima\u201d. N\u00e3o h\u00e1 nada pior do que a corrup\u00e7\u00e3o do melhor! Quem sabe podemos entend\u00ea-la tamb\u00e9m afirmando que a corrup\u00e7\u00e3o do \u00f3timo \u00e9 o p\u00e9ssimo, n\u00e3o o regular. Tudo isso pede um \u201clevante\u201d moral que s\u00f3 pode come\u00e7ar na consci\u00eancia de cada pessoa. Cada um de n\u00f3s dever\u00e1 fazer escolhas, e que o fa\u00e7a com consci\u00eancia, com retid\u00e3o, recordando que \u201cvoto n\u00e3o tem pre\u00e7o, tem consequ\u00eancia\u201d!<\/p>\n<p style=\"text-align: justify\">Entretanto, n\u00e3o podemos aguardar os resultados das elei\u00e7\u00f5es para fazer bem feito o que nos cabe. Pode ser um passo a capacidade de olhar ao nosso redor, para verificar o que est\u00e1 ao nosso alcance. Um gesto muito simples, como cuidar melhor da limpeza em torno de nossa casa, ou n\u00e3o jogar o lixo nas ruas, ou aprender a separar os res\u00edduos. E o que cada pessoa ou fam\u00edlia pode fazer para se incorporar aos esfor\u00e7os de entidades de assist\u00eancia social e promo\u00e7\u00e3o humana? Sem nos restringirmos ao que faz a Igreja Cat\u00f3lica, mas basta pensar em nossas creches, ou na Miss\u00e3o Bel\u00e9m, Fazenda da Esperan\u00e7a, frentes mission\u00e1rias nas \u00e1reas mais carentes! E algu\u00e9m pode se comprometer com a organiza\u00e7\u00e3o dos Orat\u00f3rios para as crian\u00e7as, adolescentes e jovens em nossas par\u00f3quias! E o esfor\u00e7o feito pela Pastoral Familiar, as pastorais e servi\u00e7os como o Encontro de Casais com Cristo, ou tudo o que se faz para acolher pessoas e grupos em nossas Comunidades Paroquiais ou o cuidado com a sa\u00fade?<\/p>\n<p style=\"text-align: justify\">Se o primeiro passo \u00e9 olhar ao nosso redor, vale tamb\u00e9m o apelo \u00e0 criatividade, capacidade inventiva de jovens e adultos que podem \u201cfazer bem feito\u201d, a modo de Jesus. Vem ainda \u00e0 tona uma atitude muito simples, o desempenho correto e dedicado da profiss\u00e3o de cada um. O mundo pode ser melhor e cada um pode ser parecido com Jesus se sua tarefa pessoal for transparente, l\u00edmpida, honesta. Muitos surdos podem ouvir ou mudos falarem, cegos podem enxergar, muitos poder\u00e3o ser evangelizados, se cada um de n\u00f3s der o primeiro passo!<\/p>\n","protected":false},"excerpt":{"rendered":"<p>Dom Alberto Taveira Corr\u00eaa Arcebispo Metropolitano de Bel\u00e9m do Par\u00e1 A obra da cria\u00e7\u00e3o se conclui com uma magn\u00edfica exclama\u00e7\u00e3o: \u201cDeus viu tudo quanto havia feito, e era muito bom!\u201d (Gn 1,31). Tudo foi pensado na Provid\u00eancia eterna da Trindade para o bem e para a felicidade. Da parte de Deus, n\u00e3o h\u00e1 semente de &hellip;<\/p>\n<p class=\"read-more\"> <a class=\"\" href=\"https:\/\/www.cnbb.org.br\/fazer-bem-todas-as-coisas\/\"> <span class=\"screen-reader-text\">Fazer bem todas as coisas<\/span> Leia mais &raquo;<\/a><\/p>\n","protected":false},"author":21,"featured_media":0,"comment_status":"closed","ping_status":"open","sticky":false,"template":"","format":"standard","meta":{"site-sidebar-layout":"default","site-content-layout":"default","ast-global-header-display":"","ast-banner-title-visibility":"","ast-main-header-display":"","ast-hfb-above-header-display":"","ast-hfb-below-header-display":"","ast-hfb-mobile-header-display":"","site-post-title":"","ast-breadcrumbs-content":"","ast-featured-img":"","footer-sml-layout":"","theme-transparent-header-meta":"","adv-header-id-meta":"","stick-header-meta":"","header-above-stick-meta":"","header-main-stick-meta":"","header-below-stick-meta":""},"categories":[758],"tags":[],"acf":[],"_links":{"self":[{"href":"https:\/\/www.cnbb.org.br\/cnbb-app\/wp\/v2\/posts\/31680"}],"collection":[{"href":"https:\/\/www.cnbb.org.br\/cnbb-app\/wp\/v2\/posts"}],"about":[{"href":"https:\/\/www.cnbb.org.br\/cnbb-app\/wp\/v2\/types\/post"}],"author":[{"embeddable":true,"href":"https:\/\/www.cnbb.org.br\/cnbb-app\/wp\/v2\/users\/21"}],"replies":[{"embeddable":true,"href":"https:\/\/www.cnbb.org.br\/cnbb-app\/wp\/v2\/comments?post=31680"}],"version-history":[{"count":0,"href":"https:\/\/www.cnbb.org.br\/cnbb-app\/wp\/v2\/posts\/31680\/revisions"}],"wp:attachment":[{"href":"https:\/\/www.cnbb.org.br\/cnbb-app\/wp\/v2\/media?parent=31680"}],"wp:term":[{"taxonomy":"category","embeddable":true,"href":"https:\/\/www.cnbb.org.br\/cnbb-app\/wp\/v2\/categories?post=31680"},{"taxonomy":"post_tag","embeddable":true,"href":"https:\/\/www.cnbb.org.br\/cnbb-app\/wp\/v2\/tags?post=31680"}],"curies":[{"name":"wp","href":"https:\/\/api.w.org\/{rel}","templated":true}]}}