{"id":31684,"date":"2018-09-10T00:00:00","date_gmt":"2018-09-10T03:00:00","guid":{"rendered":"https:\/\/www.cnbb.org.br\/setembro-amarelo-falar-e-a-melhor-solucao\/"},"modified":"2020-10-23T15:30:43","modified_gmt":"2020-10-23T18:30:43","slug":"setembro-amarelo-falar-e-a-melhor-solucao","status":"publish","type":"post","link":"https:\/\/www.cnbb.org.br\/setembro-amarelo-falar-e-a-melhor-solucao\/","title":{"rendered":"Setembro Amarelo: falar \u00e9 a melhor solu\u00e7\u00e3o. A ideia \u00e9 promover o debate sobre suic\u00eddio"},"content":{"rendered":"<p style=\"text-align: justify\">Durante todo o m\u00eas de setembro, \u00e9 comum ver espa\u00e7os p\u00fablicos e privados decorados e\/ou iluminados com a cor amarela. Esta iniciativa \u00e9 para chamar a aten\u00e7\u00e3o para o Dia Mundial de Preven\u00e7\u00e3o do Suic\u00eddio, celebrado dia 10 de setembro.<\/p>\n<figure id=\"attachment_200351\" aria-describedby=\"caption-attachment-200351\" style=\"width: 357px\" class=\"wp-caption alignleft\"><img decoding=\"async\" loading=\"lazy\" class=\"wp-image-200351\" src=\"https:\/\/www.cnbb.org.br\/wp-content\/uploads\/2020\/03\/ly_setembro_amarelo_capa-facebook-300x111.jpg\" alt=\"\" width=\"357\" height=\"132\" \/><figcaption id=\"caption-attachment-200351\" class=\"wp-caption-text\"><em>Divulga\u00e7\u00e3o<\/em><\/figcaption><\/figure>\n<p style=\"text-align: justify\">Este ano, campanha do Setembro Amarelo tem como tema: <strong>\u201cFalar \u00e9 a melhor solu\u00e7\u00e3o\u201d<\/strong>. A ideia \u00e9 promover eventos que abram espa\u00e7o para debates sobre suic\u00eddio, al\u00e9m de divulgar o tema e alertar a popula\u00e7\u00e3o sobre a import\u00e2ncia de sua discuss\u00e3o. O suic\u00eddio \u00e9 um problema de sa\u00fade p\u00fablica no Brasil e os casos tem crescido, principalmente, entre os jovens.<\/p>\n<p style=\"text-align: justify\">De acordo com n\u00fameros do CVV \u2013 Centro de Valoriza\u00e7\u00e3o da Vida , 32 brasileiros se matam por dia, m\u00e9dia de 1 morte a cada 45 minutos. Essa taxa \u00e9 maior do que a de v\u00edtimas de AIDS e da maioria dos tipos de c\u00e2ncer.\u00a0No Brasil, o CVV realiza apoio emocional e preven\u00e7\u00e3o do suic\u00eddio, atendendo volunt\u00e1ria e gratuitamente todas as pessoas que querem e precisam conversar, sob total sigilo por telefone, email e chat 24 horas todos os dias.<\/p>\n<p style=\"text-align: justify\">O bispo de Campos (RJ) e referencial da Pastoral da Sa\u00fade da Confer\u00eancia Nacional dos Bispos do Brasil (CNBB), dom Roberto Ferrer\u00eda Paz, esse tipo de campanha \u00e9 preventiva e educativa j\u00e1 que possibilita alertar pais, educadores e as pastorais que lidam com o jovem encaminharem e tomarem medidas de cunho terap\u00eautico para situa\u00e7\u00f5es de depress\u00e3o, p\u00e2nico e outras doen\u00e7as que sem cuidado possam induzir ao suic\u00eddio.<\/p>\n<p style=\"text-align: justify\">De acordo com o site oficial da campanha, tem sido um mal silencioso, pois as pessoas fogem do assunto e, por medo ou desconhecimento, n\u00e3o veem os sinais de que uma pessoa pr\u00f3xima est\u00e1 com ideias suicidas. A esperan\u00e7a \u00e9 o fato de que, segundo a Organiza\u00e7\u00e3o Mundial da Sa\u00fade (OMS), nove em cada dez casos poderiam ser prevenidos. \u00c9 necess\u00e1rio a pessoa buscar ajuda e aten\u00e7\u00e3o de quem est\u00e1 \u00e0 sua volta.<\/p>\n<figure id=\"attachment_176308\" aria-describedby=\"caption-attachment-176308\" style=\"width: 283px\" class=\"wp-caption alignright\"><img decoding=\"async\" loading=\"lazy\" class=\"wp-image-176308 \" src=\"https:\/\/www.cnbb.org.br\/wp-content\/uploads\/2020\/03\/domrobertoferreriapaz-300x224.jpg\" alt=\"\" width=\"283\" height=\"211\" \/><figcaption id=\"caption-attachment-176308\" class=\"wp-caption-text\"><em>Dom Roberto Ferrer\u00eda Paz<\/em><\/figcaption><\/figure>\n<p style=\"text-align: justify\">Para dom Roberto Ferrer\u00eda Paz, certamente que o suic\u00eddio \u00e9 uma tem\u00e1tica a ser tratada com responsabilidade e profissionalismo evitando-se qualquer abordagem superficial que possa provocar comportamentos imitativos ou atingir jovens sugestion\u00e1veis.<\/p>\n<p style=\"text-align: justify\"><em><strong>\u201cA muito tempo a Igreja superou o enfoque moralista da quest\u00e3o para refletir mais a necessidade de uma abordagem mais ligada a sa\u00fade mental e espiritual em resposta a uma sociedade profundamente carente de sentido e vazia existencialmente\u201d, ressalta.<\/strong><\/em><\/p>\n<p style=\"text-align: justify\">O CVV alerta que a sociedade em geral precisa reconhecer sinais, diferenciar mitos e verdades, ouvir profissionais e ter acesso a formas de apoio. Falar tamb\u00e9m \u00e9 a melhor solu\u00e7\u00e3o j\u00e1 que a pessoa que pensa em suic\u00eddio sofre uma grande dor e n\u00e3o v\u00ea sa\u00edda para ela. Em geral, quem pensa em suic\u00eddio n\u00e3o quer necessariamente morrer, mas fazer aquela dor sair, mas n\u00e3o sabe como.<\/p>\n<p style=\"text-align: justify\">Dom Roberto Ferrer\u00eda Paz acredita que o suic\u00eddio \u00e9 um indicador de desespero e falta de raz\u00f5es para viver. O bispo cita: \u2018Vitor Frankl sempre afirmava que todas as pessoas precisam de um sentido para viver de um sonho, de esperan\u00e7a\u2019.<\/p>\n<p style=\"text-align: justify\"><em><strong>\u201cN\u00e3o desconhecendo que podem haver tamb\u00e9m motivos qu\u00edmicos e org\u00e2nicos, devemos com o papa Francisco dizer aos jovens e adultos que n\u00e3o deixem que lhes roubem a esperan\u00e7a\u201d, completa.<\/strong><\/em><\/p>\n<p style=\"text-align: justify\">A mobiliza\u00e7\u00e3o de combate ao suic\u00eddio pode ser feita de diversas formas. Seja com a\u00e7\u00f5es informativas em empresas, os \u00f3rg\u00e3os p\u00fablicos se iluminando de amarelo ou cada pessoa pode se mobilizar compartilhando informa\u00e7\u00f5es sobre o movimento Setembro Amarelo nas redes sociais, levantando o tema em seus grupos e buscando informa\u00e7\u00f5es confi\u00e1veis sobre o assunto.<\/p>\n<p style=\"text-align: justify\">Mais informa\u00e7\u00f5es podem ser acessadas no site: <strong><a href=\"http:\/\/www.setembroamarelo.org.br\/\" target=\"_blank\" rel=\"noopener\">www.setembroamarelo.org.br<\/a>.<\/strong><\/p>\n<div class=\"ast-oembed-container\" style=\"height: 100%;\"><iframe loading=\"lazy\" title=\"Setembro Amarelo 2018\" width=\"500\" height=\"281\" src=\"https:\/\/www.youtube.com\/embed\/jYSOZPH7EQ8?feature=oembed\" frameborder=\"0\" allow=\"accelerometer; autoplay; clipboard-write; encrypted-media; gyroscope; picture-in-picture\" allowfullscreen><\/iframe><\/div>\n","protected":false},"excerpt":{"rendered":"<p>O objetivo \u00e9 ressaltar a necessidade da preven\u00e7\u00e3o do suic\u00eddio que \u00e9 um problema de sa\u00fade p\u00fablica e tem crescido, principalmente entre os jovens<\/p>\n","protected":false},"author":83,"featured_media":31685,"comment_status":"closed","ping_status":"open","sticky":false,"template":"","format":"standard","meta":{"site-sidebar-layout":"default","site-content-layout":"default","ast-global-header-display":"","ast-banner-title-visibility":"","ast-main-header-display":"","ast-hfb-above-header-display":"","ast-hfb-below-header-display":"","ast-hfb-mobile-header-display":"","site-post-title":"","ast-breadcrumbs-content":"","ast-featured-img":"","footer-sml-layout":"","theme-transparent-header-meta":"","adv-header-id-meta":"","stick-header-meta":"","header-above-stick-meta":"","header-main-stick-meta":"","header-below-stick-meta":""},"categories":[1],"tags":[1872],"acf":[],"_links":{"self":[{"href":"https:\/\/www.cnbb.org.br\/cnbb-app\/wp\/v2\/posts\/31684"}],"collection":[{"href":"https:\/\/www.cnbb.org.br\/cnbb-app\/wp\/v2\/posts"}],"about":[{"href":"https:\/\/www.cnbb.org.br\/cnbb-app\/wp\/v2\/types\/post"}],"author":[{"embeddable":true,"href":"https:\/\/www.cnbb.org.br\/cnbb-app\/wp\/v2\/users\/83"}],"replies":[{"embeddable":true,"href":"https:\/\/www.cnbb.org.br\/cnbb-app\/wp\/v2\/comments?post=31684"}],"version-history":[{"count":0,"href":"https:\/\/www.cnbb.org.br\/cnbb-app\/wp\/v2\/posts\/31684\/revisions"}],"wp:featuredmedia":[{"embeddable":true,"href":"https:\/\/www.cnbb.org.br\/cnbb-app\/wp\/v2\/media\/31685"}],"wp:attachment":[{"href":"https:\/\/www.cnbb.org.br\/cnbb-app\/wp\/v2\/media?parent=31684"}],"wp:term":[{"taxonomy":"category","embeddable":true,"href":"https:\/\/www.cnbb.org.br\/cnbb-app\/wp\/v2\/categories?post=31684"},{"taxonomy":"post_tag","embeddable":true,"href":"https:\/\/www.cnbb.org.br\/cnbb-app\/wp\/v2\/tags?post=31684"}],"curies":[{"name":"wp","href":"https:\/\/api.w.org\/{rel}","templated":true}]}}