{"id":31713,"date":"2018-09-10T00:00:00","date_gmt":"2018-09-10T03:00:00","guid":{"rendered":"https:\/\/www.cnbb.org.br\/o-dom-da-vida-a-ser-preservado-diante-do-suicidio-no-meio-juvenil\/"},"modified":"2018-09-10T00:00:00","modified_gmt":"2018-09-10T03:00:00","slug":"o-dom-da-vida-a-ser-preservado-diante-do-suicidio-no-meio-juvenil","status":"publish","type":"post","link":"https:\/\/www.cnbb.org.br\/o-dom-da-vida-a-ser-preservado-diante-do-suicidio-no-meio-juvenil\/","title":{"rendered":"O dom da vida a ser preservado diante do suic\u00eddio no meio juvenil"},"content":{"rendered":"<p style=\"text-align: right\"><strong>Dom Vital Corbellini<\/strong><br \/>\n<strong>Bispo de Marab\u00e1 (PA)<\/strong><\/p>\n<p style=\"text-align: justify\">A vida \u00e9 um dom de Deus, gra\u00e7a do Senhor. Como \u00e9 importante que n\u00f3s sempre o preservemos, desde o seio materno at\u00e9 o seu ocaso. Estamos falando dessas coisas, porque no dia 10 de setembro celebramos o dia mundial de preven\u00e7\u00e3o ao suic\u00eddio. Queremos lutar pela vida na qual o Senhor no-la concedeu com alegria e amor. Queremos implementar sempre mais uma cultura de vida, uma civiliza\u00e7\u00e3o do amor diante do suic\u00eddio. Queremos dizer como o Palavra de Deus em Isaias: \u201cCoragem! Nada de medo!\u201d (Is 35, 4). E o Ap\u00f3stolo Jo\u00e3o diz nas palavras de Jesus: \u201cEste \u00e9 o meu mandamento: amai-vos uns aos outros, assim como eu vos amei\u201d (Jo 15,12)<\/p>\n<p style=\"text-align: justify\">Um estudo divulgado este ano pela Faculdade de Medicina de Universidade de S\u00e3o Paulo, mas que foi realizado entre 2011 e 2015 coloca a liga\u00e7\u00e3o entre o consumo de \u00e1lcool e suic\u00eddio nas pessoas sobretudo no meio adolescente e juvenil. O \u00e1lcool torna-se um problema nas fam\u00edlias, causando as vezes a divis\u00e3o e a separa\u00e7\u00e3o entre marido e mulher e tamb\u00e9m entre os jovens. O brasileiro est\u00e1 no quadrag\u00e9simo nono lugar dos 193 entre os pa\u00edses avaliados em rela\u00e7\u00e3o ao consumo de \u00e1lcool. Segundo especialistas, no Brasil ainda n\u00e3o h\u00e1 uma licen\u00e7a espec\u00edfica para a venda do \u00e1lcool sem falar na venda informal e para menores. \u00c9 preciso trabalhar a vida com os jovens e adolescentes para a preven\u00e7\u00e3o do \u00e1lcool em suas exist\u00eancias para que n\u00e3o haja tantas mortes por causa do \u00e1lcool ou porque podem tirarem-se as suas vidas, ocasionando suic\u00eddios. Sabemos que a taxa de suic\u00eddio no Brasil \u00e9 dada mais na faixa entre 15 e 29 anos de idade e esta subiu 10% desde 2012. Segundo a OMS, Organiza\u00e7\u00e3o Mundial da Sa\u00fade, o suic\u00eddio \u00e9 a segunda causa mundial de mortes entre pessoas nessa faixa acima elencada. Assim a pessoa sob o efeito do \u00e1lcool apresenta uma capacidade diminu\u00edda em rela\u00e7\u00e3o ao senso cr\u00edtico, do autocontrole, e tende a adotar um comportamento mais agressivo. Assim o risco para o suic\u00eddio \u00e9 maior, de modo que devemos alertar os jovens para que superem o vicio da bebida e assim vivam bem na fam\u00edlia, na comunidade e na sociedade.<\/p>\n<p style=\"text-align: justify\">Como no dia 10 de setembro \u00e9 celebrado o dia mundial de preven\u00e7\u00e3o ao suic\u00eddio, foi lan\u00e7ada a campanha digital #SAIADASOMBRA com o objetivo de atingir os adolescentes e jovens no intuito de valorizar a vida, diante da morte. \u00c9 preciso sair da sombra, perceber se existem sinais para a depress\u00e3o e ajudar sobretudo adolescentes e jovens para que vivam bem segundo a Vontade de Deus, se engajem na comunidade em alguma pastoral, movimento ou servi\u00e7o. As pessoas que sofrem com a depress\u00e3o necessitam de maior apoio da parte nossa para que possamos salvar vidas, conduzi-las \u00e0 vida familiar, comunit\u00e1ria e com Deus atrav\u00e9s da ora\u00e7\u00e3o, da leitura da Palavra de Deus, da eucaristia e do amor fraterno.<\/p>\n","protected":false},"excerpt":{"rendered":"<p>Dom Vital Corbellini Bispo de Marab\u00e1 (PA) A vida \u00e9 um dom de Deus, gra\u00e7a do Senhor. Como \u00e9 importante que n\u00f3s sempre o preservemos, desde o seio materno at\u00e9 o seu ocaso. Estamos falando dessas coisas, porque no dia 10 de setembro celebramos o dia mundial de preven\u00e7\u00e3o ao suic\u00eddio. Queremos lutar pela vida &hellip;<\/p>\n<p class=\"read-more\"> <a class=\"\" href=\"https:\/\/www.cnbb.org.br\/o-dom-da-vida-a-ser-preservado-diante-do-suicidio-no-meio-juvenil\/\"> <span class=\"screen-reader-text\">O dom da vida a ser preservado diante do suic\u00eddio no meio juvenil<\/span> Leia mais &raquo;<\/a><\/p>\n","protected":false},"author":16,"featured_media":0,"comment_status":"closed","ping_status":"open","sticky":false,"template":"","format":"standard","meta":{"site-sidebar-layout":"default","site-content-layout":"default","ast-global-header-display":"","ast-banner-title-visibility":"","ast-main-header-display":"","ast-hfb-above-header-display":"","ast-hfb-below-header-display":"","ast-hfb-mobile-header-display":"","site-post-title":"","ast-breadcrumbs-content":"","ast-featured-img":"","footer-sml-layout":"","theme-transparent-header-meta":"","adv-header-id-meta":"","stick-header-meta":"","header-above-stick-meta":"","header-main-stick-meta":"","header-below-stick-meta":""},"categories":[758],"tags":[],"acf":[],"_links":{"self":[{"href":"https:\/\/www.cnbb.org.br\/cnbb-app\/wp\/v2\/posts\/31713"}],"collection":[{"href":"https:\/\/www.cnbb.org.br\/cnbb-app\/wp\/v2\/posts"}],"about":[{"href":"https:\/\/www.cnbb.org.br\/cnbb-app\/wp\/v2\/types\/post"}],"author":[{"embeddable":true,"href":"https:\/\/www.cnbb.org.br\/cnbb-app\/wp\/v2\/users\/16"}],"replies":[{"embeddable":true,"href":"https:\/\/www.cnbb.org.br\/cnbb-app\/wp\/v2\/comments?post=31713"}],"version-history":[{"count":0,"href":"https:\/\/www.cnbb.org.br\/cnbb-app\/wp\/v2\/posts\/31713\/revisions"}],"wp:attachment":[{"href":"https:\/\/www.cnbb.org.br\/cnbb-app\/wp\/v2\/media?parent=31713"}],"wp:term":[{"taxonomy":"category","embeddable":true,"href":"https:\/\/www.cnbb.org.br\/cnbb-app\/wp\/v2\/categories?post=31713"},{"taxonomy":"post_tag","embeddable":true,"href":"https:\/\/www.cnbb.org.br\/cnbb-app\/wp\/v2\/tags?post=31713"}],"curies":[{"name":"wp","href":"https:\/\/api.w.org\/{rel}","templated":true}]}}