{"id":31718,"date":"2018-09-10T00:00:00","date_gmt":"2018-09-10T03:00:00","guid":{"rendered":"https:\/\/www.cnbb.org.br\/fortaleza-recebe-o-vi-congresso-regional-da-pastoral-familiar\/"},"modified":"2018-09-10T00:00:00","modified_gmt":"2018-09-10T03:00:00","slug":"fortaleza-recebe-o-vi-congresso-regional-da-pastoral-familiar","status":"publish","type":"post","link":"https:\/\/www.cnbb.org.br\/fortaleza-recebe-o-vi-congresso-regional-da-pastoral-familiar\/","title":{"rendered":"Fortaleza recebe o VI Congresso Regional da Pastoral Familiar"},"content":{"rendered":"<p style=\"text-align: justify\">A cidade de Fortaleza sedia, pela sexta vez, o Congresso Regional da Pastoral Familiar, realizado no Centro Universit\u00e1rio Sete de Setembro, nos dias 7 e 8 de setembro pelo regional Nordeste 1. Em sua sexta edi\u00e7\u00e3o, o evento recebe agentes de Pastoral Familiar das nove dioceses do Regional, que compreende al\u00e9m de Fortaleza, Limoeiro do Norte, Crato, Crate\u00fas, Itapipoca, Quixad\u00e1, Tiangu\u00e1, Iguatu e Sobral.<\/p>\n<p style=\"text-align: justify\">O evento contou com a presen\u00e7a de mission\u00e1rios leigos e cl\u00e9rigos ligados \u00e0 Pastoral, entre eles, dom \u00c2ngelo Pignoli, bispo de Quixad\u00e1 e referencial da Pastoral Familiar do regional, que abriu a manh\u00e3 de palestras, abordando o tema \u201cFam\u00edlia, uma Luz para a Vida em Sociedade\u201d. Dom Jos\u00e9 Ant\u00f4nio, arcebispo de Fortaleza, tamb\u00e9m marcou presen\u00e7a, abordando o lema do evento: \u201cAmai-vos uns aos outros como eu vos amei\u201d (Jo 13, 34).<\/p>\n<p>Confira a <a href=\"http:\/\/www.cnbbne1.org.br\/noticias_detalhes.php?cod_noticia=19082&amp;cod_secao=1\" target=\"_blank\" rel=\"noopener\">not\u00edcia na \u00edntegra<\/a>.<\/p>\n","protected":false},"excerpt":{"rendered":"<p>A cidade de Fortaleza sedia, pela sexta vez, o Congresso Regional da Pastoral Familiar, realizado no Centro Universit\u00e1rio Sete de Setembro<\/p>\n","protected":false},"author":83,"featured_media":31719,"comment_status":"closed","ping_status":"open","sticky":false,"template":"","format":"standard","meta":{"site-sidebar-layout":"default","site-content-layout":"default","ast-global-header-display":"","ast-banner-title-visibility":"","ast-main-header-display":"","ast-hfb-above-header-display":"","ast-hfb-below-header-display":"","ast-hfb-mobile-header-display":"","site-post-title":"","ast-breadcrumbs-content":"","ast-featured-img":"","footer-sml-layout":"","theme-transparent-header-meta":"","adv-header-id-meta":"","stick-header-meta":"","header-above-stick-meta":"","header-main-stick-meta":"","header-below-stick-meta":""},"categories":[867,769],"tags":[],"acf":[],"_links":{"self":[{"href":"https:\/\/www.cnbb.org.br\/cnbb-app\/wp\/v2\/posts\/31718"}],"collection":[{"href":"https:\/\/www.cnbb.org.br\/cnbb-app\/wp\/v2\/posts"}],"about":[{"href":"https:\/\/www.cnbb.org.br\/cnbb-app\/wp\/v2\/types\/post"}],"author":[{"embeddable":true,"href":"https:\/\/www.cnbb.org.br\/cnbb-app\/wp\/v2\/users\/83"}],"replies":[{"embeddable":true,"href":"https:\/\/www.cnbb.org.br\/cnbb-app\/wp\/v2\/comments?post=31718"}],"version-history":[{"count":0,"href":"https:\/\/www.cnbb.org.br\/cnbb-app\/wp\/v2\/posts\/31718\/revisions"}],"wp:featuredmedia":[{"embeddable":true,"href":"https:\/\/www.cnbb.org.br\/cnbb-app\/wp\/v2\/media\/31719"}],"wp:attachment":[{"href":"https:\/\/www.cnbb.org.br\/cnbb-app\/wp\/v2\/media?parent=31718"}],"wp:term":[{"taxonomy":"category","embeddable":true,"href":"https:\/\/www.cnbb.org.br\/cnbb-app\/wp\/v2\/categories?post=31718"},{"taxonomy":"post_tag","embeddable":true,"href":"https:\/\/www.cnbb.org.br\/cnbb-app\/wp\/v2\/tags?post=31718"}],"curies":[{"name":"wp","href":"https:\/\/api.w.org\/{rel}","templated":true}]}}