{"id":31740,"date":"2018-09-12T00:00:00","date_gmt":"2018-09-12T03:00:00","guid":{"rendered":"https:\/\/www.cnbb.org.br\/200584-2\/"},"modified":"2018-09-12T00:00:00","modified_gmt":"2018-09-12T03:00:00","slug":"200584-2","status":"publish","type":"post","link":"https:\/\/www.cnbb.org.br\/200584-2\/","title":{"rendered":"Para onde est\u00e1 indo o ensino m\u00e9dio brasileiros nas escolas?"},"content":{"rendered":"<p style=\"text-align: justify\"><strong>Dom Vital Corbellini<\/strong><br \/>\n<strong>Bispo de Marab\u00e1 (PA)<\/strong><\/p>\n<p style=\"text-align: justify\">Esta \u00e9 uma pergunta que n\u00f3s dever\u00edamos fazer a todos, seja daqueles que nos governam como tamb\u00e9m daqueles que cuidam do ensino m\u00e9dio brasileiro nas escolas. \u00c9 preocupante a realidade brasileira em rela\u00e7\u00e3o ao ensino m\u00e9dio, segundo os dados \u00faltimos divulgados. O fato \u00e9 que o Brasil \u00e9 um dos pa\u00edses com maior n\u00famero de pessoas que n\u00e3o tem diploma de ensino m\u00e9dio. Mais da metade de adultos entre 25 e 64 anos da popula\u00e7\u00e3o brasileira n\u00e3o atingiu este n\u00edvel de forma\u00e7\u00e3o, segundo o estudo \u201cUm Olhar sobre a Educa\u00e7\u00e3o\u201d que foi divulgado pela \u201cOrganiza\u00e7\u00e3o para a coopera\u00e7\u00e3o e desenvolvimento econ\u00f4mico\u201d. Esta organiza\u00e7\u00e3o, cuja sede est\u00e1 em Paris associa a baixa de n\u00edvel da escolaridade devido a desigualdade de renda. Isso significa que \u00e9 preciso que haja mais igualdade de renda entre as pessoas e a sociedade para ter um ensino m\u00e9dio de qualidade para a pessoa, ao mundo e ao pr\u00f3prio Deus Uno e Trino. Um programa que contemple a educa\u00e7\u00e3o em todos os setores, sobretudo o ensino m\u00e9dio dever\u00e1 constar nas futuras pessoas que dever\u00e3o governar o nosso Pa\u00eds.<\/p>\n<p style=\"text-align: justify\">Ultimamente h\u00e1 uma exig\u00eancia sempre maior para que as pessoas tenham de fato o ensino m\u00e9dio para assim poder ingressar numa f\u00e1brica ou ter um emprego, ou mesmo para a ascens\u00e3o social como afirma o relat\u00f3rio. Outros pa\u00edses tem uma situa\u00e7\u00e3o pior que o Brasil como a Costa Rica e o M\u00e9xico, mas tamb\u00e9m existem outros pa\u00edses que est\u00e3o na frente do Brasil em rela\u00e7\u00e3o ao ensino m\u00e9dio, como a Argentina, Chile e Col\u00f4mbia, como coloca o relat\u00f3rio. A organiza\u00e7\u00e3o tem presentes o fato daqueles que n\u00e3o completam o ensino m\u00e9dio possu\u00edrem dificuldades no mercado de trabalho com menores sal\u00e1rios, e tamb\u00e9m nas compet\u00eancias cognitivas, como a aten\u00e7\u00e3o e mem\u00f3ria inferiores daqueles e daquelas que possuem a forma\u00e7\u00e3o do ensino m\u00e9dio. \u00c9 importante perceber que existem pessoas, autoridades trabalhando para que estes \u00edndices melhorem sempre mais. O relat\u00f3rio reconhece que o acesso ao ensino superior vem crescendo no Brasil, mas \u00e9 preciso refor\u00e7ar o ensino m\u00e9dio de jovens e de pessoas adultas tanto para a profissionaliza\u00e7\u00e3o como tamb\u00e9m poderem ter acesso ao ensino universit\u00e1rio. O fato \u00e9 que o Brasil deve investir mais na educa\u00e7\u00e3o e que as verbas possam ter o seu devido destino para melhor qualificar os professores, dar condi\u00e7\u00f5es de dignidade nas escolas, que os alunos possam ser qualificados seja na cidade como no campo. A quest\u00e3o \u00e9 o desvio desses meios de modo que a educa\u00e7\u00e3o de jovens e de adultos fique prejudicada. Como Igreja cat\u00f3lica e pessoas que acreditam no Senhor Jesus Cristo n\u00e3o podemos ficar alheios diante desta situa\u00e7\u00e3o que exige que n\u00f3s apoiemos a educa\u00e7\u00e3o para termos pessoas que trabalham bem na fam\u00edlia, na comunidade, na sociedade e assim todos glorifiquem o Reino de Deus, o Deus Uno e Trino.<\/p>\n","protected":false},"excerpt":{"rendered":"<p>Dom Vital Corbellini Bispo de Marab\u00e1 (PA) Esta \u00e9 uma pergunta que n\u00f3s dever\u00edamos fazer a todos, seja daqueles que nos governam como tamb\u00e9m daqueles que cuidam do ensino m\u00e9dio brasileiro nas escolas. \u00c9 preocupante a realidade brasileira em rela\u00e7\u00e3o ao ensino m\u00e9dio, segundo os dados \u00faltimos divulgados. O fato \u00e9 que o Brasil \u00e9 &hellip;<\/p>\n<p class=\"read-more\"> <a class=\"\" href=\"https:\/\/www.cnbb.org.br\/200584-2\/\"> <span class=\"screen-reader-text\">Para onde est\u00e1 indo o ensino m\u00e9dio brasileiros nas escolas?<\/span> Leia mais &raquo;<\/a><\/p>\n","protected":false},"author":16,"featured_media":0,"comment_status":"closed","ping_status":"open","sticky":false,"template":"","format":"standard","meta":{"site-sidebar-layout":"default","site-content-layout":"default","ast-global-header-display":"","ast-banner-title-visibility":"","ast-main-header-display":"","ast-hfb-above-header-display":"","ast-hfb-below-header-display":"","ast-hfb-mobile-header-display":"","site-post-title":"","ast-breadcrumbs-content":"","ast-featured-img":"","footer-sml-layout":"","theme-transparent-header-meta":"","adv-header-id-meta":"","stick-header-meta":"","header-above-stick-meta":"","header-main-stick-meta":"","header-below-stick-meta":""},"categories":[758],"tags":[],"acf":[],"_links":{"self":[{"href":"https:\/\/www.cnbb.org.br\/cnbb-app\/wp\/v2\/posts\/31740"}],"collection":[{"href":"https:\/\/www.cnbb.org.br\/cnbb-app\/wp\/v2\/posts"}],"about":[{"href":"https:\/\/www.cnbb.org.br\/cnbb-app\/wp\/v2\/types\/post"}],"author":[{"embeddable":true,"href":"https:\/\/www.cnbb.org.br\/cnbb-app\/wp\/v2\/users\/16"}],"replies":[{"embeddable":true,"href":"https:\/\/www.cnbb.org.br\/cnbb-app\/wp\/v2\/comments?post=31740"}],"version-history":[{"count":0,"href":"https:\/\/www.cnbb.org.br\/cnbb-app\/wp\/v2\/posts\/31740\/revisions"}],"wp:attachment":[{"href":"https:\/\/www.cnbb.org.br\/cnbb-app\/wp\/v2\/media?parent=31740"}],"wp:term":[{"taxonomy":"category","embeddable":true,"href":"https:\/\/www.cnbb.org.br\/cnbb-app\/wp\/v2\/categories?post=31740"},{"taxonomy":"post_tag","embeddable":true,"href":"https:\/\/www.cnbb.org.br\/cnbb-app\/wp\/v2\/tags?post=31740"}],"curies":[{"name":"wp","href":"https:\/\/api.w.org\/{rel}","templated":true}]}}