{"id":31755,"date":"2018-09-13T00:00:00","date_gmt":"2018-09-13T03:00:00","guid":{"rendered":"https:\/\/www.cnbb.org.br\/para-ter-menos-setembros-amarelos-e-vida-em-plenitude\/"},"modified":"2018-09-13T00:00:00","modified_gmt":"2018-09-13T03:00:00","slug":"para-ter-menos-setembros-amarelos-e-vida-em-plenitude","status":"publish","type":"post","link":"https:\/\/www.cnbb.org.br\/para-ter-menos-setembros-amarelos-e-vida-em-plenitude\/","title":{"rendered":"Para ter menos setembros amarelos e vida em plenitude"},"content":{"rendered":"<p style=\"text-align: right\"><strong>Dom Roberto Francisco Ferreria Paz<\/strong><br \/>\n<strong>Bispo de Campos (RJ)<\/strong><\/p>\n<p>&nbsp;<\/p>\n<p style=\"text-align: justify\">No m\u00eas de setembro, a sociedade civil reflete sobre o preocupante e complexo fen\u00f4meno e doen\u00e7a do suic\u00eddio que envolve milhares de jovens e adultos. Na verdade, mostra, \u00e0s claras, a que conduz o relativismo, no qual se perdem os horizontes e, na liquefac\u00e7\u00e3o dos valores e dos princ\u00edpios, nada fica de p\u00e9. A vida das grandes cidades fragmenta e esvazia o ser humano, que somente tem como compensa\u00e7\u00e3o para quem possa pagar o consumismo.<\/p>\n<p style=\"text-align: justify\">Nesta ciranda e frenesi desgovernado, a pr\u00f3pria pessoa \u00e9 consumida e sua vida banalizada. No entanto, sentimos fome de sentido e nostalgia de um amor verdadeiro que ilumine e devolva o brilho da paix\u00e3o de viver aos nossos olhos e cora\u00e7\u00e3o. \u00c9 claro que, muitas vezes, o suic\u00eddio pode ter causas ocasionais, qu\u00edmicas e org\u00e2nicas, que provocam um desgaste ou burnout existencial que nos afunda numa tristeza e ang\u00fastia cada vez mais grave.<\/p>\n<p style=\"text-align: justify\">N\u00e3o bastam, todavia, a medica\u00e7\u00e3o ou os diversos tipos de prozac, embora ajudem e possam aliviar, mas a inquieta\u00e7\u00e3o do cora\u00e7\u00e3o, as cardiopatias espirituais como o cansa\u00e7o de viver, o pessimismo e a amargura, reclamam uma reviravolta de sentido e um choque de esperan\u00e7a. Resgatar a capacidade de sonhar, de ter um Projeto de vida, pessoal e comunit\u00e1rio, descobrir, como dizia muito bem Dom Helder C\u00e2mara, que h\u00e1 mais de mil raz\u00f5es para viver.<\/p>\n<p style=\"text-align: justify\">Temos que suscitar e gerar a cultura da aproxima\u00e7\u00e3o e da aceita\u00e7\u00e3o, da ternura compassiva, da escuta amorosa que cuida das pessoas e lhes devolvem a auto-estima e o sabor pela vida. Benditos os centros de valoriza\u00e7\u00e3o e cuidado da vida, os servi\u00e7os de SOS VIDA, pessoas e institui\u00e7\u00f5es que acolhem e oferecem aconselhamento e discernimento psicol\u00f3gico e espiritual, e todos aqueles que lutam e se empenham por construir a sociedade do bem viver e conviver, um mundo mais saud\u00e1vel, misericordioso e fraterno, s\u00e3o como anjos de resgate e de prote\u00e7\u00e3o que vencem e ajudar\u00e3o a vencer as tend\u00eancias suicidas de tantos irm\u00e3os(\u00e3s) atingidos por este flagelo. Que o Senhor da vida, d\u00ea alegria, esperan\u00e7a e desejos de felicidade plena aos que padecem estas tend\u00eancias autodestrutivas. Deus seja louvado!<\/p>\n<p>&nbsp;<\/p>\n<p>&nbsp;<\/p>\n<p>&nbsp;<\/p>\n<p>&nbsp;<\/p>\n<p>&nbsp;<\/p>\n","protected":false},"excerpt":{"rendered":"<p>Dom Roberto Francisco Ferreria Paz Bispo de Campos (RJ) &nbsp; No m\u00eas de setembro, a sociedade civil reflete sobre o preocupante e complexo fen\u00f4meno e doen\u00e7a do suic\u00eddio que envolve milhares de jovens e adultos. Na verdade, mostra, \u00e0s claras, a que conduz o relativismo, no qual se perdem os horizontes e, na liquefac\u00e7\u00e3o dos &hellip;<\/p>\n<p class=\"read-more\"> <a class=\"\" href=\"https:\/\/www.cnbb.org.br\/para-ter-menos-setembros-amarelos-e-vida-em-plenitude\/\"> <span class=\"screen-reader-text\">Para ter menos setembros amarelos e vida em plenitude<\/span> Leia mais &raquo;<\/a><\/p>\n","protected":false},"author":23,"featured_media":0,"comment_status":"closed","ping_status":"open","sticky":false,"template":"","format":"standard","meta":{"site-sidebar-layout":"default","site-content-layout":"default","ast-global-header-display":"","ast-banner-title-visibility":"","ast-main-header-display":"","ast-hfb-above-header-display":"","ast-hfb-below-header-display":"","ast-hfb-mobile-header-display":"","site-post-title":"","ast-breadcrumbs-content":"","ast-featured-img":"","footer-sml-layout":"","theme-transparent-header-meta":"","adv-header-id-meta":"","stick-header-meta":"","header-above-stick-meta":"","header-main-stick-meta":"","header-below-stick-meta":""},"categories":[758],"tags":[],"acf":[],"_links":{"self":[{"href":"https:\/\/www.cnbb.org.br\/cnbb-app\/wp\/v2\/posts\/31755"}],"collection":[{"href":"https:\/\/www.cnbb.org.br\/cnbb-app\/wp\/v2\/posts"}],"about":[{"href":"https:\/\/www.cnbb.org.br\/cnbb-app\/wp\/v2\/types\/post"}],"author":[{"embeddable":true,"href":"https:\/\/www.cnbb.org.br\/cnbb-app\/wp\/v2\/users\/23"}],"replies":[{"embeddable":true,"href":"https:\/\/www.cnbb.org.br\/cnbb-app\/wp\/v2\/comments?post=31755"}],"version-history":[{"count":0,"href":"https:\/\/www.cnbb.org.br\/cnbb-app\/wp\/v2\/posts\/31755\/revisions"}],"wp:attachment":[{"href":"https:\/\/www.cnbb.org.br\/cnbb-app\/wp\/v2\/media?parent=31755"}],"wp:term":[{"taxonomy":"category","embeddable":true,"href":"https:\/\/www.cnbb.org.br\/cnbb-app\/wp\/v2\/categories?post=31755"},{"taxonomy":"post_tag","embeddable":true,"href":"https:\/\/www.cnbb.org.br\/cnbb-app\/wp\/v2\/tags?post=31755"}],"curies":[{"name":"wp","href":"https:\/\/api.w.org\/{rel}","templated":true}]}}