{"id":31803,"date":"2018-09-19T00:00:00","date_gmt":"2018-09-19T03:00:00","guid":{"rendered":"https:\/\/www.cnbb.org.br\/reuniao-do-conselho-pastoral-traca-rumos-para-a-reflexao-da-campanha-da-fraternidade-de-2020\/"},"modified":"2018-09-19T00:00:00","modified_gmt":"2018-09-19T03:00:00","slug":"reuniao-do-conselho-pastoral-traca-rumos-para-a-reflexao-da-campanha-da-fraternidade-de-2020","status":"publish","type":"post","link":"https:\/\/www.cnbb.org.br\/reuniao-do-conselho-pastoral-traca-rumos-para-a-reflexao-da-campanha-da-fraternidade-de-2020\/","title":{"rendered":"Reuni\u00e3o do Conselho Pastoral tra\u00e7a rumos para a reflex\u00e3o da Campanha da Fraternidade de 2020"},"content":{"rendered":"<p style=\"text-align: justify\">Os membros do Conselho Episcopal Pastoral (Consep) da CNBB est\u00e3o reunidos, em Bras\u00edlia, e entre os pontos da pauta est\u00e1 a tarefa de escolher o hino e definir as diretrizes gerais para a elabora\u00e7\u00e3o do Texto-Base da Campanha da Fraternidade de 2020 que vai tratar &#8220;Fraternidade e vida: dom e compromisso&#8221;. Os bispos trabalham nesta ter\u00e7a e quarta-feira, 18 e 19 de setembro, e tem outros assuntos a serem considerados.<\/p>\n<p><strong>An\u00e1lise de conjuntura<\/strong><\/p>\n<figure id=\"attachment_200834\" aria-describedby=\"caption-attachment-200834\" style=\"width: 300px\" class=\"wp-caption alignleft\"><img decoding=\"async\" loading=\"lazy\" class=\"size-medium wp-image-200834\" src=\"https:\/\/www.cnbb.org.br\/wp-content\/uploads\/2020\/03\/consep-4-300x200.jpg\" alt=\"\" width=\"300\" height=\"200\" \/><figcaption id=\"caption-attachment-200834\" class=\"wp-caption-text\">Pe. Thierry, da equipe de reflex\u00e3o da CNBB<\/figcaption><\/figure>\n<p style=\"text-align: justify\">Como de costume, nas reuni\u00f5es do Conselho, os bispos acolhem uma ampla an\u00e1lise da conjuntura s\u00f3cio-econ\u00f4mica do Brasil e o papel do Pa\u00eds no cen\u00e1rio internacional. P. Thierry-Jean Linard de Guertechin, assessor especial, membro da equipe que normalmente prepara um trabalho minucioso levantando os principais problemas da atualidade no campo da pol\u00edtica na sociedade e apresenta aos membros do Conselho. Nesta ter\u00e7a-feira, a equipe tamb\u00e9m convidou Dr. C\u00e9sar Brito, ex-presidente do Conselho Federal da Ordem dos Advogados do Brasil.<\/p>\n<p style=\"text-align: justify\">Depois da apresenta\u00e7\u00e3o do P. Thierry sobre alguns pontos da Doutrina Social da Igreja face ao desafios das elei\u00e7\u00f5es deste ano e do depoimento do de Dr. Brito, os bispos tiveram oportunidade de apresentar suas considera\u00e7\u00f5es e questionamentos.<\/p>\n<p><strong>Comunicados<\/strong><\/p>\n<figure id=\"attachment_200832\" aria-describedby=\"caption-attachment-200832\" style=\"width: 300px\" class=\"wp-caption alignright\"><img decoding=\"async\" loading=\"lazy\" class=\"wp-image-200832 size-medium\" src=\"https:\/\/www.cnbb.org.br\/wp-content\/uploads\/2020\/03\/consep2-300x200.jpg\" alt=\"\" width=\"300\" height=\"200\" \/><figcaption id=\"caption-attachment-200832\" class=\"wp-caption-text\">Dom Oderli Jos\u00e9 Magri, coordenador do Grupo do MME<\/figcaption><\/figure>\n<p style=\"text-align: justify\">A Comiss\u00e3o para a A\u00e7\u00e3o Mission\u00e1ria e a Coopera\u00e7\u00e3o Inter-eclesial apresentou um amplo plano, que inclui todas as comiss\u00f5es da CNBB, para a prepara\u00e7\u00e3o e anima\u00e7\u00e3o do M\u00eas Mission\u00e1rio Extraordin\u00e1rio (MME), em 2019, definido pelo Papa Francisco. Todas as propostas de atividades foram feitas considerando o movimento normal de trabalho de todas as dimens\u00f5es da a\u00e7\u00e3o evangelizadora no Brasil, evitando &#8220;inventar&#8221; situa\u00e7\u00f5es novas. Desse modo, o MME poder\u00e1 perpassar v\u00e1rias atividades que as comiss\u00f5es j\u00e1 realizam durante todo o ano, antes do m\u00eas de outubro do ano que vem. Dois destaques importantes: o MME deve estar integrado com a fase final de elabora\u00e7\u00e3o do Plano Nacional Mission\u00e1rio e com o S\u00ednodo da Amaz\u00f4nia que, por uma &#8220;feliz coincid\u00eancia&#8221;, como diz o Papa Francisco, se realizar\u00e1 tamb\u00e9m no m\u00eas de outubro de 2019.<\/p>\n<figure id=\"attachment_200833\" aria-describedby=\"caption-attachment-200833\" style=\"width: 300px\" class=\"wp-caption alignleft\"><img decoding=\"async\" loading=\"lazy\" class=\"size-medium wp-image-200833\" src=\"https:\/\/www.cnbb.org.br\/wp-content\/uploads\/2020\/03\/consep3-300x200.jpg\" alt=\"\" width=\"300\" height=\"200\" \/><figcaption id=\"caption-attachment-200833\" class=\"wp-caption-text\">Dom Vilson Basso, presidente da Comiss\u00e3o para Juventude<\/figcaption><\/figure>\n<p style=\"text-align: justify\">A Comiss\u00e3o para a Juventude fez um retrospecto de todo o trabalho realizado desde a convoca\u00e7\u00e3o do S\u00ednodo dos Jovens at\u00e9 o momento quando se aproxima a realiza\u00e7\u00e3o a Assembleia, em Roma. O S\u00ednodo dos Jovens acontece de 3 a 28 do pr\u00f3ximo m\u00eas. Todas as iniciativas tomadas para ouvir os jovens do Vaticano foram estendidas para o trabalho da Comiss\u00e3o no Brasil que procurou conectar esta prepara\u00e7\u00e3o com o ritmo da caminhada da juventude, especialmente com o projeto mission\u00e1rio &#8220;Ide&#8221;, j\u00e1 em execu\u00e7\u00e3o em todo o Brasil.<\/p>\n<p>&nbsp;<\/p>\n<p>&nbsp;<\/p>\n<p><strong>CF 2019 e 2020<\/strong><\/p>\n<figure id=\"attachment_200835\" aria-describedby=\"caption-attachment-200835\" style=\"width: 300px\" class=\"wp-caption alignright\"><img decoding=\"async\" loading=\"lazy\" class=\"size-medium wp-image-200835\" src=\"https:\/\/www.cnbb.org.br\/wp-content\/uploads\/2020\/03\/consep6-300x200.jpg\" alt=\"\" width=\"300\" height=\"200\" \/><figcaption id=\"caption-attachment-200835\" class=\"wp-caption-text\">Dom Leonardo Steiner, Secret\u00e1rio-Geral da CNBB<\/figcaption><\/figure>\n<p style=\"text-align: justify\">A CNBB trabalha com um cronograma bastante r\u00edgido na elabora\u00e7\u00e3o do material da Campanha da Fraternidade (CF) de modo que o episcopado, por meio do Consep, tenha sua orienta\u00e7\u00e3o contemplada no material produzido e para garantir que as comunidades sejam ouvidas em rela\u00e7\u00e3o \u00e0 escolha desse mesmo material. O Conselho tamb\u00e9m acompanha muito de perto cada uma das principais pe\u00e7as da campanha.<\/p>\n<p style=\"text-align: justify\">O processo de escolha do hino para a CF do ano que vem se conclui e conta com o apoio do setor de m\u00fasica lit\u00fargica da Comiss\u00e3o de Liturgia da CNBB. Aos bispos foram submetidas algumas melodias para que em sintonia com a letra j\u00e1 produzida possa se chegar a composi\u00e7\u00e3o final.<\/p>\n<p style=\"text-align: justify\">Al\u00e9m disso, os bispos do Consep, de forma ampla e livre apresentam os temas principais que devem ser tratados naquele texto principal usado para animar a Campanha de 2020. A partir deste encaminhamento do Conselho, especialistas em diversas \u00e1reas, incluindo Teologia e B\u00edblia, prosseguem na elabora\u00e7\u00e3o do texto final que ainda volta para a aprecia\u00e7\u00e3o dos bispos.<\/p>\n<p>Os assessores das comiss\u00f5es de pastoral tem, na \u00faltima parte da reuni\u00e3o do Consep, a oportunidade de encontrarem seus respectivos presidentes.<\/p>\n","protected":false},"excerpt":{"rendered":"<p>Os bispos est\u00e3o em Bras\u00edlia, trabalham nesta ter\u00e7a e quarta-feira, 18 e 19 de setembro, e tem outros assuntos a serem considerados<\/p>\n","protected":false},"author":83,"featured_media":31806,"comment_status":"closed","ping_status":"open","sticky":false,"template":"","format":"standard","meta":{"site-sidebar-layout":"default","site-content-layout":"default","ast-global-header-display":"","ast-banner-title-visibility":"","ast-main-header-display":"","ast-hfb-above-header-display":"","ast-hfb-below-header-display":"","ast-hfb-mobile-header-display":"","site-post-title":"","ast-breadcrumbs-content":"","ast-featured-img":"","footer-sml-layout":"","theme-transparent-header-meta":"","adv-header-id-meta":"","stick-header-meta":"","header-above-stick-meta":"","header-main-stick-meta":"","header-below-stick-meta":""},"categories":[824,744],"tags":[],"acf":[],"_links":{"self":[{"href":"https:\/\/www.cnbb.org.br\/cnbb-app\/wp\/v2\/posts\/31803"}],"collection":[{"href":"https:\/\/www.cnbb.org.br\/cnbb-app\/wp\/v2\/posts"}],"about":[{"href":"https:\/\/www.cnbb.org.br\/cnbb-app\/wp\/v2\/types\/post"}],"author":[{"embeddable":true,"href":"https:\/\/www.cnbb.org.br\/cnbb-app\/wp\/v2\/users\/83"}],"replies":[{"embeddable":true,"href":"https:\/\/www.cnbb.org.br\/cnbb-app\/wp\/v2\/comments?post=31803"}],"version-history":[{"count":0,"href":"https:\/\/www.cnbb.org.br\/cnbb-app\/wp\/v2\/posts\/31803\/revisions"}],"wp:featuredmedia":[{"embeddable":true,"href":"https:\/\/www.cnbb.org.br\/cnbb-app\/wp\/v2\/media\/31806"}],"wp:attachment":[{"href":"https:\/\/www.cnbb.org.br\/cnbb-app\/wp\/v2\/media?parent=31803"}],"wp:term":[{"taxonomy":"category","embeddable":true,"href":"https:\/\/www.cnbb.org.br\/cnbb-app\/wp\/v2\/categories?post=31803"},{"taxonomy":"post_tag","embeddable":true,"href":"https:\/\/www.cnbb.org.br\/cnbb-app\/wp\/v2\/tags?post=31803"}],"curies":[{"name":"wp","href":"https:\/\/api.w.org\/{rel}","templated":true}]}}