{"id":31832,"date":"2018-09-20T00:00:00","date_gmt":"2018-09-20T03:00:00","guid":{"rendered":"https:\/\/www.cnbb.org.br\/bispos-que-representam-a-cnbb-no-debate\/"},"modified":"2018-09-20T00:00:00","modified_gmt":"2018-09-20T03:00:00","slug":"bispos-que-representam-a-cnbb-no-debate","status":"publish","type":"post","link":"https:\/\/www.cnbb.org.br\/bispos-que-representam-a-cnbb-no-debate\/","title":{"rendered":"Bispos que representam a CNBB no debate"},"content":{"rendered":"<p style=\"text-align: justify\">O debate entre os candidatos \u00e0 ocupar a Presid\u00eancia da Rep\u00fablica no Brasil a partir de 1\u00ba de janeiro de\u00a0 2019, promovido pela CNBB, vai contar com a participa\u00e7\u00e3o de jornalistas das emissoras de inspira\u00e7\u00e3o cat\u00f3lica no Pa\u00eds e bispos indicados. A tem\u00e1tica que ser\u00e1 abordada pelos bispos com os candidatos foi levantada na reuni\u00e3o do Consep do m\u00eas de agosto. O debate ser\u00e1 mediado pela jornalista Joyce Ribeiro e transmitido por uma rede de TV e de R\u00e1dio e tamb\u00e9m por meio das redes sociais, na internet.<\/p>\n<p><span style=\"color: #993300\"><strong>Abertura<\/strong><\/span><\/p>\n<p style=\"text-align: justify\"><strong>O cardeal Sergio da Rocha<\/strong>, arcebispo de Bras\u00edlia e presidente da CNBB, vai abrir os trabalhos com uma mensagem que vai dar as raz\u00f5es pelas quais a Confer\u00eancia tomou a iniciativa de promover o debate, as principais preocupa\u00e7\u00f5es da Igreja em rela\u00e7\u00e3o \u00e0 Pol\u00edtica e, naturalmente, o reconhecimento do esfor\u00e7o feito pelos envolvidos na produ\u00e7\u00e3o do programa que ser\u00e1 realizado no Centro de Eventos P. V\u00edtor Coelho de Almeida, situado no p\u00e1tio do Santu\u00e1rio Nacional, em Aparecida (SP).<\/p>\n<p style=\"text-align: justify\">A mediadora dever\u00e1 apresentar as regras do debate para que os candidatos tenham consci\u00eancia de como poder\u00e3o se expressar e, desse modo, tra\u00e7arem suas estrat\u00e9gias. Todos os partidos foram convidados para a prepara\u00e7\u00e3o do debate e todos tiveram conhecimento das normas gerais a serem respeitadas, al\u00e9m do tipo de discuss\u00e3o que ser\u00e1 encaminhada durante o programa.<\/p>\n<p><span style=\"color: #993300\"><strong>Pergunta geral<\/strong><\/span><\/p>\n<p style=\"text-align: justify\">Em nome da Confer\u00eancia, <strong>o<\/strong>\u00a0<strong>cardeal Odilo Scherer<\/strong>,\u00a0arcebispo de S\u00e3o Paulo<strong>,<\/strong> vai apresentar uma quest\u00e3o de fundo que dever\u00e1 ser respondida por todos os candidatos presentes. A inten\u00e7\u00e3o \u00e9 pedag\u00f3gica e quer possibilitar \u00e0s pessoas que acompanham o programa um primeiro contato com cada um dos candidatos e um ponto de partida mais claro para se compreender todas as outras respostas que eles dar\u00e3o no transcorrer do debate.<\/p>\n<p><span style=\"color: #993300\"><strong>Outras perguntas<\/strong><\/span><\/p>\n<p style=\"text-align: justify\">O primeiro bloco inteiro ser\u00e1 tomado pelas respostas a essa \u00fanica pergunta. O tema ter\u00e1 liga\u00e7\u00e3o com quest\u00f5es centrais da pr\u00e1tica pol\u00edtica e, desse modo, cada candidato poder\u00e1 expressar sua vis\u00e3o do que representa o desafio de apresentar ao povo com pretens\u00f5es de concorrer a um cargo p\u00fablico de alta relev\u00e2ncia.<\/p>\n<p style=\"text-align: justify\">Cada candidato vai poder formular questionamentos para o outro candidato. Os jornalistas escalados pelas emissoras de inspira\u00e7\u00e3o cat\u00f3lica de todo o Brasil tamb\u00e9m ter\u00e3o ocasi\u00e3o de apresentar suas perguntas no correr do programa. A equipe que coordenou a produ\u00e7\u00e3o do debate teve todo o cuidado para que cada emissora pudesse enviar seus representantes de maneira que o debate tamb\u00e9m traga os temas que normalmente s\u00e3o tratados pelo trabalho jornal\u00edstico dessas emissoras.<\/p>\n<p><span style=\"color: #993300\"><strong>Bispos<\/strong><\/span><\/p>\n<p style=\"text-align: justify\">Al\u00e9m de dom Scherer, est\u00e3o confirmados para participar do debate os seguintes bispos: <strong>cardeal Orani Tempesta<\/strong>, arcebispo do Rio de Janeiro (RJ), <strong>dom Orlando Brandes,<\/strong> arcebispo de Aparecida (SP), <strong>Dom Darci Jos\u00e9 Nicioli<\/strong>, arcebispo de Diamantina (MG),<strong> dom Pedro Luiz Stringhini<\/strong>, bispo de Mogi das Cruzes (SP), <strong>dom Guilherme Werlang<\/strong>, bispo de Lajes (SC), <strong>dom Jo\u00e3o Bosco Barbosa de Sousa<\/strong>, bispo de Osasco (SP) e\u00a0<strong>dom Francisco Biasin<\/strong>, bispo de Volta do Pira\u00ed e Volta Redonda (RJ).<\/p>\n","protected":false},"excerpt":{"rendered":"<p>Tr\u00eas cardeais, dois arcebispos e quatro bispos diocesanos v\u00e3o representar o episcopado brasileiro<\/p>\n","protected":false},"author":83,"featured_media":31833,"comment_status":"closed","ping_status":"open","sticky":false,"template":"","format":"standard","meta":{"site-sidebar-layout":"default","site-content-layout":"default","ast-global-header-display":"","ast-banner-title-visibility":"","ast-main-header-display":"","ast-hfb-above-header-display":"","ast-hfb-below-header-display":"","ast-hfb-mobile-header-display":"","site-post-title":"","ast-breadcrumbs-content":"","ast-featured-img":"","footer-sml-layout":"","theme-transparent-header-meta":"","adv-header-id-meta":"","stick-header-meta":"","header-above-stick-meta":"","header-main-stick-meta":"","header-below-stick-meta":""},"categories":[841],"tags":[],"acf":[],"_links":{"self":[{"href":"https:\/\/www.cnbb.org.br\/cnbb-app\/wp\/v2\/posts\/31832"}],"collection":[{"href":"https:\/\/www.cnbb.org.br\/cnbb-app\/wp\/v2\/posts"}],"about":[{"href":"https:\/\/www.cnbb.org.br\/cnbb-app\/wp\/v2\/types\/post"}],"author":[{"embeddable":true,"href":"https:\/\/www.cnbb.org.br\/cnbb-app\/wp\/v2\/users\/83"}],"replies":[{"embeddable":true,"href":"https:\/\/www.cnbb.org.br\/cnbb-app\/wp\/v2\/comments?post=31832"}],"version-history":[{"count":0,"href":"https:\/\/www.cnbb.org.br\/cnbb-app\/wp\/v2\/posts\/31832\/revisions"}],"wp:featuredmedia":[{"embeddable":true,"href":"https:\/\/www.cnbb.org.br\/cnbb-app\/wp\/v2\/media\/31833"}],"wp:attachment":[{"href":"https:\/\/www.cnbb.org.br\/cnbb-app\/wp\/v2\/media?parent=31832"}],"wp:term":[{"taxonomy":"category","embeddable":true,"href":"https:\/\/www.cnbb.org.br\/cnbb-app\/wp\/v2\/categories?post=31832"},{"taxonomy":"post_tag","embeddable":true,"href":"https:\/\/www.cnbb.org.br\/cnbb-app\/wp\/v2\/tags?post=31832"}],"curies":[{"name":"wp","href":"https:\/\/api.w.org\/{rel}","templated":true}]}}