{"id":31883,"date":"2018-09-21T00:00:00","date_gmt":"2018-09-21T03:00:00","guid":{"rendered":"https:\/\/www.cnbb.org.br\/qual-sua-disponibilidade-ao-servico\/"},"modified":"2018-09-21T00:00:00","modified_gmt":"2018-09-21T03:00:00","slug":"qual-sua-disponibilidade-ao-servico","status":"publish","type":"post","link":"https:\/\/www.cnbb.org.br\/qual-sua-disponibilidade-ao-servico\/","title":{"rendered":"Qual sua disponibilidade ao servi\u00e7o?"},"content":{"rendered":"<p style=\"text-align: right\"><strong>Dom Manoel Jo\u00e3o Francisco<\/strong><br \/>\n<strong>Bispo de Corn\u00e9lio Proc\u00f3pio<\/strong><\/p>\n<p style=\"text-align: justify\">\n<p style=\"text-align: justify\">A Palavra de Deus \u00e9 de uma profundidade inesgot\u00e1vel. \u00c9 como uma fonte: quanto mais se tira, tanto mais \u00e1gua surge.<\/p>\n<p style=\"text-align: justify\">O Evangelho que ser\u00e1 proclamado nas celebra\u00e7\u00f5es do pr\u00f3ximo domingo \u00e9 extra\u00eddo do evangelho de Marcos. Dentre as muitas propostas para a vida crist\u00e3, chama-me a aten\u00e7\u00e3o o apelo de Jesus \u00e0 disponibilidade ao servi\u00e7o. \u201cSe algu\u00e9m quiser ser o primeiro, que seja o \u00faltimo de todos e aquele que serve a todos\u201d (Mc 9,35).<\/p>\n<p style=\"text-align: justify\">\u00a0Entende-se logo que o crist\u00e3o que n\u00e3o est\u00e1 disposto a servir, n\u00e3o \u00e9 de fato crist\u00e3o. A mesma coisa que dizia Santo Agostinho a respeito do bispo, se pode dizer a respeito de qualquer crist\u00e3o. \u201cSer crist\u00e3o \u00e9 nome designativo de servi\u00e7o, n\u00e3o de honras ou de dignidade\u201d. De que aproveita um maltrapilho, morador de rua, chamar-se Felix (Feliz). Se acolhes em tua casa um mendigo cheio de mis\u00e9rias, chamado Felix, e dizes a ele: \u201cFelix vem para c\u00e1, Felix vai para l\u00e1, Felix levanta-te, Felix senta-te, ele, apesar da m\u00faltipla repeti\u00e7\u00e3o de seu nome, continuar\u00e1 sendo um infeliz. Semelhante a este homem \u00e9 o que se intitula crist\u00e3o, mas n\u00e3o o \u00e9, porque n\u00e3o tem no seu cora \u00e7\u00e3o a disposi\u00e7\u00e3o de servir.<\/p>\n<p style=\"text-align: justify\">No dia 23 de setembro de 1979, comentando esta passagem do Evangelho que vai ser proclamado no pr\u00f3ximo domingo, o Arcebispo de El Salvador, Dom Oscar Romero que, no pr\u00f3ximo m\u00eas de outubro, ser\u00e1 declarado oficialmente santo pelo Papa Francisco, fez a seguinte reflex\u00e3o:<\/p>\n<p style=\"text-align: justify\">\u201cN\u00f3s nos esquecemos do verdadeiro esp\u00edrito crist\u00e3o e estamos pensando que \u00e9 maior quem pode mais, quem tem mais dinheiro, quem manda mais na pol\u00edtica. Estas grandezas da terra, para Cristo n\u00e3o tem nenhum valor. Se, por acaso, algu\u00e9m ocupar um posto mais alto na pol\u00edtica, na sociedade, ou nas institui\u00e7\u00f5es financeiras, n\u00e3o deve fazer consistir sua grandeza nessas coisas materiais que nos escapam das m\u00e3os quando menos esperamos.<\/p>\n<p style=\"text-align: justify\">A verdadeira grandeza \u2013 diz Cristo \u2013 o que quiser ser grande entre voc\u00eas, o que quiser ser o primeiro, fa\u00e7a-se o \u00faltimo e seja servidor de todos. Se um homem, por necessidade da sociedade for eleito Ministro, Presidente da Rep\u00fablica, Arcebispo, \u00e9 um servidor do povo de Deus. N\u00e3o poder\u00e1 esquecer! A atitude que deve tomar nesses cargos n\u00e3o \u00e9 dizer: \u201cEu mando, e aqui se faz o que eu quero\u201d. Quem possui um cargo, nada mais \u00e9 do que homem Ministro de Deus, depende das m\u00e3os do Senhor para servir o povo, segundo a vontade de Deus e n\u00e3o de seus caprichos. (&#8230;).<\/p>\n<p style=\"text-align: justify\">Quando Cristo organizou a sua Igreja, ensinou a seus ap\u00f3stolos a verdadeira caracter\u00edstica da Igreja. Outro nome dado \u00e0 Igreja \u00e9: diaconia. \u00c9 uma palavra grega que significa \u201cservi\u00e7o\u201d. A palavra nasceu quando os ap\u00f3stolos j\u00e1 n\u00e3o eram suficientes para atender os crist\u00e3os que iam crescendo em n\u00famero. Ent\u00e3o chamaram sete homens cheios do Esp\u00edrito de Deus e os denominaram di\u00e1conos. Di\u00e1conos quer dizer servidores. Ent\u00e3o tamb\u00e9m foi dado \u00e0 Igreja o nome de diaconia, servi\u00e7o. A Igreja \u00e9 servi\u00e7o\u201d.<\/p>\n<p style=\"text-align: justify\">Este ensinamento de Cristo sempre encontrou resist\u00eancia. No Evangelho, Marcos tenta uma justificativa dizendo que \u201cos disc\u00edpulos n\u00e3o compreendiam essas palavras\u201d. Gustavo Gutierrez, no entanto, acha que n\u00e3o se trata de incompreens\u00e3o, mas de ambi\u00e7\u00e3o do prest\u00edgio e do poder. Para Gutierrez, \u201ca busca de honras, o desejo de ser o centro de decis\u00f5es, a autocomplac\u00eancia na autoridade de que se est\u00e1 investido, s\u00e3o tenta\u00e7\u00f5es existentes no pr\u00f3prio interior da Igreja. Trata-se de uma profunda pervers\u00e3o da mensagem do Senhor que nos lembra mais uma vez, que a marca de seus seguidores \u00e9 ser \u201co \u00faltimo, e aquele que serve a todos\u201d.<\/p>\n<p style=\"text-align: justify\">Este fen\u00f4meno chama-se clericalismo com conseq\u00fc\u00eancias nefastas para a Igreja nos \u00faltimos tempos, tais como o abuso sexual com menores e o abuso de poder e de consci\u00eancia.<\/p>\n<p style=\"text-align: justify\">O clericalismo, na opini\u00e3o do Papa Francisco, n\u00e3o \u00e9 s\u00f3 dos cl\u00e9rigos, \u00e9 um comportamento que diz respeito a todos os crist\u00e3os que n\u00e3o se disp\u00f5em a servir. A Igreja que n\u00e3o se coloca em disposi\u00e7\u00e3o de servi\u00e7o \u00e9 somente uma fuma\u00e7a. O clericalismo deforma o rosto da Igreja.\u00a0\u00a0Coloca bispos e padres como patr\u00f5es e leigos e leigas como servos e empregados.<\/p>\n<p style=\"text-align: justify\">\u201cA falta de consci\u00eancia de pertencer ao Povo de Deus como servidores pode levar-nos a uma das tenta\u00e7\u00f5es que mais danifica o dinamismo mission\u00e1rio, que somos chamados a promover\u201d<\/p>\n","protected":false},"excerpt":{"rendered":"<p>Dom Manoel Jo\u00e3o Francisco Bispo de Corn\u00e9lio Proc\u00f3pio A Palavra de Deus \u00e9 de uma profundidade inesgot\u00e1vel. \u00c9 como uma fonte: quanto mais se tira, tanto mais \u00e1gua surge. O Evangelho que ser\u00e1 proclamado nas celebra\u00e7\u00f5es do pr\u00f3ximo domingo \u00e9 extra\u00eddo do evangelho de Marcos. Dentre as muitas propostas para a vida crist\u00e3, chama-me a &hellip;<\/p>\n<p class=\"read-more\"> <a class=\"\" href=\"https:\/\/www.cnbb.org.br\/qual-sua-disponibilidade-ao-servico\/\"> <span class=\"screen-reader-text\">Qual sua disponibilidade ao servi\u00e7o?<\/span> Leia mais &raquo;<\/a><\/p>\n","protected":false},"author":55,"featured_media":0,"comment_status":"closed","ping_status":"open","sticky":false,"template":"","format":"standard","meta":{"site-sidebar-layout":"default","site-content-layout":"default","ast-global-header-display":"","ast-banner-title-visibility":"","ast-main-header-display":"","ast-hfb-above-header-display":"","ast-hfb-below-header-display":"","ast-hfb-mobile-header-display":"","site-post-title":"","ast-breadcrumbs-content":"","ast-featured-img":"","footer-sml-layout":"","theme-transparent-header-meta":"","adv-header-id-meta":"","stick-header-meta":"","header-above-stick-meta":"","header-main-stick-meta":"","header-below-stick-meta":""},"categories":[758],"tags":[],"acf":[],"_links":{"self":[{"href":"https:\/\/www.cnbb.org.br\/cnbb-app\/wp\/v2\/posts\/31883"}],"collection":[{"href":"https:\/\/www.cnbb.org.br\/cnbb-app\/wp\/v2\/posts"}],"about":[{"href":"https:\/\/www.cnbb.org.br\/cnbb-app\/wp\/v2\/types\/post"}],"author":[{"embeddable":true,"href":"https:\/\/www.cnbb.org.br\/cnbb-app\/wp\/v2\/users\/55"}],"replies":[{"embeddable":true,"href":"https:\/\/www.cnbb.org.br\/cnbb-app\/wp\/v2\/comments?post=31883"}],"version-history":[{"count":0,"href":"https:\/\/www.cnbb.org.br\/cnbb-app\/wp\/v2\/posts\/31883\/revisions"}],"wp:attachment":[{"href":"https:\/\/www.cnbb.org.br\/cnbb-app\/wp\/v2\/media?parent=31883"}],"wp:term":[{"taxonomy":"category","embeddable":true,"href":"https:\/\/www.cnbb.org.br\/cnbb-app\/wp\/v2\/categories?post=31883"},{"taxonomy":"post_tag","embeddable":true,"href":"https:\/\/www.cnbb.org.br\/cnbb-app\/wp\/v2\/tags?post=31883"}],"curies":[{"name":"wp","href":"https:\/\/api.w.org\/{rel}","templated":true}]}}