{"id":31891,"date":"2018-09-24T00:00:00","date_gmt":"2018-09-24T03:00:00","guid":{"rendered":"https:\/\/www.cnbb.org.br\/papa-na-letonia-liberdade-conquistada-gracas-as-raizes-cristas\/"},"modified":"2018-09-24T00:00:00","modified_gmt":"2018-09-24T03:00:00","slug":"papa-na-letonia-liberdade-conquistada-gracas-as-raizes-cristas","status":"publish","type":"post","link":"https:\/\/www.cnbb.org.br\/papa-na-letonia-liberdade-conquistada-gracas-as-raizes-cristas\/","title":{"rendered":"Papa Francisco na Let\u00f4nia: liberdade conquistada gra\u00e7as \u00e0s ra\u00edzes crist\u00e3s"},"content":{"rendered":"<div class=\"article__subTitle\" style=\"text-align: justify\">O Papa Francisco chegou na manh\u00e3 desta segunda-feira \u00e0 Let\u00f4nia, segunda etapa desta sua viagem aos Pa\u00edses B\u00e1lticos. Ap\u00f3s a cerim\u00f4nia oficial de boas-vindas no Aeroporto Internacional de Riga, o Pont\u00edfice seguiu para o Pal\u00e1cio Presidencial<\/div>\n<div><\/div>\n<div class=\"title__separator\" style=\"text-align: justify\"><b>Cidade do Vaticano<\/b><\/div>\n<div class=\"article__text\">\n<p style=\"text-align: justify\">No terceiro de seus quatro dias nos Pa\u00edses B\u00e1lticos, depois de 263km percorridos em 1 hora a bordo do voo CS300 da Air Baltic, o Papa Francisco, chegou na manh\u00e3 desta segunda-feira ao Aeroporto Internacional de Riga, onde foi recebido pelo presidente da Rep\u00fablica da Let\u00f4nia Raimonds Vejonis e por duas crian\u00e7as em vestes tradicionais, que lhe ofereceram flores.\u00a0Dos\u00a0\u00a01 milh\u00e3o e 980 mil habitantes do pa\u00eds, 413 mil se declaram cat\u00f3licos.<\/p>\n<p style=\"text-align: justify\">Ap\u00f3s passar em revista a Guarda de Honra, o Papa dirigiu-se \u00e0 Sala Vip do Aeroporto, onde foi homenageado por jovens com m\u00fasica tradicional. Em seguida, seguiu para o Pal\u00e1cio Presidencial para a cerim\u00f4nia de boas-vindas.<\/p>\n<p style=\"text-align: justify\">Honras \u00e0s bandeiras, Guarda de Honra, a apresenta\u00e7\u00e3o das delega\u00e7\u00f5es: ap\u00f3s a cerim\u00f4nia oficial de boas-vindas o Pont\u00edfice, acompanhado pelo presidente, transferiu-se ao Sal\u00e3o Branco para a foto oficial, a assinatura do Livro de Honra e a troca de dons. Na sequ\u00eancia, j\u00e1 no Sal\u00e3o dos Embaixadores, o encontro privado entre o presidente da Rep\u00fablica e o Papa Francisco, que concluiu-se com a apresenta\u00e7\u00e3o dos familiares do mandat\u00e1rio ao Santo Padre.<\/p>\n<p style=\"text-align: justify\">Por fim, em uma sal\u00e3o onde est\u00e3o presentes 500 pessoas, o Pont\u00edfice proferiu o seu discurso:<\/p>\n<p style=\"text-align: justify\">\u201c\u00c9 motivo de alegria poder-me encontrar pela primeira vez na Let\u00f4nia e nesta cidade que, como todo o seu pa\u00eds, sofreu duras prova\u00e7\u00f5es sociais, pol\u00edticas, econ\u00f4micas e mesmo espirituais, devidas \u00e0s divis\u00f5es e conflitos do passado; hoje, por\u00e9m, tornou-se um dos principais centros culturais, pol\u00edticos e portu\u00e1rios da regi\u00e3o\u201d, disse o Francisco.<\/p>\n<p style=\"text-align: justify\"><b>Let\u00f4nia, lugar de di\u00e1logo e encontro<\/b><\/p>\n<p style=\"text-align: justify\">\u201cCreio que bem se podem aplicar-lhes as palavras do Salmista: \u00abTu converteste o meu pranto em festa\u00bb. A Let\u00f4nia, terra dos\u00a0<i>dainas<\/i>, soube mudar o seu pranto e o seu sofrimento em canto e festa e esfor\u00e7ou-se por se transformar num lugar de di\u00e1logo e encontro, de conviv\u00eancia pac\u00edfica que procura olhar para diante\u201d, frisou ainda o Papa.<\/p>\n<p style=\"text-align: justify\">O Pont\u00edfice recordou o centen\u00e1rio de independ\u00eancia da Let\u00f4nia, \u201cmomento significativo na vida da sociedade inteira. Voc\u00eas conhecem bem o pre\u00e7o desta liberdade, que tiveram de conquistar uma e outra vez. Uma liberdade que se tornou poss\u00edvel gra\u00e7as \u00e0s suas ra\u00edzes, como gostava de lembrar\u00a0<b>Zenta Maurina\u00a0<\/b>que serviu de inspira\u00e7\u00e3o a muitos de voc\u00eas: \u00abAs minhas ra\u00edzes est\u00e3o no c\u00e9u\u00bb.\u201d<\/p>\n<div style=\"text-align: justify\">\n<div class=\"article__embed article__embed--border embed_style\">\n<blockquote><p><em>\u201c Sem esta capacidade de olhar para o alto, de fazer apelo a horizontes mais altos, que nos lembram aquela \u00abdignidade transcendente\u00bb que \u00e9 parte integrante de todo o ser humano, n\u00e3o teria sido poss\u00edvel a reconstru\u00e7\u00e3o de sua na\u00e7\u00e3o. \u201d<\/em><\/p><\/blockquote>\n<\/div>\n<\/div>\n<p style=\"text-align: justify\"><b>&#8220;Esta capacidade espiritual de olhar mais al\u00e9m, que se concretiza em pequenos gestos di\u00e1rios de solidariedade,<\/b>\u00a0compaix\u00e3o e ajuda m\u00fatua, os sustentou, conferindo a voc\u00eas, por sua vez, a criatividade necess\u00e1ria para dar vida a novas din\u00e2micas sociais contra todas as tentativas reducionistas e de exclus\u00e3o que sempre amea\u00e7am o tecido social.\u201d<\/p>\n<p style=\"text-align: justify\"><b>Comunh\u00e3o nas diferen\u00e7as<\/b><\/p>\n<p style=\"text-align: justify\">O Papa frisou que se alegra em saber que no cora\u00e7\u00e3o das ra\u00edzes que constituem a Let\u00f4nia, \u201cencontra-se a Igreja Cat\u00f3lica numa obra de plena colabora\u00e7\u00e3o com as outras Igrejas crist\u00e3s, sinal de que \u00e9 poss\u00edvel desenvolver uma\u00a0<b>comunh\u00e3o nas diferen\u00e7as<\/b>; isto verifica-se quando as pessoas t\u00eam a coragem de ultrapassar a superf\u00edcie conflituosa e se contemplam na sua dignidade mais profunda&#8221;.<\/p>\n<p style=\"text-align: justify\"><em>&#8220;Assim, podemos afirmar que todas as vezes que aprendemos, como pessoas e comunidades, a olhar para mais alto do que n\u00f3s mesmos e os nossos interesses particulares, a compreens\u00e3o e o compromisso rec\u00edprocos transformam-se em solidariedade; e esta, entendida no seu significado mais profundo e desafiador, torna-se um modo de construir a hist\u00f3ria, numa \u00e1rea onde os conflitos, as tens\u00f5es e mesmo aqueles a quem seria poss\u00edvel considerar como contrapostos no passado, podem alcan\u00e7ar uma unidade multiforme que gera nova vida.\u201d<\/em><\/p>\n<p style=\"text-align: justify\">O Evangelho que alimentou a vida do povo let\u00e3o possa \u201ccontinuar abrindo estradas para enfrentar os desafios atuais, valorizando as diferen\u00e7as e sobretudo promovendo a comum-uni\u00e3o entre todos\u201d, desejou Francisco.<\/p>\n<p style=\"text-align: justify\"><b>Continuar apostando na liberdade<\/b><\/p>\n<p style=\"text-align: justify\">Segundo o Papa, a celebra\u00e7\u00e3o do centen\u00e1rio da Let\u00f4nia \u201cnos lembra a import\u00e2ncia de continuar apostando na liberdade e na independ\u00eancia\u201d do pa\u00eds, \u201cque s\u00e3o certamente um dom mas tamb\u00e9m uma tarefa que cabe a todos&#8221;.<\/p>\n<div style=\"text-align: justify\">\n<div class=\"article__embed article__embed--border embed_style\">\n<blockquote><p><em>\u201c Trabalhar pela liberdade significa comprometer-se num desenvolvimento integral e integrante das pessoas e da comunidade. \u201d<\/em><\/p><\/blockquote>\n<\/div>\n<\/div>\n<p style=\"text-align: justify\">\u201cSe hoje podemos celebr\u00e1-lo \u00e9 gra\u00e7as a muitos que abriram estradas, portas, futuro e lhes deixaram em heran\u00e7a a mesma responsabilidade: abrir futuro tendo em vista que tudo esteja ao servi\u00e7o da vida, gere vida. Neste sentido, no final deste encontro, iremos ao Monumento da Liberdade, onde estar\u00e3o presentes crian\u00e7as, jovens e fam\u00edlias.\u201d<\/p>\n<p style=\"text-align: justify\"><b>Constru\u00e7\u00e3o do futuro<\/b><\/p>\n<p style=\"text-align: justify\">\u201cEles lembram-nos que a\u00a0<b>\u00abmaternidade\u00bb da Let\u00f4nia\u00a0<\/b>\u2013 analogia sugerida pelo lema desta viagem \u2013 encontra eco na capacidade de promover estrat\u00e9gias que sejam verdadeiramente eficazes e focalizadas mais nos rostos concretos destas fam\u00edlias, destes idosos, crian\u00e7as e jovens, do que no primado da economia sobre a vida.\u201d<\/p>\n<p style=\"text-align: justify\">Segundo o Papa, \u201ca \u00abmaternidade\u00bb da Let\u00f4nia manifesta-se tamb\u00e9m na capacidade de criar oportunidades de trabalho, para que ningu\u00e9m precise de desenraizar-se para construir o seu futuro. O \u00edndice de desenvolvimento humano mede-se tamb\u00e9m pela capacidade de crescer e multiplicar-se.\u201d<\/p>\n<div style=\"text-align: justify\">\n<div class=\"article__embed article__embed--border embed_style\">\n<blockquote><p><em>\u201c O desenvolvimento das comunidades n\u00e3o se realiza nem se mede apenas pela capacidade de bens e recursos que se possui, mas pelo desejo que se tem de gerar vida e criar futuro. \u201d<\/em><\/p><\/blockquote>\n<\/div>\n<\/div>\n<p style=\"text-align: justify\">Isto s\u00f3 \u00e9 poss\u00edvel na medida em que houver ra\u00edzes no passado, criatividade no presente, confian\u00e7a e esperan\u00e7a no amanh\u00e3. E mede-se pela capacidade de se gastar e apostar, como nos souberam testemunhar as gera\u00e7\u00f5es passadas\u201d, concluiu Francisco.<\/p>\n<p style=\"text-align: justify\"><em>(Texto e foto: Vatican News)<\/em><\/p>\n<\/div>\n","protected":false},"excerpt":{"rendered":"<p>O Papa Francisco chegou na manh\u00e3 desta segunda-feira \u00e0 Let\u00f4nia, segunda etapa desta sua viagem aos Pa\u00edses B\u00e1lticos que teve in\u00edcio no s\u00e1bado<\/p>\n","protected":false},"author":83,"featured_media":31892,"comment_status":"closed","ping_status":"open","sticky":false,"template":"","format":"standard","meta":{"site-sidebar-layout":"default","site-content-layout":"default","ast-global-header-display":"","ast-banner-title-visibility":"","ast-main-header-display":"","ast-hfb-above-header-display":"","ast-hfb-below-header-display":"","ast-hfb-mobile-header-display":"","site-post-title":"","ast-breadcrumbs-content":"","ast-featured-img":"","footer-sml-layout":"","theme-transparent-header-meta":"","adv-header-id-meta":"","stick-header-meta":"","header-above-stick-meta":"","header-main-stick-meta":"","header-below-stick-meta":""},"categories":[784],"tags":[],"acf":[],"_links":{"self":[{"href":"https:\/\/www.cnbb.org.br\/cnbb-app\/wp\/v2\/posts\/31891"}],"collection":[{"href":"https:\/\/www.cnbb.org.br\/cnbb-app\/wp\/v2\/posts"}],"about":[{"href":"https:\/\/www.cnbb.org.br\/cnbb-app\/wp\/v2\/types\/post"}],"author":[{"embeddable":true,"href":"https:\/\/www.cnbb.org.br\/cnbb-app\/wp\/v2\/users\/83"}],"replies":[{"embeddable":true,"href":"https:\/\/www.cnbb.org.br\/cnbb-app\/wp\/v2\/comments?post=31891"}],"version-history":[{"count":0,"href":"https:\/\/www.cnbb.org.br\/cnbb-app\/wp\/v2\/posts\/31891\/revisions"}],"wp:featuredmedia":[{"embeddable":true,"href":"https:\/\/www.cnbb.org.br\/cnbb-app\/wp\/v2\/media\/31892"}],"wp:attachment":[{"href":"https:\/\/www.cnbb.org.br\/cnbb-app\/wp\/v2\/media?parent=31891"}],"wp:term":[{"taxonomy":"category","embeddable":true,"href":"https:\/\/www.cnbb.org.br\/cnbb-app\/wp\/v2\/categories?post=31891"},{"taxonomy":"post_tag","embeddable":true,"href":"https:\/\/www.cnbb.org.br\/cnbb-app\/wp\/v2\/tags?post=31891"}],"curies":[{"name":"wp","href":"https:\/\/api.w.org\/{rel}","templated":true}]}}