{"id":31931,"date":"2018-09-26T00:00:00","date_gmt":"2018-09-26T03:00:00","guid":{"rendered":"https:\/\/www.cnbb.org.br\/pastoral-da-crianca-comemora-30-anos-na-diocese-de-duque-de-caxias-rj\/"},"modified":"2018-09-26T00:00:00","modified_gmt":"2018-09-26T03:00:00","slug":"pastoral-da-crianca-comemora-30-anos-na-diocese-de-duque-de-caxias-rj","status":"publish","type":"post","link":"https:\/\/www.cnbb.org.br\/pastoral-da-crianca-comemora-30-anos-na-diocese-de-duque-de-caxias-rj\/","title":{"rendered":"Pastoral da Crian\u00e7a comemora 30 anos na Diocese de Duque de Caxias"},"content":{"rendered":"<p style=\"text-align: justify\">A Pastoral da Crian\u00e7a da Diocese de Duque de Caxias, que faz parte do Regional Leste 1 da CNBB, celebrou seus 30 anos de exist\u00eancia. A celebra\u00e7\u00e3o, no dia 25 de setembro, contou com a presen\u00e7a da Irm\u00e3 Veneranda Alencar, coordenadora nacional da Pastoral da Crian\u00e7a, que participou de um Encontr\u00e3o de L\u00edderes da pastoral.<\/p>\n<p style=\"text-align: justify\">A mat\u00e9ria completa est\u00e1 no site do <a href=\"http:\/\/cnbbleste1.org.br\/2018\/09\/pastoral-da-crianca-comemora-30-anos-em-duque-de-caxias-com-grande-festa\/\" target=\"_blank\" rel=\"noopener\"><strong>Regional Leste 1 da CNBB<\/strong><\/a><\/p>\n","protected":false},"excerpt":{"rendered":"<p>A celebra\u00e7\u00e3o ocorreu no \u00faltimo dia 25 de setembro, na Casa de Retiro S\u00e3o Francisco de Assis com a presen\u00e7a da coordenadora nacional da Pastoral da Crian\u00e7a<\/p>\n","protected":false},"author":83,"featured_media":31932,"comment_status":"closed","ping_status":"open","sticky":false,"template":"","format":"standard","meta":{"site-sidebar-layout":"default","site-content-layout":"default","ast-global-header-display":"","ast-banner-title-visibility":"","ast-main-header-display":"","ast-hfb-above-header-display":"","ast-hfb-below-header-display":"","ast-hfb-mobile-header-display":"","site-post-title":"","ast-breadcrumbs-content":"","ast-featured-img":"","footer-sml-layout":"","theme-transparent-header-meta":"","adv-header-id-meta":"","stick-header-meta":"","header-above-stick-meta":"","header-main-stick-meta":"","header-below-stick-meta":""},"categories":[787,769],"tags":[],"acf":[],"_links":{"self":[{"href":"https:\/\/www.cnbb.org.br\/cnbb-app\/wp\/v2\/posts\/31931"}],"collection":[{"href":"https:\/\/www.cnbb.org.br\/cnbb-app\/wp\/v2\/posts"}],"about":[{"href":"https:\/\/www.cnbb.org.br\/cnbb-app\/wp\/v2\/types\/post"}],"author":[{"embeddable":true,"href":"https:\/\/www.cnbb.org.br\/cnbb-app\/wp\/v2\/users\/83"}],"replies":[{"embeddable":true,"href":"https:\/\/www.cnbb.org.br\/cnbb-app\/wp\/v2\/comments?post=31931"}],"version-history":[{"count":0,"href":"https:\/\/www.cnbb.org.br\/cnbb-app\/wp\/v2\/posts\/31931\/revisions"}],"wp:featuredmedia":[{"embeddable":true,"href":"https:\/\/www.cnbb.org.br\/cnbb-app\/wp\/v2\/media\/31932"}],"wp:attachment":[{"href":"https:\/\/www.cnbb.org.br\/cnbb-app\/wp\/v2\/media?parent=31931"}],"wp:term":[{"taxonomy":"category","embeddable":true,"href":"https:\/\/www.cnbb.org.br\/cnbb-app\/wp\/v2\/categories?post=31931"},{"taxonomy":"post_tag","embeddable":true,"href":"https:\/\/www.cnbb.org.br\/cnbb-app\/wp\/v2\/tags?post=31931"}],"curies":[{"name":"wp","href":"https:\/\/api.w.org\/{rel}","templated":true}]}}