{"id":31947,"date":"2018-09-26T00:00:00","date_gmt":"2018-09-26T03:00:00","guid":{"rendered":"https:\/\/www.cnbb.org.br\/regional-oeste-2-realiza-primeiro-encontro-sobre-musica-liturgica-em-cuiaba\/"},"modified":"2018-09-26T00:00:00","modified_gmt":"2018-09-26T03:00:00","slug":"regional-oeste-2-realiza-primeiro-encontro-sobre-musica-liturgica-em-cuiaba","status":"publish","type":"post","link":"https:\/\/www.cnbb.org.br\/regional-oeste-2-realiza-primeiro-encontro-sobre-musica-liturgica-em-cuiaba\/","title":{"rendered":"Regional Oeste 2 realiza primeiro encontro sobre M\u00fasica Lit\u00fargica, em Cuiab\u00e1"},"content":{"rendered":"<p style=\"text-align: justify\">O canto lit\u00fargico e a m\u00fasica religiosa foram os focos do Encontro Regional de Liturgia promovido pelo regional Oeste 2 da Confer\u00eancia Nacional dos Bispos do Brasil (CNBB), nos dias 22 e 23 de setembro, no Centro Nova Evangeliza\u00e7\u00e3o (Cene), em Cuiab\u00e1 (MT). Participaram 56 pessoas das oito dioceses do regional.<\/p>\n<p style=\"text-align: justify\">Conduzido pelo assessor do Setor M\u00fasica Lit\u00fargica da Comiss\u00e3o Episcopal Pastoral para a Liturgia da CNBB, irm\u00e3o Fernando Benedito Vieira, o encontro de forma\u00e7\u00e3o destacou as diferen\u00e7as entre canto lit\u00fargico e m\u00fasica religiosa, al\u00e9m dos cuidados que os m\u00fasicos devem ter nas celebra\u00e7\u00f5es. Irm\u00e3o Fernando fez um breve hist\u00f3rico da m\u00fasica na hist\u00f3ria da Igreja, enfatizando a diferen\u00e7a entre \u201ccantar na liturgia\u201d e \u201ccantar a liturgia\u201d. Esclareceu ainda sobre a m\u00fasica religiosa, m\u00fasica gospel, pentecostal e ritual, expressando a finalidade, o conte\u00fado e a import\u00e2ncia da participa\u00e7\u00e3o da assembleia no canto lit\u00fargico.<\/p>\n<p style=\"text-align: justify\"><a href=\"https:\/\/www.cnbbo2.org.br\/regional-oeste-2-realiza-o-primeiro-encontro-sobre-musica-liturgica\/\" target=\"_blank\" rel=\"noopener\">Leia a not\u00edcia completa.\u00a0<\/a><\/p>\n","protected":false},"excerpt":{"rendered":"<p>Forma\u00e7\u00e3o foi conduzida pelo assessor do Setor M\u00fasica Lit\u00fargica da Comiss\u00e3o Episcopal Pastoral para a Liturgia da CNBB, irm\u00e3o Fernando Benedito Vieira<\/p>\n","protected":false},"author":83,"featured_media":0,"comment_status":"closed","ping_status":"open","sticky":false,"template":"","format":"standard","meta":{"site-sidebar-layout":"default","site-content-layout":"default","ast-global-header-display":"","ast-banner-title-visibility":"","ast-main-header-display":"","ast-hfb-above-header-display":"","ast-hfb-below-header-display":"","ast-hfb-mobile-header-display":"","site-post-title":"","ast-breadcrumbs-content":"","ast-featured-img":"","footer-sml-layout":"","theme-transparent-header-meta":"","adv-header-id-meta":"","stick-header-meta":"","header-above-stick-meta":"","header-main-stick-meta":"","header-below-stick-meta":""},"categories":[771,769],"tags":[],"acf":[],"_links":{"self":[{"href":"https:\/\/www.cnbb.org.br\/cnbb-app\/wp\/v2\/posts\/31947"}],"collection":[{"href":"https:\/\/www.cnbb.org.br\/cnbb-app\/wp\/v2\/posts"}],"about":[{"href":"https:\/\/www.cnbb.org.br\/cnbb-app\/wp\/v2\/types\/post"}],"author":[{"embeddable":true,"href":"https:\/\/www.cnbb.org.br\/cnbb-app\/wp\/v2\/users\/83"}],"replies":[{"embeddable":true,"href":"https:\/\/www.cnbb.org.br\/cnbb-app\/wp\/v2\/comments?post=31947"}],"version-history":[{"count":0,"href":"https:\/\/www.cnbb.org.br\/cnbb-app\/wp\/v2\/posts\/31947\/revisions"}],"wp:attachment":[{"href":"https:\/\/www.cnbb.org.br\/cnbb-app\/wp\/v2\/media?parent=31947"}],"wp:term":[{"taxonomy":"category","embeddable":true,"href":"https:\/\/www.cnbb.org.br\/cnbb-app\/wp\/v2\/categories?post=31947"},{"taxonomy":"post_tag","embeddable":true,"href":"https:\/\/www.cnbb.org.br\/cnbb-app\/wp\/v2\/tags?post=31947"}],"curies":[{"name":"wp","href":"https:\/\/api.w.org\/{rel}","templated":true}]}}