{"id":31949,"date":"2018-09-26T00:00:00","date_gmt":"2018-09-26T03:00:00","guid":{"rendered":"https:\/\/www.cnbb.org.br\/escutar-a-palavra-de-deus\/"},"modified":"2018-09-26T00:00:00","modified_gmt":"2018-09-26T03:00:00","slug":"escutar-a-palavra-de-deus","status":"publish","type":"post","link":"https:\/\/www.cnbb.org.br\/escutar-a-palavra-de-deus\/","title":{"rendered":"Escutar a Palavra de Deus!"},"content":{"rendered":"<p style=\"text-align: right\"><strong>Dom Jos\u00e9 Gislon<\/strong><br \/>\n<strong>Bispo de Erexim<\/strong><\/p>\n<p>&nbsp;<\/p>\n<p style=\"text-align: justify\">Estimados Diocesanos! Neste \u00faltimo domingo do m\u00eas de setembro, a Igreja Cat\u00f3lica no Brasil celebra o Dia Nacional da B\u00edblia. \u00c9 bonito poder celebrar a presen\u00e7a da Palavra de Deus, que orienta a nossa vida de f\u00e9 e a vida da comunidade orante, que sabe colocar-se na escuta do Senhor atrav\u00e9s da sua palavra.<\/p>\n<p style=\"text-align: justify\">Com o avan\u00e7o das novas tecnologias e a populariza\u00e7\u00e3o dos Meios de Comunica\u00e7\u00e3o Social, ficou mais f\u00e1cil e acess\u00edvel poder ter o texto da Sagrada Escritura e tamb\u00e9m ouvi-la, mesmo nos lugares mais distantes e isolados do nosso pa\u00eds.<\/p>\n<p style=\"text-align: justify\">Mas ouvir por ouvir a Palavra de Deus muda pouca coisa na nossa vida de crist\u00e3os. Quando, por\u00e9m, tivermos a coragem de perguntar: O que ela diz para a minha vida? O que o Senhor Jesus quer de mim? \u2013 Estaremos abrindo o cora\u00e7\u00e3o para colocar-nos na escuta de Deus, em grande oportunidade que ele nos oferece para come\u00e7amos a percorrer um caminho de disc\u00edpulos que querem estar pr\u00f3ximos do Senhor, atrav\u00e9s da sua Palavra encarnada e testemunhada na nossa vida de f\u00e9, comprometida com os valores do Reino anunciado por Jesus. Atrav\u00e9s da Palavra, Deus fala ao nosso cora\u00e7\u00e3o de filhos e filhas. Atrav\u00e9s da ora\u00e7\u00e3o na Palavra, podemos percorrer o caminho de encontro pessoal com Jesus Cristo. Ele quer tocar o nosso cora\u00e7\u00e3o e nos falar do seu amor e da sua miseric\u00f3rdia.<\/p>\n<p style=\"text-align: justify\">Num mundo onde vivemos correndo atr\u00e1s de compromissos, parece n\u00e3o soar bem a atitude de parar para escutar o Senhor que nos fala atrav\u00e9s da sua Palavra. S\u00e3o Francisco de Assis dizia aos seus companheiros que deviam aprender com as pedras o valor do sil\u00eancio. \u00c9 importante o sil\u00eancio da boca para aprender a valorizar o sil\u00eancio do cora\u00e7\u00e3o, que guarda a Palavra, para aprender a falar depois com a Palavra de Deus.<\/p>\n<p style=\"text-align: justify\">Quando uma pessoa aprende a escutar de forma ass\u00eddua e pessoal a Palavra de Deus, torna-se capaz de escutar a si mesma, a realidade, a hist\u00f3ria e o outro. Quando aprendermos a escutar a realidade e a hist\u00f3ria, poderemos, atrav\u00e9s delas, reconhecer os sinais da presen\u00e7a de Deus e a discernir a sua vontade para com cada um de n\u00f3s.<\/p>\n<p>&nbsp;<\/p>\n<p>&nbsp;<\/p>\n","protected":false},"excerpt":{"rendered":"<p>Dom Jos\u00e9 Gislon Bispo de Erexim &nbsp; Estimados Diocesanos! Neste \u00faltimo domingo do m\u00eas de setembro, a Igreja Cat\u00f3lica no Brasil celebra o Dia Nacional da B\u00edblia. \u00c9 bonito poder celebrar a presen\u00e7a da Palavra de Deus, que orienta a nossa vida de f\u00e9 e a vida da comunidade orante, que sabe colocar-se na escuta &hellip;<\/p>\n<p class=\"read-more\"> <a class=\"\" href=\"https:\/\/www.cnbb.org.br\/escutar-a-palavra-de-deus\/\"> <span class=\"screen-reader-text\">Escutar a Palavra de Deus!<\/span> Leia mais &raquo;<\/a><\/p>\n","protected":false},"author":20,"featured_media":0,"comment_status":"closed","ping_status":"open","sticky":false,"template":"","format":"standard","meta":{"site-sidebar-layout":"default","site-content-layout":"default","ast-global-header-display":"","ast-banner-title-visibility":"","ast-main-header-display":"","ast-hfb-above-header-display":"","ast-hfb-below-header-display":"","ast-hfb-mobile-header-display":"","site-post-title":"","ast-breadcrumbs-content":"","ast-featured-img":"","footer-sml-layout":"","theme-transparent-header-meta":"","adv-header-id-meta":"","stick-header-meta":"","header-above-stick-meta":"","header-main-stick-meta":"","header-below-stick-meta":""},"categories":[758],"tags":[],"acf":[],"_links":{"self":[{"href":"https:\/\/www.cnbb.org.br\/cnbb-app\/wp\/v2\/posts\/31949"}],"collection":[{"href":"https:\/\/www.cnbb.org.br\/cnbb-app\/wp\/v2\/posts"}],"about":[{"href":"https:\/\/www.cnbb.org.br\/cnbb-app\/wp\/v2\/types\/post"}],"author":[{"embeddable":true,"href":"https:\/\/www.cnbb.org.br\/cnbb-app\/wp\/v2\/users\/20"}],"replies":[{"embeddable":true,"href":"https:\/\/www.cnbb.org.br\/cnbb-app\/wp\/v2\/comments?post=31949"}],"version-history":[{"count":0,"href":"https:\/\/www.cnbb.org.br\/cnbb-app\/wp\/v2\/posts\/31949\/revisions"}],"wp:attachment":[{"href":"https:\/\/www.cnbb.org.br\/cnbb-app\/wp\/v2\/media?parent=31949"}],"wp:term":[{"taxonomy":"category","embeddable":true,"href":"https:\/\/www.cnbb.org.br\/cnbb-app\/wp\/v2\/categories?post=31949"},{"taxonomy":"post_tag","embeddable":true,"href":"https:\/\/www.cnbb.org.br\/cnbb-app\/wp\/v2\/tags?post=31949"}],"curies":[{"name":"wp","href":"https:\/\/api.w.org\/{rel}","templated":true}]}}