{"id":31956,"date":"2018-09-28T00:00:00","date_gmt":"2018-09-28T03:00:00","guid":{"rendered":"https:\/\/www.cnbb.org.br\/comissao-de-textos-liturgicos-continua-traducao-da-revisao-do-missal-romano\/"},"modified":"2020-03-11T16:55:34","modified_gmt":"2020-03-11T19:55:34","slug":"comissao-de-textos-liturgicos-continua-traducao-da-revisao-do-missal-romano","status":"publish","type":"post","link":"https:\/\/www.cnbb.org.br\/comissao-de-textos-liturgicos-continua-traducao-da-revisao-do-missal-romano\/","title":{"rendered":"Comiss\u00e3o de Textos Lit\u00fargicos continua tradu\u00e7\u00e3o da revis\u00e3o do missal romano"},"content":{"rendered":"<p style=\"text-align: justify\">Terminou na quinta-feira, 27, a reuni\u00e3o da Comiss\u00e3o Episcopal de Textos Lit\u00fargicos (Cetel) que faz a revis\u00e3o da tradu\u00e7\u00e3o do Missal Romano. O grupo esteve na sede da CNBB, em Bras\u00edlia (DF) desde o dia 25, ter\u00e7a-feira, para dar continuidade ao trabalho, de modo especial \u00e0s missas votivas e \u00e0s missas pelos defuntos.<\/p>\n<p style=\"text-align: justify\">Segundo o presidente da Comiss\u00e3o para a Liturgia da CNBB, dom Armando Bucciol, o grupo j\u00e1 est\u00e1 na fase final do processo. \u201cEssa \u00faltima parte \u00e9 bastante exigente e comprida, mas esperamos que na pr\u00f3xima etapa, no m\u00eas de novembro, a gente termine o nosso trabalho\u201d, disse.<\/p>\n<p style=\"text-align: justify\">Padre Leonardo Pinheiro, assessor da Comiss\u00e3o afirmou que o grupo tem dado prosseguimento ao trabalho \u201cbonito\u201d e \u201cexaustivo\u201d. Ele explica que apesar de faltar pouco para a conclus\u00e3o da tradu\u00e7\u00e3o, as \u00faltimas partes precisar\u00e3o ainda, depois de todo o processo, passar por uma revis\u00e3o criteriosa e ser apresentado aos bispos de todo o Brasil, na pr\u00f3xima Assembleia Geral da CNBB, a ser realizada em abril do pr\u00f3ximo ano.\u00a0<img decoding=\"async\" loading=\"lazy\" class=\"size-medium wp-image-201400 alignright\" src=\"https:\/\/www.cnbb.org.br\/wp-content\/uploads\/2020\/03\/IMG_2979-scaled.jpg\" alt=\"\" width=\"300\" height=\"169\" \/><\/p>\n<p style=\"text-align: justify\">\u201cA gente fica de fato muito contente porque \u00e9 um trabalho que j\u00e1 vem se desenvolvendo h\u00e1 11 anos, ent\u00e3o com esperan\u00e7a esperamos que os trabalhos sejam conclu\u00eddos para que possamos oferecer para a Igreja no Brasil a pr\u00f3xima edi\u00e7\u00e3o do missal romano\u201d, afirma o padre Leonardo.<\/p>\n<p style=\"text-align: justify\">A pr\u00f3xima reuni\u00e3o da Comiss\u00e3o, \u00faltima de 2018, acontecer\u00e1 no m\u00eas de novembro. Dessa participaram al\u00e9m do padre Leonardo e do dom Armando, o bispo auxiliar de Bras\u00edlia, dom Jos\u00e9 Aparecido Gon\u00e7alves; o arcebispo de Bel\u00e9m, dom Alberto Taveira Corr\u00eaa; o bispo de Santa Cruz do Sul, dom Alo\u00edsio Dilli; o bispo em\u00e9rito de Mariana, dom Geraldo Lyrio Rocha; o bispo de Corn\u00e9lio Proc\u00f3pio, dom Manoel Jo\u00e3o Francisco e o padre Jos\u00e9 Weber.<\/p>\n","protected":false},"excerpt":{"rendered":"<p>Segundo o presidente da Comiss\u00e3o Episcopal Pastoral para a Liturgia da CNBB, dom Armando Bucciol, o grupo j\u00e1 est\u00e1 na fase final do processo<\/p>\n","protected":false},"author":83,"featured_media":31957,"comment_status":"closed","ping_status":"open","sticky":false,"template":"","format":"standard","meta":{"site-sidebar-layout":"default","site-content-layout":"default","ast-global-header-display":"","ast-banner-title-visibility":"","ast-main-header-display":"","ast-hfb-above-header-display":"","ast-hfb-below-header-display":"","ast-hfb-mobile-header-display":"","site-post-title":"","ast-breadcrumbs-content":"","ast-featured-img":"","footer-sml-layout":"","theme-transparent-header-meta":"","adv-header-id-meta":"","stick-header-meta":"","header-above-stick-meta":"","header-main-stick-meta":"","header-below-stick-meta":""},"categories":[1],"tags":[],"acf":[],"_links":{"self":[{"href":"https:\/\/www.cnbb.org.br\/cnbb-app\/wp\/v2\/posts\/31956"}],"collection":[{"href":"https:\/\/www.cnbb.org.br\/cnbb-app\/wp\/v2\/posts"}],"about":[{"href":"https:\/\/www.cnbb.org.br\/cnbb-app\/wp\/v2\/types\/post"}],"author":[{"embeddable":true,"href":"https:\/\/www.cnbb.org.br\/cnbb-app\/wp\/v2\/users\/83"}],"replies":[{"embeddable":true,"href":"https:\/\/www.cnbb.org.br\/cnbb-app\/wp\/v2\/comments?post=31956"}],"version-history":[{"count":0,"href":"https:\/\/www.cnbb.org.br\/cnbb-app\/wp\/v2\/posts\/31956\/revisions"}],"wp:featuredmedia":[{"embeddable":true,"href":"https:\/\/www.cnbb.org.br\/cnbb-app\/wp\/v2\/media\/31957"}],"wp:attachment":[{"href":"https:\/\/www.cnbb.org.br\/cnbb-app\/wp\/v2\/media?parent=31956"}],"wp:term":[{"taxonomy":"category","embeddable":true,"href":"https:\/\/www.cnbb.org.br\/cnbb-app\/wp\/v2\/categories?post=31956"},{"taxonomy":"post_tag","embeddable":true,"href":"https:\/\/www.cnbb.org.br\/cnbb-app\/wp\/v2\/tags?post=31956"}],"curies":[{"name":"wp","href":"https:\/\/api.w.org\/{rel}","templated":true}]}}