{"id":31958,"date":"2018-09-28T00:00:00","date_gmt":"2018-09-28T03:00:00","guid":{"rendered":"https:\/\/www.cnbb.org.br\/seminaristas-de-varias-partes-do-brasil-visitam-sede-provisoria-da-cnbb\/"},"modified":"2018-09-28T00:00:00","modified_gmt":"2018-09-28T03:00:00","slug":"seminaristas-de-varias-partes-do-brasil-visitam-sede-provisoria-da-cnbb","status":"publish","type":"post","link":"https:\/\/www.cnbb.org.br\/seminaristas-de-varias-partes-do-brasil-visitam-sede-provisoria-da-cnbb\/","title":{"rendered":"Formadores e seminaristas de v\u00e1rias partes do Brasil visitaram a sede provis\u00f3ria da CNBB"},"content":{"rendered":"<p style=\"text-align: justify\">Como parte da programa\u00e7\u00e3o do Encontro sobre Forma\u00e7\u00e3o Mission\u00e1ria nos Semin\u00e1rios, que acontece desde o dia 24 de setembro no Centro Cultural Mission\u00e1rio (CCM) em Bras\u00edlia (DF), diversos seminaristas, coordenadores diocesanos de pastoral e membros do Conselho Mission\u00e1rio de Seminaristas visitaram a sede provis\u00f3ria da Confer\u00eancia Nacional dos Bispos do Brasil (CNBB) nessa quinta-feira, 27.<\/p>\n<figure id=\"attachment_201411\" aria-describedby=\"caption-attachment-201411\" style=\"width: 165px\" class=\"wp-caption alignright\"><img decoding=\"async\" loading=\"lazy\" class=\"wp-image-201411\" src=\"https:\/\/www.cnbb.org.br\/wp-content\/uploads\/2020\/03\/IMG-20180927-WA0015-224x300.jpg\" alt=\"\" width=\"165\" height=\"221\" \/><figcaption id=\"caption-attachment-201411\" class=\"wp-caption-text\"><em>Jos\u00e9 Lucas Alves da Cruz, seminarista da diocese de Est\u00e2ncia (SE)<\/em><\/figcaption><\/figure>\n<p style=\"text-align: justify\">O subsecret\u00e1rio-adjunto geral da CNBB, padre Ant\u00f4nio Silva da Paix\u00e3o recebeu os seminaristas no audit\u00f3rio da entidade. Na ocasi\u00e3o explicou a eles sobre a estrutura organizacional da CNBB, assim como sobre o trabalho desempenhado por cada setor e cada comiss\u00e3o pertencente a ela. Padre Nequinho, como \u00e9 conhecido internamente, tamb\u00e9m falou sobre a reforma do pr\u00e9dio sede, localizado ao lado da Nunciatura Apost\u00f3lica, no Setor de Embaixadas.<\/p>\n<p style=\"text-align: justify\">Como forma de incentivo, ele tamb\u00e9m apresentou aos seminaristas o site oficial da entidade. \u201c\u00c9 uma maneira deles acessarem e acompanharem a caminhada da CNBB diariamente\u201d, disse. Al\u00e9m disso, padre Nequinho falou sobre a a\u00e7\u00e3o social desenvolvida pela entidade, por meio do Fundo Nacional de Solidariedade (FNS) e do projeto Correndo Atr\u00e1s de um Sonho.<\/p>\n<figure id=\"attachment_201410\" aria-describedby=\"caption-attachment-201410\" style=\"width: 174px\" class=\"wp-caption alignleft\"><img decoding=\"async\" loading=\"lazy\" class=\"wp-image-201410\" src=\"https:\/\/www.cnbb.org.br\/wp-content\/uploads\/2020\/03\/IMG-20180927-WA0014-230x300.jpg\" alt=\"\" width=\"174\" height=\"227\" \/><figcaption id=\"caption-attachment-201410\" class=\"wp-caption-text\"><em>Jo\u00e3o Rafael, seminarista da diocese de S\u00e3o Jo\u00e3o da Boa Vista (SP)<\/em><\/figcaption><\/figure>\n<p style=\"text-align: justify\">As colaboradoras D\u00e9bora de S\u00e1, da Secret\u00e1ria T\u00e9cnica e S\u00f4nia Carvalhedo, do arquivo da CNBB foram as respons\u00e1veis por apresentar e levar os seminaristas em todos os setores e ambientes da sede. O seminarista Jos\u00e9 Lucas Alves da Cruz, da diocese de Est\u00e2ncia (SE) disse que foi um prazer \u201cimensur\u00e1vel\u201d conhecer a CNBB: \u201cFoi uma experi\u00eancia muito interessante, n\u00f3s conhecemos v\u00e1rios n\u00facleos da sede e o que mais me chamou aten\u00e7\u00e3o foram os funcion\u00e1rios pela disponibilidade e pela alegria do Evangelho que eles t\u00eam\u201d.<\/p>\n<p style=\"text-align: justify\">\u00a0J\u00e1 o Jo\u00e3o Rafael, seminarista da diocese de S\u00e3o Jo\u00e3o da Boa Vista (SP) afirmou que foi muito gratificante a visita. \u201cPudemos conhecer os trabalhos que s\u00e3o desenvolvidos pela sede, gostei principalmente do setor da assessoria de imprensa, onde \u00e9 transmitido as decis\u00f5es dos bispos, o trabalho com o site e deu para n\u00f3s termos um esclarecimento muito grande do que \u00e9 o trabalho da CNBB e o quanto complexo \u00e9\u201d, finalizou.<\/p>\n<p><strong><span style=\"color: #993300\">Encontro sobre Forma\u00e7\u00e3o Mission\u00e1ria nos Semin\u00e1rios<\/span><\/strong><\/p>\n<p style=\"text-align: justify\">Com o tema \u201cA forma\u00e7\u00e3o presbiteral \u00e0 luz da miss\u00e3o: aprofundamento a partir das Diretrizes atualizadas da Forma\u00e7\u00e3o Presbiteral da Igreja no Brasil\u201d e foco na forma\u00e7\u00e3o mission\u00e1ria dos padres diocesanos, o Encontro de Forma\u00e7\u00e3o Mission\u00e1ria nos Semin\u00e1rios acontece desde segunda-feira, 24, no Centro Cultural Mission\u00e1rio (CCM), em Bras\u00edlia. O intuito \u00e9\u00a0aprofundar, refletir e partilhar orienta\u00e7\u00f5es no que se refere ao eixo do processo formativo dos futuros padres, em conformidade com a\u00a0<em>Ratio Fundamentalis<\/em>, as Diretrizes Gerais da A\u00e7\u00e3o Evangelizadora.<\/p>\n<p style=\"text-align: justify\">A forma\u00e7\u00e3o conta com assessoria de dom Jaime Spengler, arcebispo de Porto Alegre (RS) e presidente da Comiss\u00e3o para os Minist\u00e9rios Ordenados da CNBB, e de dom Leomar Ant\u00f4nio Brustolin, bispo auxiliar de Porto Alegre e membro da Comiss\u00e3o Pastoral para a Doutrina da F\u00e9 da CNBB.<\/p>\n<p>&nbsp;<\/p>\n","protected":false},"excerpt":{"rendered":"<p>Como parte da programa\u00e7\u00e3o do Encontro sobre Forma\u00e7\u00e3o Mission\u00e1ria nos Semin\u00e1rios, diversos seminaristas visitaram a sede provis\u00f3ria da CNBB<\/p>\n","protected":false},"author":83,"featured_media":31959,"comment_status":"closed","ping_status":"open","sticky":false,"template":"","format":"standard","meta":{"site-sidebar-layout":"default","site-content-layout":"default","ast-global-header-display":"","ast-banner-title-visibility":"","ast-main-header-display":"","ast-hfb-above-header-display":"","ast-hfb-below-header-display":"","ast-hfb-mobile-header-display":"","site-post-title":"","ast-breadcrumbs-content":"","ast-featured-img":"","footer-sml-layout":"","theme-transparent-header-meta":"","adv-header-id-meta":"","stick-header-meta":"","header-above-stick-meta":"","header-main-stick-meta":"","header-below-stick-meta":""},"categories":[841],"tags":[],"acf":[],"_links":{"self":[{"href":"https:\/\/www.cnbb.org.br\/cnbb-app\/wp\/v2\/posts\/31958"}],"collection":[{"href":"https:\/\/www.cnbb.org.br\/cnbb-app\/wp\/v2\/posts"}],"about":[{"href":"https:\/\/www.cnbb.org.br\/cnbb-app\/wp\/v2\/types\/post"}],"author":[{"embeddable":true,"href":"https:\/\/www.cnbb.org.br\/cnbb-app\/wp\/v2\/users\/83"}],"replies":[{"embeddable":true,"href":"https:\/\/www.cnbb.org.br\/cnbb-app\/wp\/v2\/comments?post=31958"}],"version-history":[{"count":0,"href":"https:\/\/www.cnbb.org.br\/cnbb-app\/wp\/v2\/posts\/31958\/revisions"}],"wp:featuredmedia":[{"embeddable":true,"href":"https:\/\/www.cnbb.org.br\/cnbb-app\/wp\/v2\/media\/31959"}],"wp:attachment":[{"href":"https:\/\/www.cnbb.org.br\/cnbb-app\/wp\/v2\/media?parent=31958"}],"wp:term":[{"taxonomy":"category","embeddable":true,"href":"https:\/\/www.cnbb.org.br\/cnbb-app\/wp\/v2\/categories?post=31958"},{"taxonomy":"post_tag","embeddable":true,"href":"https:\/\/www.cnbb.org.br\/cnbb-app\/wp\/v2\/tags?post=31958"}],"curies":[{"name":"wp","href":"https:\/\/api.w.org\/{rel}","templated":true}]}}