{"id":31961,"date":"2018-09-28T00:00:00","date_gmt":"2018-09-28T03:00:00","guid":{"rendered":"https:\/\/www.cnbb.org.br\/cimi-lanca-relatorio-que-registra-aumento-de-casos-de-violencia-contra-povos-indigenas-no-brasil-em-2017\/"},"modified":"2018-09-28T00:00:00","modified_gmt":"2018-09-28T03:00:00","slug":"cimi-lanca-relatorio-que-registra-aumento-de-casos-de-violencia-contra-povos-indigenas-no-brasil-em-2017","status":"publish","type":"post","link":"https:\/\/www.cnbb.org.br\/cimi-lanca-relatorio-que-registra-aumento-de-casos-de-violencia-contra-povos-indigenas-no-brasil-em-2017\/","title":{"rendered":"Cimi lan\u00e7a relat\u00f3rio que registra aumento de casos de viol\u00eancia contra povos ind\u00edgenas no Brasil em 2017"},"content":{"rendered":"<figure id=\"attachment_201422\" aria-describedby=\"caption-attachment-201422\" style=\"width: 212px\" class=\"wp-caption alignright\"><img decoding=\"async\" loading=\"lazy\" class=\"wp-image-201422 size-medium\" src=\"https:\/\/www.cnbb.org.br\/wp-content\/uploads\/2020\/03\/capa-relatorio-violencia-indigenas-2017-212x300.png\" alt=\"\" width=\"212\" height=\"300\" \/><figcaption id=\"caption-attachment-201422\" class=\"wp-caption-text\">Capa do relat\u00f3rio. Fotos: Arquivo CIMI<\/figcaption><\/figure>\n<p style=\"text-align: justify\">\u201cA nossa vida est\u00e1 ligada aquele territ\u00f3rio. Se sairmos de l\u00e1 vamos para a cidade fazer o que? \u00c9 deste territ\u00f3rio que tiramos o sustento de nossa comunidade\u201d. Este foi um dos trechos da fala do l\u00edder ind\u00edgena La\u00e9rcio Akro\u00e1-Gamela, do povo Gamela de Viana (MA) presente \u00e0 Coletiva de Imprensa, realizada na sede da Confer\u00eancia Nacional dos Bispos do Brasil na tarde deste 27 de setembro, pelo Conselho Indigenista Mission\u00e1rio (Cimi) para lan\u00e7amento do relat\u00f3rio \u201cViol\u00eancia contra os Povos Ind\u00edgenas no Brasil \u2013 Dados 2017\u201d.<\/p>\n<p style=\"text-align: justify\">O relat\u00f3rio, publicado anualmente pelo Cimi, constatou um aumento no n\u00famero de casos em 14 dos 19 tipos de viol\u00eancia sistematizados. Em tr\u00eas tipos de viol\u00eancia foram registrados a mesma quantidade de casos que 2016. As informa\u00e7\u00f5es sistematizadas evidenciam que continua dram\u00e1tica a quantidade de registros de suic\u00eddio (128 casos), assassinato (110 casos), mortalidade na inf\u00e2ncia (702 casos) e das viola\u00e7\u00f5es relacionadas \u00e0 terra tradicional e \u00e0 prote\u00e7\u00e3o delas.<\/p>\n<p style=\"text-align: justify\">O massacre contra o povo Akro\u00e1-Gamella, em 30 de abril de 2017, que resultou no ferimento de 22 Gamellas, com tiros e fac\u00f5es, mereceu destaque no relat\u00f3rio que registrou, ano passado, 110 casos de assassinatos de ind\u00edgenas. Segundo o relat\u00f3rio, os tr\u00eas estados que tiveram o maior n\u00famero de assassinatos registrados foram Roraima (33), Amazonas (28) e Mato Grosso do Sul (17). A apropria\u00e7\u00e3o de terras ind\u00edgenas \u00e9 o principal vetor de viol\u00eancia contra os povos ind\u00edgenas, aponta o relat\u00f3rio.<\/p>\n<p style=\"text-align: justify\"><img decoding=\"async\" loading=\"lazy\" class=\"size-medium wp-image-201423 alignleft\" src=\"https:\/\/www.cnbb.org.br\/wp-content\/uploads\/2020\/03\/IMG_3096-scaled.jpg\" alt=\"\" width=\"300\" height=\"200\" \/>Na coletiva de imprensa, o presidente do Conselho Indigenista Mission\u00e1rio (Cimi), dom Roque Paloschi, fez refer\u00eancia aos 30 anos da Constitui\u00e7\u00e3o de 88 onde foram consagrados os direitos ind\u00edgenas que, em sua avalia\u00e7\u00e3o, est\u00e3o sendo sistematicamente negados.<\/p>\n<p style=\"text-align: justify\">No governo Michel Temer, na avalia\u00e7\u00e3o do coordenador do Cimi do Regional Sul, Roberto Liebgott, h\u00e1 em curso uma anti-pol\u00edtica ind\u00edgena. \u201cTodas as a\u00e7\u00f5es de fiscaliza\u00e7\u00e3o e prote\u00e7\u00e3o nas \u00e1reas ind\u00edgenas foram desmontadas. Assim, como toda pol\u00edtica de assist\u00eancia social aos ind\u00edgenas. Em 2017, tamb\u00e9m n\u00e3o houve nenhuma demarca\u00e7\u00e3o\u201d, denunciou. O parecer 001, de 2007, da Advocacia Geral da Uni\u00e3o (AGU), segundo ele, inviabiliza qualquer processo de demarca\u00e7\u00e3o de terras ind\u00edgenas no Brasil.<\/p>\n<p style=\"text-align: justify\">Uma outra publica\u00e7\u00e3o lan\u00e7ada pelo Cimi na coletiva de imprensa foi &#8220;Congresso Anti-Ind\u00edgena &#8211; Os parlamentares que mais atuam contra os direitos ind\u00edgenas no Congresso Nacional&#8221;. A publica\u00e7\u00e3o acompanha a atua\u00e7\u00e3o de 50 parlamentares, sendo 10 senadores e 40 deputados federais que atuam contra os direitos dos povos ind\u00edgenas. A publica\u00e7\u00e3o tamb\u00e9m demonstra quem s\u00e3o os doadores de campanha por tr\u00e1s destes parlamentares al\u00e9m de fazer uma radiografia de 33 propostas anti-ind\u00edgenas que circulam no Congresso Nacional.<\/p>\n<p style=\"text-align: justify\">O relat\u00f3rio pode ser acessado na \u00edntegra aqui:\u00a0https:\/\/<a href=\"https:\/\/cimi.org.br\/wp-content\/uploads\/2018\/09\/Relatorio-violencia-contra-povos-indigenas_2017-Cimi.pdf\" target=\"_blank\" rel=\"noopener\">cimi.org.br<\/a><\/p>\n","protected":false},"excerpt":{"rendered":"<p>O relat\u00f3rio aponta que est\u00e1 em curso, no governo Michel Temer, uma anti-pol\u00edtica ind\u00edgena<\/p>\n","protected":false},"author":83,"featured_media":31963,"comment_status":"closed","ping_status":"open","sticky":false,"template":"","format":"standard","meta":{"site-sidebar-layout":"default","site-content-layout":"default","ast-global-header-display":"","ast-banner-title-visibility":"","ast-main-header-display":"","ast-hfb-above-header-display":"","ast-hfb-below-header-display":"","ast-hfb-mobile-header-display":"","site-post-title":"","ast-breadcrumbs-content":"","ast-featured-img":"","footer-sml-layout":"","theme-transparent-header-meta":"","adv-header-id-meta":"","stick-header-meta":"","header-above-stick-meta":"","header-main-stick-meta":"","header-below-stick-meta":""},"categories":[763,762],"tags":[],"acf":[],"_links":{"self":[{"href":"https:\/\/www.cnbb.org.br\/cnbb-app\/wp\/v2\/posts\/31961"}],"collection":[{"href":"https:\/\/www.cnbb.org.br\/cnbb-app\/wp\/v2\/posts"}],"about":[{"href":"https:\/\/www.cnbb.org.br\/cnbb-app\/wp\/v2\/types\/post"}],"author":[{"embeddable":true,"href":"https:\/\/www.cnbb.org.br\/cnbb-app\/wp\/v2\/users\/83"}],"replies":[{"embeddable":true,"href":"https:\/\/www.cnbb.org.br\/cnbb-app\/wp\/v2\/comments?post=31961"}],"version-history":[{"count":0,"href":"https:\/\/www.cnbb.org.br\/cnbb-app\/wp\/v2\/posts\/31961\/revisions"}],"wp:featuredmedia":[{"embeddable":true,"href":"https:\/\/www.cnbb.org.br\/cnbb-app\/wp\/v2\/media\/31963"}],"wp:attachment":[{"href":"https:\/\/www.cnbb.org.br\/cnbb-app\/wp\/v2\/media?parent=31961"}],"wp:term":[{"taxonomy":"category","embeddable":true,"href":"https:\/\/www.cnbb.org.br\/cnbb-app\/wp\/v2\/categories?post=31961"},{"taxonomy":"post_tag","embeddable":true,"href":"https:\/\/www.cnbb.org.br\/cnbb-app\/wp\/v2\/tags?post=31961"}],"curies":[{"name":"wp","href":"https:\/\/api.w.org\/{rel}","templated":true}]}}