{"id":31967,"date":"2018-09-28T00:00:00","date_gmt":"2018-09-28T03:00:00","guid":{"rendered":"https:\/\/www.cnbb.org.br\/orre-arcebispo-emerito-de-teresina-dom-celso-jose-pinto-da-silva\/"},"modified":"2018-09-28T00:00:00","modified_gmt":"2018-09-28T03:00:00","slug":"orre-arcebispo-emerito-de-teresina-dom-celso-jose-pinto-da-silva","status":"publish","type":"post","link":"https:\/\/www.cnbb.org.br\/orre-arcebispo-emerito-de-teresina-dom-celso-jose-pinto-da-silva\/","title":{"rendered":"Morre arcebispo em\u00e9rito de Teresina dom Celso Jos\u00e9 Pinto da Silva"},"content":{"rendered":"<p style=\"text-align: justify\">Faleceu na madrugada desta sexta-feira (28), o arcebispo em\u00e9rito de Teresina (PI), dom Celso Jos\u00e9 Pinto da Silva. Ele sofreu uma parada card\u00edaca na Casa do Clero, foi levado para o Hospital de Urg\u00eancia de Teresina, mas n\u00e3o resistiu e morreu. Dom Celso Jos\u00e9 completaria 85 anos no pr\u00f3ximo m\u00eas. O Vel\u00f3rio e o sepultamento ser\u00e3o na Catedral Nossa Senhora das Dores, localizada na Pra\u00e7a Saraiva, Centro de Teresina.<\/p>\n<p style=\"text-align: justify\">Dom Celso nasceu no Rio de Janeiro, em 29 de outubro de 1933. Foi nomeado pelo papa Jo\u00e3o Paulo II, com o lema \u201cPara Servir\u201d e tomou posse como 5\u00ba Arcebispo Metropolitano de Teresina no dia 1\u00ba de maio de 2001, onde ficou por sete anos. Antes, dom Celso Jos\u00e9 passou pelas Arquidioceses do Rio de Janeiro e de Vit\u00f3ria da Conquista (BA). Ap\u00f3s se tornar bispo em\u00e9rito de escolheu continuar a servir e a viver em Teresina.<\/p>\n<p style=\"text-align: justify\">Na nota de pesar, a arquidiocese de Teresina define dom Celso Jos\u00e9 como um verdadeiro mission\u00e1rio de Deus, fiel servo e anunciador da Palavra. Homem do di\u00e1logo e zeloso com as coisas de Deus. E continua, a arquidiocese e todo o Povo de Deus \u00e9 grata pelos servi\u00e7os prestados \u00e0 obra do Pai na Igreja Particular de Teresina.<\/p>\n<p>&nbsp;<\/p>\n<p style=\"text-align: center\"><strong>Nota de condol\u00eancias da CNBB pelo falecimento de dom Celso Jos\u00e9 Pinto da Silva<\/strong><\/p>\n<p>Bras\u00edlia-DF, 28 de setembro de 2018<\/p>\n<p>Prezado Irm\u00e3o, dom Jacinto Furtado de Brito Sobrinho<\/p>\n<p style=\"text-align: justify\">A Confer\u00eancia Nacional dos Bispos do Brasil (CNBB) manifesta seu pesar pelo falecimento do bispo em\u00e9rito da arquidiocese de Teresina (PI), dom Celso Jos\u00e9 Pinto da Silva, ocorrido na madrugada desta sexta-feira, 28 de setembro de 2018.<\/p>\n<p style=\"text-align: justify\">O testemunho do 5\u00ba arcebispo metropolitano de Teresina permite-nos dizer que ele foi um verdadeiro mission\u00e1rio de Deus, fiel servo e anunciador da palavra. O seu lema: \u201cPara servir\u201d, traduziu-se, em sua a\u00e7\u00e3o pastoral, em di\u00e1logo e zelo com as coisas de Deus, suas marcas centrais.<\/p>\n<p style=\"text-align: justify\">Na sua vida humana, dom Celso foi como o gr\u00e3o de trigo que caiu na terra, morreu e floresceu desde muito tempo quando ele iniciou sua prega\u00e7\u00e3o do Evangelho por onde passou, nas arquidioceses do Rio de Janeiro e de Vit\u00f3ria da Conquista (BA).<\/p>\n<p style=\"text-align: justify\">Enviamos nossa sauda\u00e7\u00e3o fraterna ao senhor, aos familiares de dom Celso Jos\u00e9 Pinto da Silva, e a todas as comunidades da arquidiocese de Teresina (PI).<\/p>\n<p style=\"text-align: left\">Em Cristo,<\/p>\n<p style=\"text-align: center\"><strong>Cardeal Sergio da Rocha<\/strong><br \/>\nArcebispo de Bras\u00edlia<br \/>\nPresidente da CNBB<\/p>\n<p style=\"text-align: center\"><strong>Dom Leonardo Ulrich Steiner<\/strong><br \/>\nBispo Auxiliar de Bras\u00edlia<br \/>\nSecret\u00e1rio-Geral da CNBB<\/p>\n","protected":false},"excerpt":{"rendered":"<p>CNBB enviou nota de condol\u00eancia ao arcebispo de Teresina e aos familiares de dom Celso<\/p>\n","protected":false},"author":83,"featured_media":31968,"comment_status":"closed","ping_status":"open","sticky":false,"template":"","format":"standard","meta":{"site-sidebar-layout":"default","site-content-layout":"default","ast-global-header-display":"","ast-banner-title-visibility":"","ast-main-header-display":"","ast-hfb-above-header-display":"","ast-hfb-below-header-display":"","ast-hfb-mobile-header-display":"","site-post-title":"","ast-breadcrumbs-content":"","ast-featured-img":"","footer-sml-layout":"","theme-transparent-header-meta":"","adv-header-id-meta":"","stick-header-meta":"","header-above-stick-meta":"","header-main-stick-meta":"","header-below-stick-meta":""},"categories":[1],"tags":[],"acf":[],"_links":{"self":[{"href":"https:\/\/www.cnbb.org.br\/cnbb-app\/wp\/v2\/posts\/31967"}],"collection":[{"href":"https:\/\/www.cnbb.org.br\/cnbb-app\/wp\/v2\/posts"}],"about":[{"href":"https:\/\/www.cnbb.org.br\/cnbb-app\/wp\/v2\/types\/post"}],"author":[{"embeddable":true,"href":"https:\/\/www.cnbb.org.br\/cnbb-app\/wp\/v2\/users\/83"}],"replies":[{"embeddable":true,"href":"https:\/\/www.cnbb.org.br\/cnbb-app\/wp\/v2\/comments?post=31967"}],"version-history":[{"count":0,"href":"https:\/\/www.cnbb.org.br\/cnbb-app\/wp\/v2\/posts\/31967\/revisions"}],"wp:featuredmedia":[{"embeddable":true,"href":"https:\/\/www.cnbb.org.br\/cnbb-app\/wp\/v2\/media\/31968"}],"wp:attachment":[{"href":"https:\/\/www.cnbb.org.br\/cnbb-app\/wp\/v2\/media?parent=31967"}],"wp:term":[{"taxonomy":"category","embeddable":true,"href":"https:\/\/www.cnbb.org.br\/cnbb-app\/wp\/v2\/categories?post=31967"},{"taxonomy":"post_tag","embeddable":true,"href":"https:\/\/www.cnbb.org.br\/cnbb-app\/wp\/v2\/tags?post=31967"}],"curies":[{"name":"wp","href":"https:\/\/api.w.org\/{rel}","templated":true}]}}