{"id":31970,"date":"2018-09-28T00:00:00","date_gmt":"2018-09-28T03:00:00","guid":{"rendered":"https:\/\/www.cnbb.org.br\/prisoes-e-violencia\/"},"modified":"2018-09-28T00:00:00","modified_gmt":"2018-09-28T03:00:00","slug":"prisoes-e-violencia","status":"publish","type":"post","link":"https:\/\/www.cnbb.org.br\/prisoes-e-violencia\/","title":{"rendered":"Pris\u00f5es e viol\u00eancia"},"content":{"rendered":"<p style=\"text-align: right\"><strong>Dom Rodolfo Lu\u00eds Weber<\/strong><br \/>\n<strong>Arcebispo de Passo Fundo<\/strong><\/p>\n<p>&nbsp;<\/p>\n<p style=\"text-align: justify\">No dia 02 de outubro de 1992 aconteceu o massacre no Carandiru onde foram mortos 111 apenados. \u00c9 um fato emblem\u00e1tico e uma ferida aberta que n\u00e3o pode ser esquecida. Este fato, entre outros do passado e dos recentes, revelam os m\u00faltiplos desafios relacionados com o sistema prisional. \u00c9 certo que n\u00e3o existem solu\u00e7\u00f5es simpl\u00f3rias, mas tamb\u00e9m \u00e9 verdade que a gravidade do assunto merece uma aten\u00e7\u00e3o bem maior da sociedade e, principalmente, das autoridades competentes.<\/p>\n<p style=\"text-align: justify\">Um dos objetivos do sistema prisional \u00e9 reduzir e interromper o ciclo da viol\u00eancia. Os estudos e o senso comum mostram que \u00e9 alto o \u00edndice de condenados que reincidem no crime ap\u00f3s o cumprimento da pena. Portanto, os pres\u00eddios est\u00e3o produzindo efeitos contr\u00e1rios aos desejados, isto \u00e9, fomentam, potencializam e mant\u00eam o ciclo vicioso da viol\u00eancia e da criminalidade. O grande e real medo dos brasileiros de se tornarem, a qualquer hora, v\u00edtimas, n\u00e3o sofrer\u00e1 significativas altera\u00e7\u00f5es sem uma efetiva mudan\u00e7a no sistema prisional. Os fatos e as estat\u00edsticas s\u00e3o suficientes para chegar a esta conclus\u00e3o.<\/p>\n<p style=\"text-align: justify\">Em tempos de campanha eleitoral o tema da seguran\u00e7a p\u00fablica est\u00e1 em pauta e n\u00e3o poderia ser diferente, talvez devesse ocupar mais espa\u00e7o. N\u00e3o se pode exigir dos candidatos respostas bem elaboradas e projetos prontos em curtas entrevistas. Al\u00e9m disso, as medidas a serem adotadas passam pelos tr\u00eas poderes constitu\u00eddos. Por\u00e9m, pode-se perceber nas respostas, mesmo resumidas, o ponto de vista sobre a viol\u00eancia e os caminhos essenciais da supera\u00e7\u00e3o da mesma. \u00c9 um tema a ser dialogado com franqueza com os candidatos, pois ser\u00e3o os representantes da sociedade e ter\u00e3o a possibilidade de implementar mudan\u00e7as.<\/p>\n<p style=\"text-align: justify\">Uma das medidas da redu\u00e7\u00e3o da viol\u00eancia \u00e9 cumprir o que a legisla\u00e7\u00e3o prev\u00ea para a recupera\u00e7\u00e3o dos apenados. Cumprindo o que est\u00e1 previsto j\u00e1 seria um passo significativo. Tratar com dignidade os apenados n\u00e3o \u00e9 conceder privil\u00e9gios. Investir na sua qualidade de vida, na educa\u00e7\u00e3o, na sa\u00fade e em outras medidas de recupera\u00e7\u00e3o n\u00e3o s\u00e3o recursos mal investidos. Se o apenado volta a reincidir, o gasto que a sociedade teve durante a sua perman\u00eancia na pris\u00e3o foi in\u00fatil. Al\u00e9m disso, exige mais investimento em aparatos de controle, de maior efetivo policial e prender novamente.<\/p>\n<p style=\"text-align: justify\">A Igreja atrav\u00e9s da Pastoral Carcer\u00e1ria est\u00e1 presente nos pres\u00eddios. S\u00e3o poucas pessoas ativas nesta pastoral, mas de uma grande dedica\u00e7\u00e3o.\u00a0 Disse Jesus: \u201cEstava na pris\u00e3o, e fostes visitar-me\u201d (Mateus 25,36). \u00c9 a motiva\u00e7\u00e3o de f\u00e9 que leva os volunt\u00e1rios da pastoral carcer\u00e1ria visitar os presos para estarem junto a estas pessoas privadas de liberdade. Convivem, estabelecem la\u00e7os fraternos e escutam os presos. Procuram olhar o preso na sua totalidade que tem uma fam\u00edlia, tem sonhos, torce por um time, tem religi\u00e3o, etc. Enfim, buscam ser uma presen\u00e7a de Cristo e da Igreja atendendo religiosamente aos presos anunciando o Evangelho e promovendo a sua dignidade.\u00a0 O desejo \u00e9 ajudar aqueles que s\u00e3o justamente condenados a se recuperarem para que vivam e n\u00e3o reincidam no caminho que os levou para a pris\u00e3o. A Pastoral Carcer\u00e1ria \u00e9 desenvolvida por pessoas que tem este dom e se preparam para realizar bem o trabalho. \u00c9 preciso reconhecer que se faz pouco e \u00e9 preciso fazer muito mais.<\/p>\n<p>&nbsp;<\/p>\n<p>&nbsp;<\/p>\n<p>&nbsp;<\/p>\n<p>&nbsp;<\/p>\n<p>&nbsp;<\/p>\n<p>&nbsp;<\/p>\n","protected":false},"excerpt":{"rendered":"<p>Dom Rodolfo Lu\u00eds Weber Arcebispo de Passo Fundo &nbsp; No dia 02 de outubro de 1992 aconteceu o massacre no Carandiru onde foram mortos 111 apenados. \u00c9 um fato emblem\u00e1tico e uma ferida aberta que n\u00e3o pode ser esquecida. Este fato, entre outros do passado e dos recentes, revelam os m\u00faltiplos desafios relacionados com o &hellip;<\/p>\n<p class=\"read-more\"> <a class=\"\" href=\"https:\/\/www.cnbb.org.br\/prisoes-e-violencia\/\"> <span class=\"screen-reader-text\">Pris\u00f5es e viol\u00eancia<\/span> Leia mais &raquo;<\/a><\/p>\n","protected":false},"author":27,"featured_media":0,"comment_status":"closed","ping_status":"open","sticky":false,"template":"","format":"standard","meta":{"site-sidebar-layout":"default","site-content-layout":"default","ast-global-header-display":"","ast-banner-title-visibility":"","ast-main-header-display":"","ast-hfb-above-header-display":"","ast-hfb-below-header-display":"","ast-hfb-mobile-header-display":"","site-post-title":"","ast-breadcrumbs-content":"","ast-featured-img":"","footer-sml-layout":"","theme-transparent-header-meta":"","adv-header-id-meta":"","stick-header-meta":"","header-above-stick-meta":"","header-main-stick-meta":"","header-below-stick-meta":""},"categories":[758],"tags":[],"acf":[],"_links":{"self":[{"href":"https:\/\/www.cnbb.org.br\/cnbb-app\/wp\/v2\/posts\/31970"}],"collection":[{"href":"https:\/\/www.cnbb.org.br\/cnbb-app\/wp\/v2\/posts"}],"about":[{"href":"https:\/\/www.cnbb.org.br\/cnbb-app\/wp\/v2\/types\/post"}],"author":[{"embeddable":true,"href":"https:\/\/www.cnbb.org.br\/cnbb-app\/wp\/v2\/users\/27"}],"replies":[{"embeddable":true,"href":"https:\/\/www.cnbb.org.br\/cnbb-app\/wp\/v2\/comments?post=31970"}],"version-history":[{"count":0,"href":"https:\/\/www.cnbb.org.br\/cnbb-app\/wp\/v2\/posts\/31970\/revisions"}],"wp:attachment":[{"href":"https:\/\/www.cnbb.org.br\/cnbb-app\/wp\/v2\/media?parent=31970"}],"wp:term":[{"taxonomy":"category","embeddable":true,"href":"https:\/\/www.cnbb.org.br\/cnbb-app\/wp\/v2\/categories?post=31970"},{"taxonomy":"post_tag","embeddable":true,"href":"https:\/\/www.cnbb.org.br\/cnbb-app\/wp\/v2\/tags?post=31970"}],"curies":[{"name":"wp","href":"https:\/\/api.w.org\/{rel}","templated":true}]}}