{"id":31996,"date":"2018-09-28T00:00:00","date_gmt":"2018-09-28T03:00:00","guid":{"rendered":"https:\/\/www.cnbb.org.br\/politicos-ou-estadistas\/"},"modified":"2018-09-28T00:00:00","modified_gmt":"2018-09-28T03:00:00","slug":"politicos-ou-estadistas","status":"publish","type":"post","link":"https:\/\/www.cnbb.org.br\/politicos-ou-estadistas\/","title":{"rendered":"Pol\u00edticos ou estadistas?"},"content":{"rendered":"<p style=\"text-align: right\"><strong>Dom Jaime Spengler<\/strong><br \/>\n<strong>Arcebispo de Porto Alegre<\/strong><\/p>\n<p style=\"text-align: justify\">\nO povo brasileiro dever\u00e1 escolher nos pr\u00f3ximos dias seus dirigentes pol\u00edticos. Nesse processo, os partidos pol\u00edticos t\u00eam uma miss\u00e3o caracter\u00edstica: eles s\u00e3o chamados a interpretar as aspira\u00e7\u00f5es da sociedade civil orientando-as para o bem comum, oferecendo a todos os cidad\u00e3os a possibilidade efetiva de participar da formula\u00e7\u00e3o de op\u00e7\u00f5es pol\u00edticas. Os candidatos eleitos pelo povo t\u00eam a tarefa de, em nome do Estado, administrar os bens do povo, tendo em vista o bem comum.<\/p>\n<p style=\"text-align: justify\">Tenha-se presente que o Brasil \u00e9 a s\u00e9tima economia mundial. No entanto, encontra-se entre os dez pa\u00edses do mundo com a pior distribui\u00e7\u00e3o da renda.<\/p>\n<p style=\"text-align: justify\">Constata-se que o pa\u00eds est\u00e1 socialmente regredindo a mais pobreza e mais desigualdade social. Est\u00e1 crescendo o mapa da fome. O desemprego e o subemprego alcan\u00e7am cifras alt\u00edssimas. O n\u00edvel de qualidade do processo educacional b\u00e1sico e fundamental \u00e9 vergonhoso. As inst\u00e2ncias que t\u00eam a tarefa de cuidar da sa\u00fade da popula\u00e7\u00e3o n\u00e3o possuem recursos financeiros suficientes.<\/p>\n<p style=\"text-align: justify\">A transfer\u00eancia de renda do Estado para setores privilegiados da sociedade, atrav\u00e9s de ren\u00fancias, isen\u00e7\u00f5es e perd\u00e3o de d\u00edvidas \u00e9 algo que agride a dignidade dos mais pobres. O povo est\u00e1 passando fome! O povo vai mal! J\u00e1 o mercado financeiro oferece sinais fortes de que est\u00e1 muito bem!<\/p>\n<p style=\"text-align: justify\">Nas condi\u00e7\u00f5es atuais da sociedade brasileira com tantas desigualdades e pessoas desalentadas e desesperan\u00e7adas, o princ\u00edpio do bem comum torna-se um apelo \u00e0 solidariedade e uma op\u00e7\u00e3o evang\u00e9lica pelos mais pobres. \u201cBasta observar a realidade para compreender que esta op\u00e7\u00e3o \u00e9 uma exig\u00eancia \u00e9tica fundamental para a efetiva realiza\u00e7\u00e3o do bem comum\u201d (Papa Francisco). Causa preocupa\u00e7\u00e3o o acirramento de posi\u00e7\u00f5es pol\u00edticas e o certo clima de intoler\u00e2ncia e de \u00f3dio presente em algumas express\u00f5es pol\u00edtico-partid\u00e1rias. Tal clima gera rea\u00e7\u00f5es que poderiam ser consideradas fascistas, fundamentalistas, e\/ou reacion\u00e1rias.<\/p>\n<p style=\"text-align: justify\">O debate pol\u00edtico \u00e9 salutar. Partidos pol\u00edticos com projetos de governo claros e objetivos s\u00e3o uma necessidade no jogo democr\u00e1tico. A campanha eleitoral precisa de um tempo h\u00e1bil durante o qual partidos e candidatos possam apresentar suas propostas. No entanto, n\u00e3o \u00e9 isso que se assiste. N\u00e3o se pode cair numa marginaliza\u00e7\u00e3o ou descredito da atividade pol\u00edtica.<\/p>\n<p style=\"text-align: justify\">N\u00e3o se pode esquecer que a atividade pol\u00edtica \u00e9, antes de tudo, um servi\u00e7o; n\u00e3o \u00e9 serva de ambi\u00e7\u00f5es individuais, de bancadas, de prepot\u00eancia de fac\u00e7\u00f5es e de centros de interesses mesquinhos.<\/p>\n<p style=\"text-align: justify\">O Brasil necessita de crescimento industrial, tecnol\u00f3gico, autossustentado e sustent\u00e1vel, ao lado de pol\u00edticas que enfrentem o drama da mis\u00e9ria e da pobreza e visem a equidade e a inclus\u00e3o, porque n\u00e3o \u00e9 verdadeiro desenvolvimento aquele que abandona os mais fr\u00e1geis e pobres.<\/p>\n<p style=\"text-align: justify\">O Brasil necessita de estadistas! Ou seja, de pessoas versadas nos princ\u00edpios ou na arte de governar; ativamente envolvidas em conduzir os neg\u00f3cios de um governo e em moldar a sua pol\u00edtica; ou ainda pessoas que exer\u00e7am a lideran\u00e7a pol\u00edtica com sabedoria e sem limita\u00e7\u00f5es partid\u00e1rias (cf. Houaiss); pessoas que falem com concis\u00e3o, precis\u00e3o e sem ambiguidades, em linguagem franca e compreens\u00edvel por todos.<\/p>\n","protected":false},"excerpt":{"rendered":"<p>Dom Jaime Spengler Arcebispo de Porto Alegre O povo brasileiro dever\u00e1 escolher nos pr\u00f3ximos dias seus dirigentes pol\u00edticos. Nesse processo, os partidos pol\u00edticos t\u00eam uma miss\u00e3o caracter\u00edstica: eles s\u00e3o chamados a interpretar as aspira\u00e7\u00f5es da sociedade civil orientando-as para o bem comum, oferecendo a todos os cidad\u00e3os a possibilidade efetiva de participar da formula\u00e7\u00e3o de &hellip;<\/p>\n<p class=\"read-more\"> <a class=\"\" href=\"https:\/\/www.cnbb.org.br\/politicos-ou-estadistas\/\"> <span class=\"screen-reader-text\">Pol\u00edticos ou estadistas?<\/span> Leia mais &raquo;<\/a><\/p>\n","protected":false},"author":11,"featured_media":0,"comment_status":"closed","ping_status":"open","sticky":false,"template":"","format":"standard","meta":{"site-sidebar-layout":"default","site-content-layout":"default","ast-global-header-display":"","ast-banner-title-visibility":"","ast-main-header-display":"","ast-hfb-above-header-display":"","ast-hfb-below-header-display":"","ast-hfb-mobile-header-display":"","site-post-title":"","ast-breadcrumbs-content":"","ast-featured-img":"","footer-sml-layout":"","theme-transparent-header-meta":"","adv-header-id-meta":"","stick-header-meta":"","header-above-stick-meta":"","header-main-stick-meta":"","header-below-stick-meta":""},"categories":[758],"tags":[],"acf":[],"_links":{"self":[{"href":"https:\/\/www.cnbb.org.br\/cnbb-app\/wp\/v2\/posts\/31996"}],"collection":[{"href":"https:\/\/www.cnbb.org.br\/cnbb-app\/wp\/v2\/posts"}],"about":[{"href":"https:\/\/www.cnbb.org.br\/cnbb-app\/wp\/v2\/types\/post"}],"author":[{"embeddable":true,"href":"https:\/\/www.cnbb.org.br\/cnbb-app\/wp\/v2\/users\/11"}],"replies":[{"embeddable":true,"href":"https:\/\/www.cnbb.org.br\/cnbb-app\/wp\/v2\/comments?post=31996"}],"version-history":[{"count":0,"href":"https:\/\/www.cnbb.org.br\/cnbb-app\/wp\/v2\/posts\/31996\/revisions"}],"wp:attachment":[{"href":"https:\/\/www.cnbb.org.br\/cnbb-app\/wp\/v2\/media?parent=31996"}],"wp:term":[{"taxonomy":"category","embeddable":true,"href":"https:\/\/www.cnbb.org.br\/cnbb-app\/wp\/v2\/categories?post=31996"},{"taxonomy":"post_tag","embeddable":true,"href":"https:\/\/www.cnbb.org.br\/cnbb-app\/wp\/v2\/tags?post=31996"}],"curies":[{"name":"wp","href":"https:\/\/api.w.org\/{rel}","templated":true}]}}