{"id":32011,"date":"2018-10-01T00:00:00","date_gmt":"2018-10-01T03:00:00","guid":{"rendered":"https:\/\/www.cnbb.org.br\/eleicoes-momento-grave\/"},"modified":"2018-10-01T00:00:00","modified_gmt":"2018-10-01T03:00:00","slug":"eleicoes-momento-grave","status":"publish","type":"post","link":"https:\/\/www.cnbb.org.br\/eleicoes-momento-grave\/","title":{"rendered":"Elei\u00e7\u00f5es, Momento Grave"},"content":{"rendered":"<p style=\"text-align: right\"><strong>Dom Gil Ant\u00f4nio Moreira<\/strong><br \/>\n<strong>Arcebispo Metropolitano de Juiz de Fora (MG)<\/strong><\/p>\n<p style=\"text-align: justify\">No pr\u00f3ximo dia 7 de outubro, o Brasil vai novamente \u00e0s urnas. O momento reveste-se de grande import\u00e2ncia, pois reinando a democracia, o povo eleger\u00e1 seus l\u00edderes. No momento, o Pa\u00eds passa por situa\u00e7\u00e3o inusitada de sua hist\u00f3ria, sobretudo em rela\u00e7\u00e3o ao cargo de Presidente, fortemente marcada por uma polariza\u00e7\u00e3o que divide a popula\u00e7\u00e3o quase de meio a meio. Os demais candidatos lutam para atingir o patamar da disputa, num ritmo veloz que separa os eleitores por alguns aspectos pontuais.<\/p>\n<p style=\"text-align: justify\">O que polariza hoje \u00e9, por exemplo, a quest\u00e3o moral, porquanto a popula\u00e7\u00e3o v\u00ea com preocupa\u00e7\u00e3o a degenera\u00e7\u00e3o dos costumes pregados por alguns partidos hoje dominantes, colocando em risco o direito dos pais de educarem seus filhos. Outro ponto \u00e9 o desemprego escandaloso, fruto de m\u00e1 administra\u00e7\u00e3o dos \u00faltimos anos. Tamb\u00e9m a viol\u00eancia descontrolada pede urgente solu\u00e7\u00e3o. Outros aspectos morais e \u00e9ticos regem tamb\u00e9m a polariza\u00e7\u00e3o.<\/p>\n<p style=\"text-align: justify\">Sendo o povo brasileiro, em sua imensa maioria, gente religiosa de diversas cren\u00e7as, n\u00e3o h\u00e1 como separar o religioso do civil. Como crist\u00e3os, cumpriremos o dever de participar deste momento de cidadania, visando o bem comum, cooperando para a constru\u00e7\u00e3o de uma sociedade justa, fraterna, solid\u00e1ria e pac\u00edfica, voltada para a defesa da pessoa humana, imagem e semelhan\u00e7a de Deus.<\/p>\n<p style=\"text-align: justify\">A Igreja vem, na sua hist\u00f3ria bimilenar, construindo sua doutrina social, pela qual ela considera a pol\u00edtica, quando bem praticada, uma forma elevada do exerc\u00edcio da caridade. Papa Francisco tem repetido, m\u00faltiplas vezes, sobre o dever de participa\u00e7\u00e3o dos crist\u00e3os leigos, como candidatos, nas elei\u00e7\u00f5es, sempre movidos pela lisura em seu comportamento.<em>\u00a0<\/em><\/p>\n<p style=\"text-align: justify\">A CNBB, em sua mensagem publicada na \u00faltima Assembleia Geral, realizada em maio passado, afirma: <em>Ao abdicarem da \u00e9tica e da busca do bem comum, muitos agentes p\u00fablicos e privados tornaram-se protagonistas de um cen\u00e1rio desolador, no qual a corrup\u00e7\u00e3o ganha destaque, ao revelar ra\u00edzes cada vez mais alastradas e profundas. Nem mesmo os avan\u00e7os em seu combate conseguem convencer a todos de que a corrup\u00e7\u00e3o ser\u00e1 definitivamente erradicada. Cresce, por isso, na popula\u00e7\u00e3o, um perigoso descr\u00e9dito com a pol\u00edtica. A esse respeito, adverte-nos o Papa Francisco que, \u2018muitas vezes, a pr\u00f3pria pol\u00edtica \u00e9 respons\u00e1vel pelo seu descr\u00e9dito, devido \u00e0 corrup\u00e7\u00e3o e \u00e0 falta de boas pol\u00edticas p\u00fablicas\u2019 (<\/em><em>Laudato S\u00ec,\u00a0<\/em><em>197).<\/em> <em>De fato, a car\u00eancia de pol\u00edticas p\u00fablicas consistentes, no pa\u00eds, est\u00e1 na raiz de graves quest\u00f5es sociais, como o aumento do desemprego e da viol\u00eancia que, no campo e na cidade, vitima milhares de pessoas, sobretudo, mulheres, pobres, jovens, negros e ind\u00edgenas<\/em>.<\/p>\n<p style=\"text-align: justify\">Quanto \u00e0 corrup\u00e7\u00e3o pol\u00edtica, a CNBB vem alertando h\u00e1 anos, como o fez em Nota do ano de 2008: <em>A cultura da corrup\u00e7\u00e3o perpassa as malhas da nossa hist\u00f3ria pol\u00edtica. A corrup\u00e7\u00e3o pessoal e estrutural convive com o atual sistema pol\u00edtico brasileiro e vem associada \u00e0 estrutura econ\u00f4mica que acentua e legitima as desigualdades. \u00c9 relevante e urgente aplicar com empenho a Lei 9.840, em decorr\u00eancia da qual j\u00e1 foram cassadas em torno de 600 pessoas. Esta lei ajuda a assegurar a lisura das elei\u00e7\u00f5es na campanha eleitoral. Para tanto, queremos valorizar os Comit\u00eas contra a corrup\u00e7\u00e3o eleitoral.<\/em><\/p>\n<p style=\"text-align: justify\">Um dos pontos decisivos para os brasileiros no momento de escolher um candidato que mere\u00e7a o seu voto, ser\u00e1, sem d\u00favida, a quest\u00e3o em torno do valor da vida humana e do respeito \u00e0 fam\u00edlia, incluindo a prote\u00e7\u00e3o da inoc\u00eancia das crian\u00e7as, sobretudo nas escolas. Em nossa consci\u00eancia crist\u00e3, somente podem receber apoio os candidatos defensores da vida, da fam\u00edlia e da dignidade da pessoa humana, desde a mais tenra idade.<\/p>\n<p style=\"text-align: justify\">Sobre o dever do voto, a CNBB, na mensagem deste ano de 2018, alerta: <em>Nas elei\u00e7\u00f5es, n\u00e3o se deve abrir m\u00e3o de princ\u00edpios \u00e9ticos e de dispositivos legais, como o valor e a import\u00e2ncia do voto, embora este n\u00e3o esgote o exerc\u00edcio da cidadania; o compromisso de acompanhar os eleitos e participar efetivamente da constru\u00e7\u00e3o de um pa\u00eds justo, \u00e9tico e igualit\u00e1rio; a lisura do processo eleitoral, fazendo valer as leis que o regem, particularmente, a Lei 9840\/1999 de combate \u00e0 corrup\u00e7\u00e3o eleitoral mediante a compra de votos e o uso da m\u00e1quina administrativa, e a Lei 135\/2010, conhecida como \u2018Lei da Ficha Limpa\u2019, que torna ineleg\u00edvel quem tenha sido condenado em decis\u00e3o proferida por \u00f3rg\u00e3o judicial colegiado<\/em>.<\/p>\n<p style=\"text-align: justify\">Deus nos ilumine a todos para este momento de import\u00e2ncia na vida do Povo brasileiro, para que a escolha dos nomes a serem votados seja um ato de responsabilidade e patriotismo. Nossa Senhora Aparecida interceda pelo Brasil nesta hora.<\/p>\n","protected":false},"excerpt":{"rendered":"<p>Dom Gil Ant\u00f4nio Moreira Arcebispo Metropolitano de Juiz de Fora (MG) No pr\u00f3ximo dia 7 de outubro, o Brasil vai novamente \u00e0s urnas. O momento reveste-se de grande import\u00e2ncia, pois reinando a democracia, o povo eleger\u00e1 seus l\u00edderes. No momento, o Pa\u00eds passa por situa\u00e7\u00e3o inusitada de sua hist\u00f3ria, sobretudo em rela\u00e7\u00e3o ao cargo de &hellip;<\/p>\n<p class=\"read-more\"> <a class=\"\" href=\"https:\/\/www.cnbb.org.br\/eleicoes-momento-grave\/\"> <span class=\"screen-reader-text\">Elei\u00e7\u00f5es, Momento Grave<\/span> Leia mais &raquo;<\/a><\/p>\n","protected":false},"author":12,"featured_media":0,"comment_status":"closed","ping_status":"open","sticky":false,"template":"","format":"standard","meta":{"site-sidebar-layout":"default","site-content-layout":"default","ast-global-header-display":"","ast-banner-title-visibility":"","ast-main-header-display":"","ast-hfb-above-header-display":"","ast-hfb-below-header-display":"","ast-hfb-mobile-header-display":"","site-post-title":"","ast-breadcrumbs-content":"","ast-featured-img":"","footer-sml-layout":"","theme-transparent-header-meta":"","adv-header-id-meta":"","stick-header-meta":"","header-above-stick-meta":"","header-main-stick-meta":"","header-below-stick-meta":""},"categories":[758],"tags":[],"acf":[],"_links":{"self":[{"href":"https:\/\/www.cnbb.org.br\/cnbb-app\/wp\/v2\/posts\/32011"}],"collection":[{"href":"https:\/\/www.cnbb.org.br\/cnbb-app\/wp\/v2\/posts"}],"about":[{"href":"https:\/\/www.cnbb.org.br\/cnbb-app\/wp\/v2\/types\/post"}],"author":[{"embeddable":true,"href":"https:\/\/www.cnbb.org.br\/cnbb-app\/wp\/v2\/users\/12"}],"replies":[{"embeddable":true,"href":"https:\/\/www.cnbb.org.br\/cnbb-app\/wp\/v2\/comments?post=32011"}],"version-history":[{"count":0,"href":"https:\/\/www.cnbb.org.br\/cnbb-app\/wp\/v2\/posts\/32011\/revisions"}],"wp:attachment":[{"href":"https:\/\/www.cnbb.org.br\/cnbb-app\/wp\/v2\/media?parent=32011"}],"wp:term":[{"taxonomy":"category","embeddable":true,"href":"https:\/\/www.cnbb.org.br\/cnbb-app\/wp\/v2\/categories?post=32011"},{"taxonomy":"post_tag","embeddable":true,"href":"https:\/\/www.cnbb.org.br\/cnbb-app\/wp\/v2\/tags?post=32011"}],"curies":[{"name":"wp","href":"https:\/\/api.w.org\/{rel}","templated":true}]}}