{"id":32127,"date":"2018-10-12T00:00:00","date_gmt":"2018-10-12T03:00:00","guid":{"rendered":"https:\/\/www.cnbb.org.br\/editora-da-cnbb-lanca-texto-base-do-iv-congresso-vocacional-do-brasil\/"},"modified":"2018-10-12T00:00:00","modified_gmt":"2018-10-12T03:00:00","slug":"editora-da-cnbb-lanca-texto-base-do-iv-congresso-vocacional-do-brasil","status":"publish","type":"post","link":"https:\/\/www.cnbb.org.br\/editora-da-cnbb-lanca-texto-base-do-iv-congresso-vocacional-do-brasil\/","title":{"rendered":"Editora da CNBB lan\u00e7a texto-base do IV Congresso Vocacional do Brasil"},"content":{"rendered":"<p style=\"text-align: justify\">A Comiss\u00e3o Episcopal Pastoral para os Minist\u00e9rios Ordenados e a Vida Consagrada, por meio da Pastoral Vocacional, realizar\u00e1 o IV Congresso Vocacional do Brasil, de 05 a 08 de setembro, no Santu\u00e1rio Nacional de Nossa Senhora Aparecida (SP). Segundo os organizadores, o evento ao tratar do exerc\u00edcio do minist\u00e9rio do discernimento, buscar\u00e1 aprofundar algo que \u00e9 indispens\u00e1vel neste momento hist\u00f3rico da Igreja e do mundo: que as comunidades eclesiais descubram e despertem modelos de vida, de paradigmas, que atestem, com atitudes e gestos concretos, a beleza de Jesus Cristo, \u00fanico modelo a ser seguido.<\/p>\n<p style=\"text-align: justify\">O IV Congresso buscar\u00e1 apontar pistas para o exerc\u00edcio do minist\u00e9rio do discernimento vocacional que sup\u00f5e, antes de tudo, uma experi\u00eancia espiritual e afetiva em rela\u00e7\u00e3o a Deus. \u201cAos p\u00e9s de Nossa Senhora, queremos estudar, refletir, rezar e dialogar sobre a quest\u00e3o vocacional, para, iluminados pela f\u00e9, tra\u00e7ar linhas comuns de a\u00e7\u00e3o, indo ao encontro de adolescentes e jovens, a fim de cooperar na realiza\u00e7\u00e3o de um caminho de discernimento vocacional\u201d, destacou o presidente da Comiss\u00e3o para os Minist\u00e9rios Ordenados e a Vida Consagrada, dom Jaime Spengler.<\/p>\n<p style=\"text-align: justify\">Os Congressos anteriores se abriram para as quest\u00f5es da antropologia e da cultura vocacional, da incultura\u00e7\u00e3o e da evangeliza\u00e7\u00e3o, da ora\u00e7\u00e3o e da espiritualidade, da integra\u00e7\u00e3o das pastorais, da pedagogia e do planejamento, do itiner\u00e1rio vocacional. Este ano, o tema ser\u00e1 \u2018Voca\u00e7\u00e3o e discernimento\u2019. \u201cVoca\u00e7\u00e3o e discernimento! Trata-se fundamentalmente do caminho da realiza\u00e7\u00e3o humana. Por isso, os batizados s\u00e3o instigados a se colocar diante do senhor e suplicar: \u2018mostra-me, Senhor, os teus caminhos\u2019\u201d, afirma dom Jaime Spengler.<\/p>\n<p style=\"text-align: justify\"><span style=\"color: #993300\"><strong>Texto-base<\/strong><\/span><\/p>\n<p style=\"text-align: justify\">Em prepara\u00e7\u00e3o ao IV Congresso Vocacional do Brasil, ocasi\u00e3o em que todos os batizados s\u00e3o convidados a aprofundar a tem\u00e1tica principal e, de uma maneira especial, os bispos, sacerdotes, consagrados, religiosos e leigos, envolvidos no Servi\u00e7o de Anima\u00e7\u00e3o Vocacional do Brasil, a comiss\u00e3o organizadora preparou o texto-base a fim de que haja uma programa\u00e7\u00e3o, a n\u00edvel diocesano e tamb\u00e9m nos regionais da CNBB, desde antes do Congresso.\u00a0<img decoding=\"async\" loading=\"lazy\" class=\" wp-image-202091 alignright\" src=\"https:\/\/www.cnbb.org.br\/wp-content\/uploads\/2020\/02\/Sem-t\u00edtulo.jpg\" alt=\"\" width=\"280\" height=\"246\" \/><\/p>\n<p style=\"text-align: justify\">\u201cO texto-base quer ser um aux\u00edlio para que todas as inst\u00e2ncias eclesiais se sintam motivadas e preparadas para, em esp\u00edrito de comunh\u00e3o e participa\u00e7\u00e3o, se deixar atingir pela quest\u00e3o vocacional. Quer tamb\u00e9m servir para promover a constru\u00e7\u00e3o de processos de acompanhamento vocacional em todas as comunidades\u201d, reiterou dom Jaime.<\/p>\n<p style=\"text-align: justify\">O subs\u00eddio \u00e9 dividido no m\u00e9todo ver, julgar e agir. Em sua primeira parte aborda a caminhada da pastoral vocacional, seu contexto e mem\u00f3ria. Na segunda parte h\u00e1 uma ilumina\u00e7\u00e3o b\u00edblica e teol\u00f3gica. J\u00e1 no \u00faltimo m\u00e9todo, o agir, s\u00e3o apresentadas indica\u00e7\u00f5es para um caminho de discernimento vocacional.<\/p>\n<p>O texto j\u00e1 est\u00e1 dispon\u00edvel no site da Editora CNBB. <a href=\"https:\/\/www.edicoescnbb.com.br\/texto-base-4-congresso-vocacional-do-brasil\" target=\"_blank\" rel=\"noopener\">Confira aqui<\/a>!<\/p>\n","protected":false},"excerpt":{"rendered":"<p>Em prepara\u00e7\u00e3o ao evento, a comiss\u00e3o organizadora preparou o texto-base a fim de que haja uma programa\u00e7\u00e3o, desde antes do Congresso<\/p>\n","protected":false},"author":83,"featured_media":593,"comment_status":"closed","ping_status":"open","sticky":false,"template":"","format":"standard","meta":{"site-sidebar-layout":"default","site-content-layout":"default","ast-global-header-display":"","ast-banner-title-visibility":"","ast-main-header-display":"","ast-hfb-above-header-display":"","ast-hfb-below-header-display":"","ast-hfb-mobile-header-display":"","site-post-title":"","ast-breadcrumbs-content":"","ast-featured-img":"","footer-sml-layout":"","theme-transparent-header-meta":"","adv-header-id-meta":"","stick-header-meta":"","header-above-stick-meta":"","header-main-stick-meta":"","header-below-stick-meta":""},"categories":[847],"tags":[],"acf":[],"_links":{"self":[{"href":"https:\/\/www.cnbb.org.br\/cnbb-app\/wp\/v2\/posts\/32127"}],"collection":[{"href":"https:\/\/www.cnbb.org.br\/cnbb-app\/wp\/v2\/posts"}],"about":[{"href":"https:\/\/www.cnbb.org.br\/cnbb-app\/wp\/v2\/types\/post"}],"author":[{"embeddable":true,"href":"https:\/\/www.cnbb.org.br\/cnbb-app\/wp\/v2\/users\/83"}],"replies":[{"embeddable":true,"href":"https:\/\/www.cnbb.org.br\/cnbb-app\/wp\/v2\/comments?post=32127"}],"version-history":[{"count":0,"href":"https:\/\/www.cnbb.org.br\/cnbb-app\/wp\/v2\/posts\/32127\/revisions"}],"wp:featuredmedia":[{"embeddable":true,"href":"https:\/\/www.cnbb.org.br\/cnbb-app\/wp\/v2\/media\/593"}],"wp:attachment":[{"href":"https:\/\/www.cnbb.org.br\/cnbb-app\/wp\/v2\/media?parent=32127"}],"wp:term":[{"taxonomy":"category","embeddable":true,"href":"https:\/\/www.cnbb.org.br\/cnbb-app\/wp\/v2\/categories?post=32127"},{"taxonomy":"post_tag","embeddable":true,"href":"https:\/\/www.cnbb.org.br\/cnbb-app\/wp\/v2\/tags?post=32127"}],"curies":[{"name":"wp","href":"https:\/\/api.w.org\/{rel}","templated":true}]}}