{"id":32166,"date":"2018-10-16T00:00:00","date_gmt":"2018-10-16T03:00:00","guid":{"rendered":"https:\/\/www.cnbb.org.br\/igreja-e-o-protagonismo-politico-e-social\/"},"modified":"2018-10-16T00:00:00","modified_gmt":"2018-10-16T03:00:00","slug":"igreja-e-o-protagonismo-politico-e-social","status":"publish","type":"post","link":"https:\/\/www.cnbb.org.br\/igreja-e-o-protagonismo-politico-e-social\/","title":{"rendered":"Igreja e o protagonismo pol\u00edtico e social"},"content":{"rendered":"<p style=\"text-align: right\"><strong>Dom Francisco Biasim<\/strong><br \/>\n<strong>Bispo de Barra do Pirai- Volta Redonda (RJ)<\/strong><\/p>\n<p>&nbsp;<\/p>\n<p style=\"text-align: justify\">No m\u00eas de setembro participei de tr\u00eas importantes momentos de reflex\u00e3o, e por que n\u00e3o dizer, fortalecimento da democracia. O primeiro deles foi o Consep (Conselho Episcopal Pastoral) da CNBB (Confer\u00eancia Nacional dos Bispos do Brasil) onde se re\u00fanem os bispos presidentes das 12 Comiss\u00f5es com os bispos da Presid\u00eancia. Fomos representando o Ecumenismo e o Di\u00e1logo Inter-religioso. Nessa reuni\u00e3o tratamos dos pr\u00f3ximos dois temas da Campanha da Fraternidade. Em 2019 ?Fraternidade e Pol\u00edticas P\u00fablicas?, cujos texto-base e m\u00fasica foram apresentados na ocasi\u00e3o e a CF 2020 ?Fraternidade e vida: dom e compromisso?, onde foram apresentados os primeiros elementos para a elabora\u00e7\u00e3o do texto base. Em ambas as campanhas \u00e9 muito forte a conscientiza\u00e7\u00e3o do nosso povo em primeiro lugar para que assuma o seu protagonismo, pelo exerc\u00edcio da cidadania, especificadamente no avan\u00e7o de pol\u00edticas p\u00fablicas para mudar o cen\u00e1rio de desmonte do nosso pa\u00eds e depois, e bem de maneira particular, para avivar o nosso compromisso com a vida das pessoas. Isso \u00e9 ser Igreja!<\/p>\n<p style=\"text-align: justify\">Ap\u00f3s a nossa participa\u00e7\u00e3o, fomos convidados a conceder uma entrevista \u00e0 imprensa da CNBB sobre o papel do crist\u00e3o e as diferen\u00e7as entre evang\u00e9licos e cat\u00f3licos no envolvimento na pol\u00edtica que pode ser lida na \u00edntegra no portal da diocese. Divido aqui as pontua\u00e7\u00f5es que fizemos sobre o nosso povo.<\/p>\n<p style=\"text-align: justify\">Em primeiro lugar \u00e9 sempre bom lembrar que vivemos num estado laico, o que \u00e9 um grande valor na concep\u00e7\u00e3o da participa\u00e7\u00e3o pol\u00edtica dos crist\u00e3os no exerc\u00edcio da cidadania. \u00c9 de se perguntar sempre como um crist\u00e3o se posiciona no exerc\u00edcio do cargo pol\u00edtico para o qual foi eleito: certamente n\u00e3o deve implementar programas de governo atrelando-os \u00e0 sua tradi\u00e7\u00e3o religiosa, nem deve ter como crit\u00e9rio de governan\u00e7a o seu credo.\u00a0 Na igreja Cat\u00f3lica se incentivam leigos e leigas coerentes e preparados a assumirem cargos pol\u00edticos, pois \u00e9 miss\u00e3o deles se engajarem na transforma\u00e7\u00e3o das realidades terrestres.<\/p>\n<p style=\"text-align: justify\">\u00c9 de se notar que est\u00e3o aumentando nas dioceses do Brasil as escolas de f\u00e9 e pol\u00edtica e que apontar candidatos para cargos p\u00fablicos entra cada vez mais na pauta. Tais grupos tamb\u00e9m refletem sobre a \u00e9tica e o combate \u00e0 corrup\u00e7\u00e3o no Brasil. Esse tamb\u00e9m foi o tema do encontro promovido pela Transpar\u00eancia Internacional, no lan\u00e7amento da campanha ?Unidos Contra a Corrup\u00e7\u00e3o?, no qual participei no dia 20 de setembro no ISER (Instituto de Estudos da Religi\u00e3o), no Rio de Janeiro. Nos juntamos em uma verdadeira roda de conversa com representantes de outras Igrejas e Religi\u00f5es para apoiar essa campanha que apresentou cerca de 70 propostas de combate \u00e0 corrup\u00e7\u00e3o em pauta priorit\u00e1ria do Congresso em 2019.<\/p>\n<p style=\"text-align: justify\">No mesmo dia, \u00e0 noite, fizemos parte de um grupo de bispos convidados para participar do debate promovido com os candidatos \u00e0 Presid\u00eancia da Rep\u00fablica, em Aparecida. O debate foi dividido em cinco blocos e o \u00faltimo foi dedicado a perguntas feitas pelos bispos. Coube a mim fazer a \u00faltima pergunta direcionada a um candidato sobre polariza\u00e7\u00e3o e governabilidade, levando em considera\u00e7\u00e3o que em 2016 os bispos do Conselho Permanente da CNBB j\u00e1 falavam sobre o assunto. Nesse contexto n\u00f3s temos a firme convic\u00e7\u00e3o que o di\u00e1logo constante \u00e9 imprescind\u00edvel para a condu\u00e7\u00e3o do pa\u00eds. Por isso nossa pergunta foi: ?Como ser\u00e1 no seu governo o di\u00e1logo com os outros poderes da rep\u00fablica e com os movimentos sociais??\u00a0 Trago esses questionamentos sobre as polariza\u00e7\u00f5es tamb\u00e9m a voc\u00ea, leitor. O seu discurso tem produzido \u00f3dio e intoler\u00e2ncia entre amigos, fam\u00edlia, colegas de trabalho e na comunidade a que pertence? Mesmo afirmando a sua opini\u00e3o, voc\u00ea est\u00e1 aberto ao di\u00e1logo? O\u00a0 projeto pol\u00edtico, de vida e educa\u00e7\u00e3o que voc\u00ea tem apoiado, dialoga com os pobres, os \u00faltimos e \u00e9 a favor da vida em toda as suas express\u00f5es? Voc\u00ea tem baseado o seu voto e participa\u00e7\u00e3o na sociedade por um projeto que beneficie o coletivo ou apenas para benef\u00edcio pr\u00f3prio? Deixo essas perguntas para que voc\u00ea possa responder \u00e0 sua pr\u00f3pria consci\u00eancia e que juntos possamos trabalhar pela cidadania e democracia em favor do bem comum.<\/p>\n<p>&nbsp;<\/p>\n","protected":false},"excerpt":{"rendered":"<p>Dom Francisco Biasim Bispo de Barra do Pirai- Volta Redonda (RJ) &nbsp; No m\u00eas de setembro participei de tr\u00eas importantes momentos de reflex\u00e3o, e por que n\u00e3o dizer, fortalecimento da democracia. O primeiro deles foi o Consep (Conselho Episcopal Pastoral) da CNBB (Confer\u00eancia Nacional dos Bispos do Brasil) onde se re\u00fanem os bispos presidentes das &hellip;<\/p>\n<p class=\"read-more\"> <a class=\"\" href=\"https:\/\/www.cnbb.org.br\/igreja-e-o-protagonismo-politico-e-social\/\"> <span class=\"screen-reader-text\">Igreja e o protagonismo pol\u00edtico e social<\/span> Leia mais &raquo;<\/a><\/p>\n","protected":false},"author":49,"featured_media":0,"comment_status":"closed","ping_status":"open","sticky":false,"template":"","format":"standard","meta":{"site-sidebar-layout":"default","site-content-layout":"default","ast-global-header-display":"","ast-banner-title-visibility":"","ast-main-header-display":"","ast-hfb-above-header-display":"","ast-hfb-below-header-display":"","ast-hfb-mobile-header-display":"","site-post-title":"","ast-breadcrumbs-content":"","ast-featured-img":"","footer-sml-layout":"","theme-transparent-header-meta":"","adv-header-id-meta":"","stick-header-meta":"","header-above-stick-meta":"","header-main-stick-meta":"","header-below-stick-meta":""},"categories":[758],"tags":[],"acf":[],"_links":{"self":[{"href":"https:\/\/www.cnbb.org.br\/cnbb-app\/wp\/v2\/posts\/32166"}],"collection":[{"href":"https:\/\/www.cnbb.org.br\/cnbb-app\/wp\/v2\/posts"}],"about":[{"href":"https:\/\/www.cnbb.org.br\/cnbb-app\/wp\/v2\/types\/post"}],"author":[{"embeddable":true,"href":"https:\/\/www.cnbb.org.br\/cnbb-app\/wp\/v2\/users\/49"}],"replies":[{"embeddable":true,"href":"https:\/\/www.cnbb.org.br\/cnbb-app\/wp\/v2\/comments?post=32166"}],"version-history":[{"count":0,"href":"https:\/\/www.cnbb.org.br\/cnbb-app\/wp\/v2\/posts\/32166\/revisions"}],"wp:attachment":[{"href":"https:\/\/www.cnbb.org.br\/cnbb-app\/wp\/v2\/media?parent=32166"}],"wp:term":[{"taxonomy":"category","embeddable":true,"href":"https:\/\/www.cnbb.org.br\/cnbb-app\/wp\/v2\/categories?post=32166"},{"taxonomy":"post_tag","embeddable":true,"href":"https:\/\/www.cnbb.org.br\/cnbb-app\/wp\/v2\/tags?post=32166"}],"curies":[{"name":"wp","href":"https:\/\/api.w.org\/{rel}","templated":true}]}}