{"id":32255,"date":"2018-10-22T00:00:00","date_gmt":"2018-10-22T03:00:00","guid":{"rendered":"https:\/\/www.cnbb.org.br\/a-igreja-tem-candidatos\/"},"modified":"2018-10-22T00:00:00","modified_gmt":"2018-10-22T03:00:00","slug":"a-igreja-tem-candidatos","status":"publish","type":"post","link":"https:\/\/www.cnbb.org.br\/a-igreja-tem-candidatos\/","title":{"rendered":"A Igreja tem candidatos?"},"content":{"rendered":"<p style=\"text-align: right\"><strong>Dom Gil Ant\u00f4nio Moreira<\/strong><br \/>\n<strong>Arcebispo de Juiz de Fora<\/strong><\/p>\n<p><strong>\u00a0<\/strong><\/p>\n<p style=\"text-align: justify\">H\u00e1 muitos anos a Igreja, seja pelos documentos papais, seja pelos pronunciamentos das Confer\u00eancias Episcopais, tem procurado ser isenta nas op\u00e7\u00f5es pol\u00edtico-partid\u00e1rias, n\u00e3o indicando candidatos e n\u00e3o privilegiando partidos. Ela, contudo, indica princ\u00edpios e crit\u00e9rios a partir dos Santos Evangelhos, resumidos na sua doutrina social, na moral familiar e nos seus c\u00f3digos de \u00e9tica constru\u00eddos ao longo da hist\u00f3ria \u00e0 luz dos ensinamentos de Cristo. A partir do Conc\u00edlio Ecum\u00eanico Vaticano II (1962-1965), ela tem refor\u00e7ado estes prop\u00f3sitos.<\/p>\n<p style=\"text-align: justify\">O crit\u00e9rio de pronunciar-se, em m\u00e1ximas vezes, por meio de documentos aprovados em assembleias, s\u00ednodos ou conc\u00edlios tem se revelado ideal, pois os textos s\u00e3o julgados pelos presentes com direito a cr\u00edticas, modifica\u00e7\u00f5es e elimina\u00e7\u00e3o de termos d\u00fabios. Esse m\u00e9todo \u00e9 aplicado na CNBB com muita responsabilidade e precis\u00e3o. Posso afirmar, que, em toda a minha vida, n\u00e3o encontrei, no Brasil, nenhum outro grupo que tenha mais esp\u00edrito democr\u00e1tico, mais liberdade na vota\u00e7\u00e3o de textos que a CNBB.<\/p>\n<p style=\"text-align: justify\">Por\u00e9m, vez por outra, surgem problemas. Bispos s\u00e3o tamb\u00e9m humanos. Alguns s\u00e3o mais acalorados sobre determinados pontos de vista e outros s\u00e3o, \u00e0s vezes, extremamente acomodados porque n\u00e3o querem pol\u00eamicas. N\u00e3o nos assustemos se, em \u00e9pocas de campanha, apare\u00e7am um bispo ou outro, um padre ou um di\u00e1cono que se deixem levar pela paix\u00e3o e facilitem espa\u00e7os nas igrejas, ou mesmo nos pr\u00e9dios oficiais da CNBB, para candidatos que lhe pare\u00e7am mais indicados. S\u00e3o exorbit\u00e2ncias. H\u00e1, embora poucos que, dominados pela \u00e2nsia dos votos, at\u00e9 chegam a sublevar o valor da Sagrada Comunh\u00e3o e dos p\u00falpitos, como se a sua escolha e sua opini\u00e3o fossem verdade suprema, acima da B\u00edblia, da Sagrada Doutrina e at\u00e9 do direito democr\u00e1tico de pensar diferente deles. Os que lhes op\u00f5em, \u00e0s vezes, s\u00e3o tratados por eles como r\u00e9probos, reacion\u00e1rios, alienados e outros depreciativos. Pior ainda quando fazem do altar verdadeiros palanques eleitoreiros, sem se importar com a no\u00e7\u00e3o de sacril\u00e9gio. N\u00e3o tomemos esses irm\u00e3os ideologizados por representantes da Igreja. N\u00e3o s\u00e3o. Mas n\u00e3o guardemos ressentimentos contra eles. Continuam nossos irm\u00e3os, pois nossa f\u00e9 e nosso amor a Deus s\u00e3o muito superiores a estas situa\u00e7\u00f5es e nossa fraternidade \u00e9 muito mais preciosa que a pol\u00edtica.<\/p>\n<p style=\"text-align: justify\">Esses comportamentos acontecem tamb\u00e9m no campo protestante e em igrejas evang\u00e9licas de colora\u00e7\u00e3o pentecostal, chegando a sacralizar de tal maneira alguns candidatos que parecem estar convencidos que Jesus \u00e9 tamb\u00e9m eleitor de sua urna. As emo\u00e7\u00f5es em \u00e9poca de pol\u00edtica ficam \u00e0 flor da pele e, para muitos, de forma imatura e perigosa.<\/p>\n<p style=\"text-align: justify\">Quanto \u00e0 CNBB, o \u00fanico documento oficial sobre elei\u00e7\u00f5es 2018 \u00e9 a Mensagem da 56\u00ba Assembleia Geral, de 17 de abril passado, que afirma, entre tantos outros princ\u00edpios que \u00e9 fundamental conhecer e avaliar as propostas e a vida dos candidatos, procurando identificar com clareza os interesses subjacentes a cada candidatura. A campanha eleitoral torna-se, assim, oportunidade para os candidatos revelarem seu pensamento sobre o Brasil que queremos construir.\u00a0 No Regional Leste 2 (MG e ES) h\u00e1 Mensagem dos Bispos, publicada a 5 de junho de 2018, na Assembleia Regional, onde se pode ler: N\u00e3o queremos e n\u00e3o vamos nos sobrepor \u00e0s consci\u00eancias, indicando em quem votar, mas nos comprometemos em oferecer elementos e subs\u00eddios para o necess\u00e1rio discernimento neste contexto eleitoral. O Evangelho, fonte inspiradora da Doutrina Social da Igreja, \u00e9 o crit\u00e9rio a partir do qual queremos pensar a pol\u00edtica e os pol\u00edticos. Da\u00ed pensaremos o Brasil e queremos constru\u00ed-lo a partir do Projeto de Deus.<\/p>\n<p style=\"text-align: justify\">No discernimento, o melhor \u00e9 n\u00e3o ser ing\u00eanuo e pensar que seu candidato seja perfeito e seu partido seja detentor da verdade suprema. Todo candidato tem algo bom e algo ruim. Em todo partido h\u00e1 coisas positivas e coisas negativas. \u00c9 preciso examinar qual op\u00e7\u00e3o \u00e9 a mais indicada para o Pa\u00eds e para o Estado neste momento da hist\u00f3ria. Quanto aos programas dos partidos, \u00e9 necess\u00e1rio verificar se n\u00e3o h\u00e1 incompatibilidade com suas convic\u00e7\u00f5es religiosas. Um dos aspectos nesta an\u00e1lise, observemos que tratamento a pessoa humana, sobretudo os mais pobres, os desempregados, os sofredores, as crian\u00e7as ter\u00e3o. Na an\u00e1lise da personalidade do candidato, verifiquemos se ele tem costume de mentir para ganhar elei\u00e7\u00f5es, se usa de meios desonestos, de recursos enganadores. Sua viv\u00eancia religiosa tamb\u00e9m deve ser examinada, verificando se \u00e9 aut\u00eantica, ou se comporta de um jeito no dia a dia e na \u00e9poca das elei\u00e7\u00f5es muda seus h\u00e1bitos. Ele est\u00e1 disposto a defender a vida contra leis abortistas e a proteger a fam\u00edlia na educa\u00e7\u00e3o moral e religiosa dos filhos?<\/p>\n<p style=\"text-align: justify\">A quest\u00e3o da viol\u00eancia \u00e9 ponto central. Que m\u00e9todos seriam mais indicados para combater a viol\u00eancia, de forma tal que inibam o crescimento do mal e ao mesmo tempo respeitem a dignidade da pessoa humana? Que proposta ele tem para os graves problemas da sa\u00fade? Certamente, al\u00e9m desses, outros pontos devem ser analisados.<\/p>\n<p style=\"text-align: justify\">Que Deus nos ilumine, que Nossa Senhora Aparecida interceda por n\u00f3s, neste momento t\u00e3o importante de nossa P\u00e1tria.<\/p>\n<p style=\"text-align: justify\">\n<p style=\"text-align: justify\">\n","protected":false},"excerpt":{"rendered":"<p>Dom Gil Ant\u00f4nio Moreira Arcebispo de Juiz de Fora \u00a0 H\u00e1 muitos anos a Igreja, seja pelos documentos papais, seja pelos pronunciamentos das Confer\u00eancias Episcopais, tem procurado ser isenta nas op\u00e7\u00f5es pol\u00edtico-partid\u00e1rias, n\u00e3o indicando candidatos e n\u00e3o privilegiando partidos. Ela, contudo, indica princ\u00edpios e crit\u00e9rios a partir dos Santos Evangelhos, resumidos na sua doutrina social, &hellip;<\/p>\n<p class=\"read-more\"> <a class=\"\" href=\"https:\/\/www.cnbb.org.br\/a-igreja-tem-candidatos\/\"> <span class=\"screen-reader-text\">A Igreja tem candidatos?<\/span> Leia mais &raquo;<\/a><\/p>\n","protected":false},"author":12,"featured_media":0,"comment_status":"closed","ping_status":"open","sticky":false,"template":"","format":"standard","meta":{"site-sidebar-layout":"default","site-content-layout":"default","ast-global-header-display":"","ast-banner-title-visibility":"","ast-main-header-display":"","ast-hfb-above-header-display":"","ast-hfb-below-header-display":"","ast-hfb-mobile-header-display":"","site-post-title":"","ast-breadcrumbs-content":"","ast-featured-img":"","footer-sml-layout":"","theme-transparent-header-meta":"","adv-header-id-meta":"","stick-header-meta":"","header-above-stick-meta":"","header-main-stick-meta":"","header-below-stick-meta":""},"categories":[758],"tags":[],"acf":[],"_links":{"self":[{"href":"https:\/\/www.cnbb.org.br\/cnbb-app\/wp\/v2\/posts\/32255"}],"collection":[{"href":"https:\/\/www.cnbb.org.br\/cnbb-app\/wp\/v2\/posts"}],"about":[{"href":"https:\/\/www.cnbb.org.br\/cnbb-app\/wp\/v2\/types\/post"}],"author":[{"embeddable":true,"href":"https:\/\/www.cnbb.org.br\/cnbb-app\/wp\/v2\/users\/12"}],"replies":[{"embeddable":true,"href":"https:\/\/www.cnbb.org.br\/cnbb-app\/wp\/v2\/comments?post=32255"}],"version-history":[{"count":0,"href":"https:\/\/www.cnbb.org.br\/cnbb-app\/wp\/v2\/posts\/32255\/revisions"}],"wp:attachment":[{"href":"https:\/\/www.cnbb.org.br\/cnbb-app\/wp\/v2\/media?parent=32255"}],"wp:term":[{"taxonomy":"category","embeddable":true,"href":"https:\/\/www.cnbb.org.br\/cnbb-app\/wp\/v2\/categories?post=32255"},{"taxonomy":"post_tag","embeddable":true,"href":"https:\/\/www.cnbb.org.br\/cnbb-app\/wp\/v2\/tags?post=32255"}],"curies":[{"name":"wp","href":"https:\/\/api.w.org\/{rel}","templated":true}]}}