{"id":32329,"date":"2018-11-02T00:00:00","date_gmt":"2018-11-02T03:00:00","guid":{"rendered":"https:\/\/www.cnbb.org.br\/finados-2\/"},"modified":"2018-11-02T00:00:00","modified_gmt":"2018-11-02T03:00:00","slug":"finados-2","status":"publish","type":"post","link":"https:\/\/www.cnbb.org.br\/finados-2\/","title":{"rendered":"Finados"},"content":{"rendered":"<p style=\"text-align: right\"><strong>Cardeal\u00a0Orani Jo\u00e3o Tempesta<br \/>\n<\/strong><strong>Arcebispo Metropolitano de S\u00e3o Sebasti\u00e3o do Rio de Janeiro (RJ)<\/strong><strong>\u00a0<\/strong><\/p>\n<p style=\"text-align: justify\">O\u00a0dia de finados, deve ser um dia de ora\u00e7\u00e3o, de homenagem crist\u00e3 aos nossos entes queridos falecidos, e, tamb\u00e9m, um dia de reflex\u00e3o sobre o mist\u00e9rio\u00a0da morte e da ressurrei\u00e7\u00e3o que marcam nossas vidas. Nesse dia cada sacerdote poder\u00e1 celebrar tr\u00eas missas. Aqui em nossa Arquidiocese haver\u00e1 missas em todos os cemit\u00e9rios. A presen\u00e7a da Igreja no momento de luto e de dor leva a solidariedade crist\u00e3. Eu mesmo irei presidir, \u00e0s 10:00hs a Santa Missa de Finados no Cemit\u00e9rio S\u00e3o Francisco Xavier (Caju) seguida de uma b\u00ean\u00e7\u00e3o no cemit\u00e9rio da Ordem Terceira da Penitencia &#8211; Caju. Depois \u00e0s15:00hs &#8211; Santa Missa de Finados, cemit\u00e9rio de Santa Cruz onde tenho o costume de visitar os t\u00famulos das pessoas sepultadas como indigente rezando pela salva\u00e7\u00e3o eterna destes nossos irm\u00e3os e depositando um ramalhete de flores como sinal de nossas ora\u00e7\u00f5es.<\/p>\n<p style=\"text-align: justify\">Assim falou Jesus: \u201cEu sou a ressurrei\u00e7\u00e3o e a vida, quem cr\u00ea em mim ainda que esteja morto viver\u00e1\u201d (Jo 11, 24). Em outra passagem ele disse: \u201cTodo aquele que cr\u00ea em mim n\u00e3o morrer\u00e1 para sempre\u201d (Jo 11, 26). Na verdade Jesus est\u00e1 dizendo que n\u00e3o nascemos para morrer. Mas,\u00a0morremos para viver. Portanto, a morte, para os que tem f\u00e9,\u00a0n\u00e3o interrompe a vida. N\u00e3o \u00e9 passageira ilus\u00e3o. N\u00e3o \u00e9 a destrui\u00e7\u00e3o da vida.\u00a0Mas, \u00e9 o encontro com a plenitude da vida que est\u00e1\u00a0em Deus. Porquanto, Deus nos criou para a vida plena e n\u00e3o para a morte. Os falecidos que partiram no Senhor, descansam para sempre na paz, na alegria, no conv\u00edvio dos anjos, dos\u00a0santos, na plena e eterna felicidade que s\u00f3 encontramos na comunh\u00e3o com Deus.<\/p>\n<p style=\"text-align: justify\">Para o crist\u00e3o a morte \u00e9 o come\u00e7o de uma nova vida, realizando sempre o que de bom ele esperou e nem sempre conseguiu neste mundo. \u00c9 o coroamento da vida. \u00c9 a perfeita e plena realiza\u00e7\u00e3o humana e crist\u00e3. Na perspectiva crist\u00e3, a morte se torna bendita porque \u00e9 nossa liberta\u00e7\u00e3o. Assim reza a ora\u00e7\u00e3o do pref\u00e1cio dos mortos: \u201c\u00d3, Pai,\u00a0para os que cr\u00eaem em v\u00f3s a vida n\u00e3o \u00e9 tirada, mas transformada e desfeito o nosso corpo mortal, nos \u00e9 dado, nos c\u00e9us, um corpo imperec\u00edvel e aos que a certeza da morte entristece, a promessa da imortalidade consola\u201d.<\/p>\n<p style=\"text-align: justify\">Por\u00e9m, devemos lembrar que a vida eterna come\u00e7a aqui e agora. Quem vive com Deus neste mundo viver\u00e1 com Ele eternamente. Quem tem Cristo na sua vida, vai t\u00ea-lo na outra vida. Quem vive no amor e na harmonia com seus irm\u00e3os, continuar\u00e1 na outra vida na plenitude do amor.\u00a0\u00a0Quem vive uma vida reconciliada e pacificada com seus irm\u00e3os, tamb\u00e9m, continuar\u00e1 na outra vida na perfeita reconcilia\u00e7\u00e3o. Por isso, a hora de amar, de perdoar, de servir, de espalhar o bem \u00e9 agora. N\u00e3o deixe para amanh\u00e3 o que voc\u00ea pode fazer hoje! Pois, o amanh\u00e3 pode n\u00e3o acontecer! No momento do encontro final com Deus, de nada vale o dinheiro, o sucesso, o prest\u00edgio, a beleza, a fama etc. Por\u00e9m, o que conta s\u00e3o nossas boas obras e a retid\u00e3o do agir. Levaremos em nossa bagagem, o bem que realizamos ao longo da vida. Sobretudo para os mais pobres. Pois, assim nos diz a\u00a0divina senten\u00e7a: \u201cVinde, benditos do meu Pai, recebei por heran\u00e7a o reino preparado para v\u00f3s desde a funda\u00e7\u00e3o do mundo. Pois tive com fome e me deste de comer. Tive e sede e me deste de beber. Estive nu e me vestistes\u201d (Mt,25,34). Esta passagem b\u00edblica no revela que o crit\u00e9rio para o nosso julgamento, ser\u00e1 o exerc\u00edcio do amor e da caridade para com o pr\u00f3ximo, sobretudo, os exclu\u00eddos que s\u00e3o os mais pobres dentre os pobres.<\/p>\n<p style=\"text-align: justify\">Os soci\u00f3logos os chamam, hoje, de \u201cmassa sobrante\u201d, isto \u00e9, est\u00e3o fora do banquete da vida. Temos urg\u00eancia de encontr\u00e1-los como irm\u00e3os neste mundo, antes de termos de nos defrontar com eles como nossos ju\u00edzes diante de Deus! Por isso, o pobre necessitado que bate a nossa porta, al\u00e9m de testar a nossa caridade crist\u00e3, pode se transformar num canal ou instrumento de\u00a0nossa salva\u00e7\u00e3o. Frederico Ozanan afirmou: \u201cPrecisamos olhar para o pobre como algu\u00e9m que \u00e9 igual ou superior a n\u00f3s. Porque ele suporta aquilo que n\u00f3s n\u00e3o suportamos: fome, mis\u00e9ria, doen\u00e7as, falta de moradia e conforto material\u201d.<\/p>\n<p style=\"text-align: justify\">O Papa Francisco, por ocasi\u00e3o do ano da miseric\u00f3rdia, ensinou que: \u201cA \u00faltima obra de miseric\u00f3rdia espiritual pede para rezar pelos vivos e pelos defuntos. A essa podemos acrescentar tamb\u00e9m a \u00faltima obra de miseric\u00f3rdia corporal, que convida a enterrar os mortos. Este \u00faltimo pode parecer um pedido estranho; e, em vez disso, em algumas partes do mundo que vivem sob o flagelo da guerra, com bombardeios que dia e noite semeiam medo e v\u00edtimas inocentes, esta obra \u00e9 tristemente atual. A B\u00edblia tem um belo exemplo a prop\u00f3sito: aquele do velho Tobit que, arriscando a pr\u00f3pria <a href=\"https:\/\/www.acidigital.com\/vida\/index.html\" target=\"_blank\" rel=\"noopener\">vida<\/a>, enterrava os mortos apesar da proibi\u00e7\u00e3o do rei (cfr Tb 1, 17-19; 2, 2-4). Tamb\u00e9m hoje h\u00e1 quem arrisca a vida para dar sepultura \u00e0s pobres v\u00edtimas das guerras. Portanto, esta obra de miseric\u00f3rdia corporal n\u00e3o est\u00e1 distante da nossa exig\u00eancia cotidiana. E nos faz pensar naquilo que acontece na Sexta-Feira Santa, quando a <a href=\"https:\/\/www.acidigital.com\/Maria\/index.html\" target=\"_blank\" rel=\"noopener\">Virgem Maria<\/a>, com Jo\u00e3o e algumas mulheres, estavam junto \u00e0 cruz de Jesus. Depois da sua morte, vem Jos\u00e9 de Arimateia, um homem rico, membro do Sin\u00e9drio, mas que se tornou disc\u00edpulo de Jesus, oferece para ele o seu sepulcro novo, escavado na rocha. Foi pessoalmente a Pilatos e pediu o corpo de Jesus: uma verdadeira obra de miseric\u00f3rdia feita com grande coragem (cfr Mt 27, 57-60)! Para os crist\u00e3os, a sepultura \u00e9 um ato de piedade, mas tamb\u00e9m um ato de grande f\u00e9. Colocamos no t\u00famulo o corpo dos nossos entes queridos, com a esperan\u00e7a de sua ressurrei\u00e7\u00e3o (cfr 1 Cor 15, 1-34). Este \u00e9 um rito que permanece muito forte e sentido no nosso povo, e que encontra resson\u00e2ncias especiais neste m\u00eas de novembro dedicado em particular \u00e0 recorda\u00e7\u00e3o e \u00e0 ora\u00e7\u00e3o pelos defuntos\u201d. <a href=\"https:\/\/www.acidigital.com\/noticias\/texto-catequese-do-papa-francisco-sobre-rezar-pelos-vivos-e-pelos-mortos-10557\" target=\"_blank\" rel=\"noopener\">https:\/\/www.acidigital.com\/noticias\/texto-catequese-do-papa-francisco-sobre-rezar-pelos-vivos-e-pelos-mortos-10557<\/a>, ultimo acesso em 20 de outubro de 2018.<\/p>\n<p style=\"text-align: justify\">N\u00e3o esque\u00e7amos que para os mortos n\u00e3o bastam oferecer flores, velas e visitas aos Cemit\u00e9rios. Esses s\u00e3o sinais de algo mais profundo, ou seja: precisamos oferecer ora\u00e7\u00f5es, s\u00faplicas de perd\u00e3o, sacrif\u00edcios e esmolas aos pobres (caridade). S\u00e3o estes gestos crist\u00e3os que agradam a Deus e retornam para nossas vidas em forma de b\u00ean\u00e7\u00e3o, de alegria e conforto espiritual.<\/p>\n<p style=\"text-align: justify\">A santa Missa, sacrif\u00edcio eucar\u00edstico, \u00e9 sem d\u00favida o maior presente aos falecidos. A Igreja oferece o sacrif\u00edcio eucar\u00edstico da p\u00e1scoa de Cristo e eleva a Deus suas ora\u00e7\u00f5es e sufr\u00e1gios pela salva\u00e7\u00e3o de todos os fi\u00e9is defuntos, pois, suas almas devem ser purificadas para serem recebidas nos c\u00e9us entre os santos eleitos.<\/p>\n<p style=\"text-align: justify\">Que as almas de todos os fi\u00e9is defuntos, pela infinita bondade e miseric\u00f3rdia de Deus, descansem para sempre na luz de Cristo!<\/p>\n<p style=\"text-align: justify\">\n<p style=\"text-align: justify\">\n<p style=\"text-align: justify\">\n","protected":false},"excerpt":{"rendered":"<p>Cardeal\u00a0Orani Jo\u00e3o Tempesta Arcebispo Metropolitano de S\u00e3o Sebasti\u00e3o do Rio de Janeiro (RJ)\u00a0 O\u00a0dia de finados, deve ser um dia de ora\u00e7\u00e3o, de homenagem crist\u00e3 aos nossos entes queridos falecidos, e, tamb\u00e9m, um dia de reflex\u00e3o sobre o mist\u00e9rio\u00a0da morte e da ressurrei\u00e7\u00e3o que marcam nossas vidas. Nesse dia cada sacerdote poder\u00e1 celebrar tr\u00eas missas. &hellip;<\/p>\n<p class=\"read-more\"> <a class=\"\" href=\"https:\/\/www.cnbb.org.br\/finados-2\/\"> <span class=\"screen-reader-text\">Finados<\/span> Leia mais &raquo;<\/a><\/p>\n","protected":false},"author":31,"featured_media":0,"comment_status":"closed","ping_status":"open","sticky":false,"template":"","format":"standard","meta":{"site-sidebar-layout":"default","site-content-layout":"default","ast-global-header-display":"","ast-banner-title-visibility":"","ast-main-header-display":"","ast-hfb-above-header-display":"","ast-hfb-below-header-display":"","ast-hfb-mobile-header-display":"","site-post-title":"","ast-breadcrumbs-content":"","ast-featured-img":"","footer-sml-layout":"","theme-transparent-header-meta":"","adv-header-id-meta":"","stick-header-meta":"","header-above-stick-meta":"","header-main-stick-meta":"","header-below-stick-meta":""},"categories":[758],"tags":[],"acf":[],"_links":{"self":[{"href":"https:\/\/www.cnbb.org.br\/cnbb-app\/wp\/v2\/posts\/32329"}],"collection":[{"href":"https:\/\/www.cnbb.org.br\/cnbb-app\/wp\/v2\/posts"}],"about":[{"href":"https:\/\/www.cnbb.org.br\/cnbb-app\/wp\/v2\/types\/post"}],"author":[{"embeddable":true,"href":"https:\/\/www.cnbb.org.br\/cnbb-app\/wp\/v2\/users\/31"}],"replies":[{"embeddable":true,"href":"https:\/\/www.cnbb.org.br\/cnbb-app\/wp\/v2\/comments?post=32329"}],"version-history":[{"count":0,"href":"https:\/\/www.cnbb.org.br\/cnbb-app\/wp\/v2\/posts\/32329\/revisions"}],"wp:attachment":[{"href":"https:\/\/www.cnbb.org.br\/cnbb-app\/wp\/v2\/media?parent=32329"}],"wp:term":[{"taxonomy":"category","embeddable":true,"href":"https:\/\/www.cnbb.org.br\/cnbb-app\/wp\/v2\/categories?post=32329"},{"taxonomy":"post_tag","embeddable":true,"href":"https:\/\/www.cnbb.org.br\/cnbb-app\/wp\/v2\/tags?post=32329"}],"curies":[{"name":"wp","href":"https:\/\/api.w.org\/{rel}","templated":true}]}}