{"id":32346,"date":"2018-10-30T00:00:00","date_gmt":"2018-10-30T03:00:00","guid":{"rendered":"https:\/\/www.cnbb.org.br\/eu-verei-a-deus\/"},"modified":"2018-10-30T00:00:00","modified_gmt":"2018-10-30T03:00:00","slug":"eu-verei-a-deus","status":"publish","type":"post","link":"https:\/\/www.cnbb.org.br\/eu-verei-a-deus\/","title":{"rendered":"Eu verei a Deus"},"content":{"rendered":"<p style=\"text-align: right\"><strong>Dom Adelar Baruffi<\/strong><br \/>\n<strong>Bispo de Cruz Alta<\/strong><\/p>\n<p>&nbsp;<\/p>\n<p style=\"text-align: justify\">Os crist\u00e3os mant\u00e9m uma antiga tradi\u00e7\u00e3o de visitar os t\u00famulos dos falecidos e rezar por eles. No Dia de Finados a saudade dos que j\u00e1 partiram se mistura com muitas interroga\u00e7\u00f5es. Talvez surjam mais perguntas do que respostas. O cuidado com o t\u00famulo que guarda os restos mortais, as flores a\u00ed depositadas e as ora\u00e7\u00f5es que s\u00e3o feitas por eles s\u00e3o sinais da comunh\u00e3o que nem a morte consegue romper. O amor e o bem permanecem para al\u00e9m da morte.<\/p>\n<p style=\"text-align: justify\">Por\u00e9m, o Dia de Finados \u00e9 a ocasi\u00e3o em que mais claramente expressamos nosso desejo e convic\u00e7\u00e3o que brotam de nossa esperan\u00e7a na vida eterna. J\u00e1 no Antigo Testamento, o profeta J\u00f3, no final das prova\u00e7\u00f5es que passou disse: \u201cEu sei que meu redentor est\u00e1 vivo e que, por \u00faltimo, se levantar\u00e1 sobre o p\u00f3; e depois que tiverem destru\u00eddo esta minha pele, na minha carne, verei a Deus\u201d (Jo 19,25-26).\u00a0 Mas os homens e mulheres do nosso tempo ainda desejam e esperam a vida eterna, a vida plena em Deus? Para muitos a vida terrena, mesmo entre pessoas de f\u00e9 crist\u00e3, tornou-se o \u00fanico horizonte poss\u00edvel. A tirania de uma felicidade que n\u00e3o suporta a prova\u00e7\u00e3o e o sofrimento, baseada na l\u00f3gica do consumo, acabou por idolatrar o tempo presente. O agora, embora fugaz, tornou-se definitivo. Ainda h\u00e1 espa\u00e7o para a inquietude humana de plenitude que vai al\u00e9m da pr\u00f3pria morte? Por isso, a quest\u00e3o da morte, enigma mais importante da vida humana (cf. GS 18), \u00e9 camuflada e pouco tematizada.<\/p>\n<p style=\"text-align: justify\">Na liturgia eucar\u00edstica, no in\u00edcio da grande prece, o que preside reza: \u201cCora\u00e7\u00f5es ao alto\u201d e a assembleia responde \u201cO nosso cora\u00e7\u00e3o est\u00e1 em Deus\u201d. Na liturgia expressamos que aqui n\u00e3o vivemos a realidade definitiva de nossa vida. A b\u00fassola que orienta e d\u00e1 sentido a nossa vida se volta para o alto, para Deus, est\u00e1 em Deus. Jesus deu um sentido novo a toda nossa exist\u00eancia e tamb\u00e9m ao morrer. Ele pr\u00f3prio compreendeu o fim da passagem neste mundo como \u201cpassagem deste mundo para o Pai\u201d (Jo 13,1).<\/p>\n<p style=\"text-align: justify\">Assim, nossa rela\u00e7\u00e3o com os defuntos \u00e9 compreendida pela nossa comunh\u00e3o em Cristo. Na comunh\u00e3o dos santos, que se origina pelo fato de estarmos unidos pelo nosso batismo em Cristo, aqueles que j\u00e1 partiram formam conosco uma \u00fanica fam\u00edlia. Oferecer ora\u00e7\u00f5es e sufr\u00e1gios pelos falecidos \u00e9 atestada pela Escritura como uma obra salutar (cf. 2Mac 12,46). Nosso sufr\u00e1gio \u00e9 uma s\u00faplica insistente a Deus para que tenha miseric\u00f3rdia dos fi\u00e9is defuntos, os purifique e os acolha consigo.<\/p>\n<p style=\"text-align: justify\">Enfim, no Dia de Finados, ao visitarmos os cemit\u00e9rios e ao rezarmos pelos falecidos, reavivamos a consci\u00eancia da nossa finitude terrena e a certeza que o dom da vida se torna eterno \u201cem Deus\u201d, donde viemos, para uma \u00fanica peregrina\u00e7\u00e3o neste mundo, e para quem retornamos. O crist\u00e3o tem uma esperan\u00e7a segura, como disc\u00edpulo de Jesus Cristo, pois \u201cCristo ressuscitou dos mortos como prim\u00edcias dos que morreram\u201d (1Cor 15,20). N\u00e3o \u00e9 salutar especular demasiadamente e buscar muitas explica\u00e7\u00f5es, mas reafirmar, com f\u00e9 e esperan\u00e7a, nossa confian\u00e7a na bondade e paternidade divinas que nos permite afirmar, com certeza: \u201cverei a Deus\u201d (Jo 19,26).<\/p>\n<p style=\"text-align: justify\">\n","protected":false},"excerpt":{"rendered":"<p>Dom Adelar Baruffi Bispo de Cruz Alta &nbsp; Os crist\u00e3os mant\u00e9m uma antiga tradi\u00e7\u00e3o de visitar os t\u00famulos dos falecidos e rezar por eles. No Dia de Finados a saudade dos que j\u00e1 partiram se mistura com muitas interroga\u00e7\u00f5es. Talvez surjam mais perguntas do que respostas. O cuidado com o t\u00famulo que guarda os restos &hellip;<\/p>\n<p class=\"read-more\"> <a class=\"\" href=\"https:\/\/www.cnbb.org.br\/eu-verei-a-deus\/\"> <span class=\"screen-reader-text\">Eu verei a Deus<\/span> Leia mais &raquo;<\/a><\/p>\n","protected":false},"author":26,"featured_media":0,"comment_status":"closed","ping_status":"open","sticky":false,"template":"","format":"standard","meta":{"site-sidebar-layout":"default","site-content-layout":"default","ast-global-header-display":"","ast-banner-title-visibility":"","ast-main-header-display":"","ast-hfb-above-header-display":"","ast-hfb-below-header-display":"","ast-hfb-mobile-header-display":"","site-post-title":"","ast-breadcrumbs-content":"","ast-featured-img":"","footer-sml-layout":"","theme-transparent-header-meta":"","adv-header-id-meta":"","stick-header-meta":"","header-above-stick-meta":"","header-main-stick-meta":"","header-below-stick-meta":""},"categories":[758],"tags":[],"acf":[],"_links":{"self":[{"href":"https:\/\/www.cnbb.org.br\/cnbb-app\/wp\/v2\/posts\/32346"}],"collection":[{"href":"https:\/\/www.cnbb.org.br\/cnbb-app\/wp\/v2\/posts"}],"about":[{"href":"https:\/\/www.cnbb.org.br\/cnbb-app\/wp\/v2\/types\/post"}],"author":[{"embeddable":true,"href":"https:\/\/www.cnbb.org.br\/cnbb-app\/wp\/v2\/users\/26"}],"replies":[{"embeddable":true,"href":"https:\/\/www.cnbb.org.br\/cnbb-app\/wp\/v2\/comments?post=32346"}],"version-history":[{"count":0,"href":"https:\/\/www.cnbb.org.br\/cnbb-app\/wp\/v2\/posts\/32346\/revisions"}],"wp:attachment":[{"href":"https:\/\/www.cnbb.org.br\/cnbb-app\/wp\/v2\/media?parent=32346"}],"wp:term":[{"taxonomy":"category","embeddable":true,"href":"https:\/\/www.cnbb.org.br\/cnbb-app\/wp\/v2\/categories?post=32346"},{"taxonomy":"post_tag","embeddable":true,"href":"https:\/\/www.cnbb.org.br\/cnbb-app\/wp\/v2\/tags?post=32346"}],"curies":[{"name":"wp","href":"https:\/\/api.w.org\/{rel}","templated":true}]}}