{"id":32349,"date":"2018-10-31T00:00:00","date_gmt":"2018-10-31T03:00:00","guid":{"rendered":"https:\/\/www.cnbb.org.br\/dom-leonardo-steiner-momento-de-reconciliacao-e-dialogo-nacional\/"},"modified":"2020-10-23T16:06:04","modified_gmt":"2020-10-23T19:06:04","slug":"dom-leonardo-steiner-momento-de-reconciliacao-e-dialogo-nacional","status":"publish","type":"post","link":"https:\/\/www.cnbb.org.br\/dom-leonardo-steiner-momento-de-reconciliacao-e-dialogo-nacional\/","title":{"rendered":"Dom Leonardo Steiner: momento de reconcilia\u00e7\u00e3o e di\u00e1logo nacional"},"content":{"rendered":"<div class=\"article__subTitle\" style=\"text-align: justify\">Dom Leonardo Ulrich Steiner, Secret\u00e1rio-Geral da Confer\u00eancia Nacional dos Bispos do Brasil (CNBB) fala ao Vatican News sobre as elei\u00e7\u00f5es presidenciais no Brasil, que deu a vit\u00f3ria ao candidato Jair Bolsonaro. Para Dom Leonardo o fato de as elei\u00e7\u00f5es terem corrido em um ambiente harm\u00f4nico \u00e9 um bom sinal \u201csinal de que os brasileiros querem um pa\u00eds com conviv\u00eancia mais fraterna, mais irm\u00e3!&#8221;.<\/div>\n<div class=\"article__text\">\n<p style=\"text-align: justify\"><b>Futuro do Brasil<br \/>\n<\/b>Quanto ao futuro, do Brasil, depende de \u201ccomo se comportar\u00e1 o Supremo Tribunal, o Executivo e o Legislativo, s\u00e3o os tr\u00eas poderes que devem ajudar o Brasil\u201d. Por\u00e9m, para o Bispo, \u201cexiste uma preocupa\u00e7\u00e3o porque muitas das afirma\u00e7\u00f5es durante o tempo das elei\u00e7\u00f5es n\u00e3o eram favor\u00e1veis aos ind\u00edgenas, quilombolas, pobres e aos direitos humanos\u201d. Ent\u00e3o tudo depende deste per\u00edodo p\u00f3s elei\u00e7\u00e3o se muda a linguagem e as atitudes.<\/p>\n<p style=\"text-align: justify\"><b>Reconcilia\u00e7\u00e3o e comunh\u00e3o<br \/>\n<\/b>Dom Leonardo acredita que \u201ccomo sociedade brasileira da qual a CNBB faz parte, agora temos um momento necessariamente de comunh\u00e3o\u201d. Recordando a nota da CNBB antes das elei\u00e7\u00f5es diz que foi falado de \u201creconcilia\u00e7\u00e3o\u201d,\u00a0 v\u00e1rias entidades buscam isso neste momento. \u201cDepois da elei\u00e7\u00e3o busquemos defender a democracia com a reconcilia\u00e7\u00e3o&#8221;.<\/p>\n<p style=\"text-align: justify\"><b>Democracia<br \/>\n<\/b>Ao falar de democracia, diz o bispo \u201cfala-se no sentido de que as pessoas possam participar ativamente, viver na liberdade, mas ao mesmo tempo ter pol\u00edticas p\u00fablicas em benef\u00edcio de todos, essa \u00e9 a tarefa de toda a sociedade\u201d.<\/p>\n<p style=\"text-align: justify\"><b>Tempo de estender a m\u00e3o<br \/>\n<\/b>Hoje no Brasil existe divis\u00f5es mas tamb\u00e9m tens\u00f5es, e n\u00e3o s\u00f3 na sociedade, mas nas nossas pr\u00f3prias fam\u00edlias, por isso chegou o tempo de fazer um movimento \u201cde estender a m\u00e3o, saber ouvir! O tempo das elei\u00e7\u00f5es foi um tempo que n\u00e3o soube ouvir, havia a capacidade de agress\u00e3o e n\u00e3o da palavra, n\u00e3o da escuta \u2013 diz o bispo &#8211; e esse tempo da escuta e da palavra deve vir agora.<\/p>\n<p style=\"text-align: justify\"><b>Abrir-se ao di\u00e1logo<br \/>\n<\/b>Ao comentar sobre qual seria o papel da Igreja para que este Brasil dividido possa se reencontrar, Dom Leonardo diz que n\u00e3o ser\u00e1 uma tarefa f\u00e1cil, depende da atitude dos governantes, evidenciado que \u201cquando um governo assume precisa ouvir a sociedade, n\u00e3o se impor, sen\u00e3o os movimentos sociais come\u00e7am a se manifestar ir \u00e0s ruas e isso leva a tens\u00f5es e divis\u00f5es maiores ainda. Por isso o Governo precisa estender a m\u00e3o e abrir-se ao di\u00e1logo\u201d.<\/p>\n<p style=\"text-align: justify\"><b>Papel da Igreja<br \/>\n<\/b>Quanto ao papel da Igreja para diminuir as divis\u00f5es, Dom Leonardo confirma que a CNBB \u201cnunca indicou um candidato, mas foram indicados crit\u00e9rios para escolher um candidato. Tais crit\u00e9rios s\u00e3o a democracia, di\u00e1logo, op\u00e7\u00e3o pelos pobres, defesa da vida em todos os sentidos, n\u00e3o apenas a quest\u00e3o do aborto, mas fala-se de toda a abrang\u00eancia que a palavra\u00a0<i>vida<\/i>\u00a0tem, inclusive a quest\u00e3o do meio ambiente. Por\u00e9m, frisou Dom Leonardo, \u201ccomo Igreja \u00e9 preciso ajudar a articular para o di\u00e1logo e criar um movimento dentro do Brasil, para que possamos sentar todos juntos ao redor de uma mesa\u201d. \u201c\u00c9 um trabalho dif\u00edcil mas a Igreja n\u00e3o vai se furtar a esta tarefa que o Evangelho nos confia, de criarmos uma fraternidade. Fraternidade significa um rumo, um rumo que \u00e9 de justi\u00e7a, de verdade e de amor.<\/p>\n<p style=\"text-align: justify\"><b>Mensagem ao novo Presidente<br \/>\n<\/b>\u201cDesejo a Bolsonaro um bom governo, que ele possa governar para os brasileiros, para todos os brasileiros, todos. Se ele o fizer, certamente ter\u00e1 feito um bom governo\u201d.<\/p>\n<p>Confira a entrevista na \u00edntegra:<\/p>\n<!--[if lt IE 9]><script>document.createElement('audio');<\/script><![endif]-->\n<audio class=\"wp-audio-shortcode\" id=\"audio-32349-1\" preload=\"none\" style=\"width: 100%;\" controls=\"controls\"><source type=\"audio\/mpeg\" src=\"https:\/\/media.vaticannews.va\/media\/audio\/s1\/2018\/10\/31\/10\/134699126_F134699126.mp3?_=1\" \/><a href=\"https:\/\/media.vaticannews.va\/media\/audio\/s1\/2018\/10\/31\/10\/134699126_F134699126.mp3\" target=\"_blank\" rel=\"noopener\">https:\/\/media.vaticannews.va\/media\/audio\/s1\/2018\/10\/31\/10\/134699126_F134699126.mp3<\/a><\/audio>\n<p style=\"text-align: justify\"><em>(Texto: Vatican News)<\/em><\/p>\n<\/div>\n","protected":false},"excerpt":{"rendered":"<p>\u201cO tempo das elei\u00e7\u00f5es foi um tempo que n\u00e3o soube ouvir&#8221;, disse<\/p>\n","protected":false},"author":83,"featured_media":32350,"comment_status":"closed","ping_status":"open","sticky":false,"template":"","format":"standard","meta":{"site-sidebar-layout":"default","site-content-layout":"default","ast-global-header-display":"","ast-banner-title-visibility":"","ast-main-header-display":"","ast-hfb-above-header-display":"","ast-hfb-below-header-display":"","ast-hfb-mobile-header-display":"","site-post-title":"","ast-breadcrumbs-content":"","ast-featured-img":"","footer-sml-layout":"","theme-transparent-header-meta":"","adv-header-id-meta":"","stick-header-meta":"","header-above-stick-meta":"","header-main-stick-meta":"","header-below-stick-meta":""},"categories":[797],"tags":[2409],"acf":[],"_links":{"self":[{"href":"https:\/\/www.cnbb.org.br\/cnbb-app\/wp\/v2\/posts\/32349"}],"collection":[{"href":"https:\/\/www.cnbb.org.br\/cnbb-app\/wp\/v2\/posts"}],"about":[{"href":"https:\/\/www.cnbb.org.br\/cnbb-app\/wp\/v2\/types\/post"}],"author":[{"embeddable":true,"href":"https:\/\/www.cnbb.org.br\/cnbb-app\/wp\/v2\/users\/83"}],"replies":[{"embeddable":true,"href":"https:\/\/www.cnbb.org.br\/cnbb-app\/wp\/v2\/comments?post=32349"}],"version-history":[{"count":0,"href":"https:\/\/www.cnbb.org.br\/cnbb-app\/wp\/v2\/posts\/32349\/revisions"}],"wp:featuredmedia":[{"embeddable":true,"href":"https:\/\/www.cnbb.org.br\/cnbb-app\/wp\/v2\/media\/32350"}],"wp:attachment":[{"href":"https:\/\/www.cnbb.org.br\/cnbb-app\/wp\/v2\/media?parent=32349"}],"wp:term":[{"taxonomy":"category","embeddable":true,"href":"https:\/\/www.cnbb.org.br\/cnbb-app\/wp\/v2\/categories?post=32349"},{"taxonomy":"post_tag","embeddable":true,"href":"https:\/\/www.cnbb.org.br\/cnbb-app\/wp\/v2\/tags?post=32349"}],"curies":[{"name":"wp","href":"https:\/\/api.w.org\/{rel}","templated":true}]}}