{"id":32363,"date":"2018-11-01T00:00:00","date_gmt":"2018-11-01T03:00:00","guid":{"rendered":"https:\/\/www.cnbb.org.br\/celebrar-e-viver-a-comunhao-dos-santos\/"},"modified":"2018-11-01T00:00:00","modified_gmt":"2018-11-01T03:00:00","slug":"celebrar-e-viver-a-comunhao-dos-santos","status":"publish","type":"post","link":"https:\/\/www.cnbb.org.br\/celebrar-e-viver-a-comunhao-dos-santos\/","title":{"rendered":"Celebrar e viver a Comunh\u00e3o dos Santos"},"content":{"rendered":"<p style=\"text-align: right\"><strong>Dom Roberto Francisco Ferreria Paz<\/strong><br \/>\n<strong>Bispo \u00a0de Campos (RJ)<\/strong><\/p>\n<p style=\"text-align: justify\">O m\u00eas de novembro tr\u00e1s, para n\u00f3s, a perspectiva escatol\u00f3gica (final da vida e do mundo e o que nos espera) e a Comemora\u00e7\u00e3o anual do Dia de Finados \u00e9 um momento importante para a reflex\u00e3o e, na serenidade e esperan\u00e7a crist\u00e3, renovar a nossa solidariedade com nossos irm\u00e3os falecidos. Desde os in\u00edcios do Evangelho, nas primeiras comunidades, ficou muito claro para os que seguem a Cristo, que Ele se apresenta como a Ressurrei\u00e7\u00e3o e a Porta para a vida eterna.<\/p>\n<p style=\"text-align: justify\">O primeiro termo, que designou a Igreja, foi a de Comunh\u00e3o dos Santos, incluindo, n\u00e3o s\u00f3 os que estavam vivos, mas os que j\u00e1 se encontravam no Senhor. Aprofundar esses v\u00ednculos imperecedouros, na caridade crist\u00e3, constitui a grandiosa finalidade deste Dia. N\u00e3o se trata, portanto, de uma recorda\u00e7\u00e3o triste ou amargurada, mas na leg\u00edtima saudade, fazer experi\u00eancia da presen\u00e7a e vigor de la\u00e7os de afeto e amizade que n\u00e3o morrem.<\/p>\n<p style=\"text-align: justify\">Mas, tamb\u00e9m despertar em n\u00f3s a voca\u00e7\u00e3o de ressuscitados, que j\u00e1 come\u00e7ou, ensinando-nos a viver sem \u00f3dio e sem medo. Quem vive na certeza de uma exist\u00eancia ascensional, rumo \u00e1 casa do Pai, supera os bloqueios e os ego\u00edsmos, bem como as m\u00e1fias traficantes da opress\u00e3o e da guerra que nos intimidam e amea\u00e7am.<\/p>\n<p style=\"text-align: justify\">Foi, assim, que um jornalista crist\u00e3o, que denunciava no seu pa\u00eds, El Salvador, a a\u00e7\u00e3o dos esquadr\u00f5es da morte locais, que o haviam avisado que morreria se n\u00e3o parasse, respondeu: \u201cQue podem fazer-me, se me matarem, ressuscitarei, porque acredito na P\u00e1scoa de Cristo Libertador!\u201d. Ningu\u00e9m pode separar-nos do amor de Cristo, por isso, com a certeza na frente e a hist\u00f3ria na m\u00e3o, com olhos fixos em Cristo Bom Pastor e apaixonados pelo Reino, testemunhemos a vit\u00f3ria definitiva da vida total que nos espera. Deus seja louvado!<\/p>\n","protected":false},"excerpt":{"rendered":"<p>Dom Roberto Francisco Ferreria Paz Bispo \u00a0de Campos (RJ) O m\u00eas de novembro tr\u00e1s, para n\u00f3s, a perspectiva escatol\u00f3gica (final da vida e do mundo e o que nos espera) e a Comemora\u00e7\u00e3o anual do Dia de Finados \u00e9 um momento importante para a reflex\u00e3o e, na serenidade e esperan\u00e7a crist\u00e3, renovar a nossa solidariedade &hellip;<\/p>\n<p class=\"read-more\"> <a class=\"\" href=\"https:\/\/www.cnbb.org.br\/celebrar-e-viver-a-comunhao-dos-santos\/\"> <span class=\"screen-reader-text\">Celebrar e viver a Comunh\u00e3o dos Santos<\/span> Leia mais &raquo;<\/a><\/p>\n","protected":false},"author":23,"featured_media":0,"comment_status":"closed","ping_status":"open","sticky":false,"template":"","format":"standard","meta":{"site-sidebar-layout":"default","site-content-layout":"default","ast-global-header-display":"","ast-banner-title-visibility":"","ast-main-header-display":"","ast-hfb-above-header-display":"","ast-hfb-below-header-display":"","ast-hfb-mobile-header-display":"","site-post-title":"","ast-breadcrumbs-content":"","ast-featured-img":"","footer-sml-layout":"","theme-transparent-header-meta":"","adv-header-id-meta":"","stick-header-meta":"","header-above-stick-meta":"","header-main-stick-meta":"","header-below-stick-meta":""},"categories":[758],"tags":[],"acf":[],"_links":{"self":[{"href":"https:\/\/www.cnbb.org.br\/cnbb-app\/wp\/v2\/posts\/32363"}],"collection":[{"href":"https:\/\/www.cnbb.org.br\/cnbb-app\/wp\/v2\/posts"}],"about":[{"href":"https:\/\/www.cnbb.org.br\/cnbb-app\/wp\/v2\/types\/post"}],"author":[{"embeddable":true,"href":"https:\/\/www.cnbb.org.br\/cnbb-app\/wp\/v2\/users\/23"}],"replies":[{"embeddable":true,"href":"https:\/\/www.cnbb.org.br\/cnbb-app\/wp\/v2\/comments?post=32363"}],"version-history":[{"count":0,"href":"https:\/\/www.cnbb.org.br\/cnbb-app\/wp\/v2\/posts\/32363\/revisions"}],"wp:attachment":[{"href":"https:\/\/www.cnbb.org.br\/cnbb-app\/wp\/v2\/media?parent=32363"}],"wp:term":[{"taxonomy":"category","embeddable":true,"href":"https:\/\/www.cnbb.org.br\/cnbb-app\/wp\/v2\/categories?post=32363"},{"taxonomy":"post_tag","embeddable":true,"href":"https:\/\/www.cnbb.org.br\/cnbb-app\/wp\/v2\/tags?post=32363"}],"curies":[{"name":"wp","href":"https:\/\/api.w.org\/{rel}","templated":true}]}}