{"id":32366,"date":"2018-11-01T00:00:00","date_gmt":"2018-11-01T03:00:00","guid":{"rendered":"https:\/\/www.cnbb.org.br\/licoes-de-vida-2\/"},"modified":"2018-11-01T00:00:00","modified_gmt":"2018-11-01T03:00:00","slug":"licoes-de-vida-2","status":"publish","type":"post","link":"https:\/\/www.cnbb.org.br\/licoes-de-vida-2\/","title":{"rendered":"Li\u00e7\u00f5es de vida"},"content":{"rendered":"<p style=\"text-align: right\"><strong>Dom Jos\u00e9 Gislon<\/strong><br \/>\n<strong>Bispo de Erexim<\/strong><\/p>\n<p>&nbsp;<\/p>\n<p style=\"text-align: justify\">Estimados Diocesanos! Recordamos e celebramos, como Igreja, comunidade de f\u00e9, que acredita na vida e na ressurrei\u00e7\u00e3o dos mortos, o dia de todos os fi\u00e9is defuntos. Todos n\u00f3s j\u00e1 vivemos a experi\u00eancia da perda de um ente querido, ou tivemos amigos que partiram, para viver na paz a espera da ressurrei\u00e7\u00e3o para a vida plena na casa do Pai.<\/p>\n<p style=\"text-align: justify\">N\u00e3o \u00e9 f\u00e1cil aceitar que o ciclo da vida pode ser interrompido muitas vezes de forma prematura, abrupta e repentina, nos afastando de pessoas que am\u00e1vamos, destruindo sonhos e projetos que hav\u00edamos constru\u00eddo e imagin\u00e1vamos que durariam para sempre.<\/p>\n<p style=\"text-align: justify\">Por princ\u00edpios crist\u00e3os, defendemos que a vida \u00e9 sagrada, \u00e9 dom de Deus, embora nem sempre seja valorizada ou cuidada como deveria. Podemos dizer tamb\u00e9m que ela \u00e9 um caminho, que cada um de n\u00f3s percorre, entre sorrisos e prantos, esperan\u00e7as e desilus\u00f5es, encontros e desencontros. Mesmo assim, vale a pena viver para poder contemplar o brilho das estrelas na noite escura, o raio do sol que nos apresenta um novo dia, as gotas da chuva que saciam a sede da terra e d\u00e3o vida \u00e0 natureza, o sorriso de uma crian\u00e7a e a serenidade no olhar de quem j\u00e1 percorreu um longo caminho, mas n\u00e3o perdeu a esperan\u00e7a no amanh\u00e3.<\/p>\n<p style=\"text-align: justify\">O ser humano v\u00ea diariamente a sombra da morte, mas traz dentro de si \u201ca luz divina\u201d, a esperan\u00e7a da vida. A esperan\u00e7a \u00e9 aquilo que nos permite \u00a0enfrentar as provas da vida, como tamb\u00e9m atravessar as trevas da morte, sem deixar-se abater, recordando que a imortalidade \u00e9 o triunfo final da comunh\u00e3o entre a nossa humanidade e a mesma vida divina.<\/p>\n<p style=\"text-align: justify\">Quantas pessoas que n\u00f3s am\u00e1vamos j\u00e1 partiram para celebrar a P\u00e1scoa definitiva! Partiram, mas continuam presentes no nosso cora\u00e7\u00e3o, porque marcaram profundamente a nossa vida, pelo testemunho de f\u00e9, pela simplicidade e disponibilidade em servir, na fam\u00edlia e na comunidade. Percorreram o caminho da vida no anonimato, mas nos deixaram como heran\u00e7a bonitas li\u00e7\u00f5es de vida, marcadas pela f\u00e9 e gratid\u00e3o a Deus, amor e respeito \u00e0 fam\u00edlia e \u00e0 Igreja comunidade. Aos que partiram pedimos: Dai-lhes Senhor o descanso eterno. E a luz perp\u00e9tua os ilumine. Descansem em paz. Am\u00e9m.<\/p>\n<p style=\"text-align: justify\">\n","protected":false},"excerpt":{"rendered":"<p>Dom Jos\u00e9 Gislon Bispo de Erexim &nbsp; Estimados Diocesanos! Recordamos e celebramos, como Igreja, comunidade de f\u00e9, que acredita na vida e na ressurrei\u00e7\u00e3o dos mortos, o dia de todos os fi\u00e9is defuntos. Todos n\u00f3s j\u00e1 vivemos a experi\u00eancia da perda de um ente querido, ou tivemos amigos que partiram, para viver na paz a &hellip;<\/p>\n<p class=\"read-more\"> <a class=\"\" href=\"https:\/\/www.cnbb.org.br\/licoes-de-vida-2\/\"> <span class=\"screen-reader-text\">Li\u00e7\u00f5es de vida<\/span> Leia mais &raquo;<\/a><\/p>\n","protected":false},"author":20,"featured_media":0,"comment_status":"closed","ping_status":"open","sticky":false,"template":"","format":"standard","meta":{"site-sidebar-layout":"default","site-content-layout":"default","ast-global-header-display":"","ast-banner-title-visibility":"","ast-main-header-display":"","ast-hfb-above-header-display":"","ast-hfb-below-header-display":"","ast-hfb-mobile-header-display":"","site-post-title":"","ast-breadcrumbs-content":"","ast-featured-img":"","footer-sml-layout":"","theme-transparent-header-meta":"","adv-header-id-meta":"","stick-header-meta":"","header-above-stick-meta":"","header-main-stick-meta":"","header-below-stick-meta":""},"categories":[758],"tags":[],"acf":[],"_links":{"self":[{"href":"https:\/\/www.cnbb.org.br\/cnbb-app\/wp\/v2\/posts\/32366"}],"collection":[{"href":"https:\/\/www.cnbb.org.br\/cnbb-app\/wp\/v2\/posts"}],"about":[{"href":"https:\/\/www.cnbb.org.br\/cnbb-app\/wp\/v2\/types\/post"}],"author":[{"embeddable":true,"href":"https:\/\/www.cnbb.org.br\/cnbb-app\/wp\/v2\/users\/20"}],"replies":[{"embeddable":true,"href":"https:\/\/www.cnbb.org.br\/cnbb-app\/wp\/v2\/comments?post=32366"}],"version-history":[{"count":0,"href":"https:\/\/www.cnbb.org.br\/cnbb-app\/wp\/v2\/posts\/32366\/revisions"}],"wp:attachment":[{"href":"https:\/\/www.cnbb.org.br\/cnbb-app\/wp\/v2\/media?parent=32366"}],"wp:term":[{"taxonomy":"category","embeddable":true,"href":"https:\/\/www.cnbb.org.br\/cnbb-app\/wp\/v2\/categories?post=32366"},{"taxonomy":"post_tag","embeddable":true,"href":"https:\/\/www.cnbb.org.br\/cnbb-app\/wp\/v2\/tags?post=32366"}],"curies":[{"name":"wp","href":"https:\/\/api.w.org\/{rel}","templated":true}]}}