{"id":32383,"date":"2018-11-01T00:00:00","date_gmt":"2018-11-01T03:00:00","guid":{"rendered":"https:\/\/www.cnbb.org.br\/a-estrada-da-perfeicao\/"},"modified":"2018-11-01T00:00:00","modified_gmt":"2018-11-01T03:00:00","slug":"a-estrada-da-perfeicao","status":"publish","type":"post","link":"https:\/\/www.cnbb.org.br\/a-estrada-da-perfeicao\/","title":{"rendered":"A estrada da perfei\u00e7\u00e3o"},"content":{"rendered":"<p style=\"text-align: right\"><strong>DOM ALBERTO TAVEIRA CORR\u00caA<br \/>\nArcebispo de Bel\u00e9m do Par\u00e1<\/strong><\/p>\n<p>&nbsp;<\/p>\n<p style=\"text-align: justify\">Com a Igreja celebramos dois acontecimentos dos quais n\u00e3o poderemos fugir. O primeiro \u00e9 o C\u00e9u, a plenitude a ser alcan\u00e7ada, vislumbrada na multid\u00e3o daqueles irm\u00e3os e irm\u00e3s que j\u00e1 chegaram, e n\u00f3s os chamamos de santos, em n\u00famero muito maior do que os oficialmente reconhecidos, beatificados ou canonizados. O outro acontecimento \u00e9 a realidade da morte, lembrada nestes dias com a Comemora\u00e7\u00e3o dos Fi\u00e9is falecidos, no dia de Finados. E chamamos comemora\u00e7\u00e3o, pois n\u00e3o se trar\u00e1 de curtir apenas saudades, mas nutrir esperan\u00e7as. O que sustenta a esperan\u00e7a \u00e9 o sentido do caminho, os passos em vista da perfei\u00e7\u00e3o, a serem dados um dia depois do outro, com decis\u00e3o e ao mesmo tempo com simplicidade.<\/p>\n<p style=\"text-align: justify\">Para come\u00e7ar, um grande ideal h\u00e1 de sustentar as decis\u00f5es. Pensar alto e pensar grande, pensar em realizar-se, desejar o crescimento. E que ideal \u00e9 digno da pessoa humana? Seria muito pouco reduzir suas perspectivas aos sonhos de consumo, t\u00e3o propalados quando insuficientes. S\u00e3o recorrentes as experi\u00eancias de frustra\u00e7\u00e3o, infelizmente dispon\u00edveis para todo gosto. Caem os ideais profissionais, as veleidades pol\u00edticas, a riqueza f\u00e1cil que se prop\u00f5e como resultado da sorte. At\u00e9 perspectivas plenamente leg\u00edtimas e dignas desmoronam. S\u00f3 h\u00e1 um ideal que n\u00e3o passa e que nenhuma bomba ou viol\u00eancia, crise econ\u00f4mica ou destrui\u00e7\u00e3o de projetos podem abater. S\u00f3 Deus e seu amor n\u00e3o passam e n\u00e3o decepcionam. Escolher o que n\u00e3o passa e se sustenta \u00e9 decis\u00e3o inicial para quem quer percorrer a estrada da perfei\u00e7\u00e3o.<\/p>\n<p style=\"text-align: justify\">Um sadio senso de realismo conduz a uma constata\u00e7\u00e3o, que podemos chamar de imperfei\u00e7\u00e3o! Aceitar que sozinhos n\u00e3o somos capazes de alcan\u00e7ar voos mais altos, saber que as duas realidades convivem uma ao lado da outra. Sonhar alto n\u00e3o \u00e9 incompat\u00edvel com a consci\u00eancia das pr\u00f3prias limita\u00e7\u00f5es e fraquezas. N\u00e3o se trata de cultivar eventuais complexos, traumas ou manias, mas aceitar-se limitado, inclusive porque s\u00f3 o grande ideal escolhido, Deus e seu amor, traz consigo a perfei\u00e7\u00e3o. O Senhor n\u00e3o nos quer remoendo fracassos, mas olhando para o alto e para frente!<\/p>\n<p style=\"text-align: justify\">Tanto em rela\u00e7\u00e3o a Deus quanto no trato humano do dia a dia, entra aqui um passo importante. Saber que Deus perdoa, acolher o seu perd\u00e3o, espalhar entre n\u00f3s este perd\u00e3o, buscar a reconcilia\u00e7\u00e3o, aproximar-nos dos mais fracos, vencer o orgulho. \u00c9 uma escolha sadia! Se olharmos para a vida dos santos, foram eles os primeiros a se reconhecerem pecadores e fr\u00e1geis diante da perfei\u00e7\u00e3o de Deus, resplandecendo em suas vidas o desmoronamento de todo tipo de orgulho.<\/p>\n<p style=\"text-align: justify\">Quem quer ser perfeito, h\u00e1 de come\u00e7ar com as coisas simples. Fazer bem todas as coisas, cuidar do entorno de sua vida com simplicidade, n\u00e3o desprezar as oportunidades para cumprimentar, ajudar, prestar aten\u00e7\u00e3o, agir com gentileza. Boa ideia pode ser a supera\u00e7\u00e3o da pressa, da cara fechada, a falta de aten\u00e7\u00e3o com o bem a ser feito, de forma a terminar o dia cansados de fazer pequenos atos de amor, um cansa\u00e7o \u201crepousante\u201d!<\/p>\n<p style=\"text-align: justify\">A estrada da perfei\u00e7\u00e3o pede ainda a capacidade de colaborar com os outros, aceitar ajuda, descobrir que n\u00e3o estamos sozinhos na estrada. Ningu\u00e9m caminha sozinho, muita gente vai ao lado, vai atr\u00e1s de bons exemplos e de boa companhia, muitos esperam conselhos e exorta\u00e7\u00f5es, ou at\u00e9 suplicam por m\u00e3os que se estendam para ajudar. A vida em comunh\u00e3o e a experi\u00eancia comunit\u00e1ria n\u00e3o s\u00e3o coisas sup\u00e9rfluas e nem manifestam defeitos, mas apontam para o alto e para cima, sim, porque a perfei\u00e7\u00e3o maior \u00e9 aquela que se encontra em Deus, e ele \u00e9 Pai e Filho e Esp\u00edrito Santo!<\/p>\n<p style=\"text-align: justify\">A grandeza dos ideais n\u00e3o nos dispensa a aten\u00e7\u00e3o com a realidade que nos ronda no cotidiano, a possibilidade dos fracassos e a certeza do encontro com aquela que S\u00e3o Francisco chamou de irm\u00e3 morte. Diante dela, s\u00f3 a garantia advinda da f\u00e9 pode fazer-nos ultrapassar os umbrais do desespero e descortinar a porta da esperan\u00e7a. Vida eterna, s\u00f3 na eternidade! Por mais que se esforce para prolongar a vida na terra, mais cedo ou mais tarde n\u00f3s nos encontraremos com a misteriosa e dolorosa experi\u00eancia da morte. Olhando para aquele que \u00e9 Caminho Verdade e Vida, encontramos mais uma vez a estrada: \u201cNingu\u00e9m me tira a vida, mas eu a dou por pr\u00f3pria vontade. Eu tenho poder de d\u00e1-la, como tenho poder de receb\u00ea-la de novo. Tal \u00e9 o encargo que recebi do meu Pai\u201d (Jo 10,18). Tomar posse da vida, transformar tudo o que pode \u201croubar-nos\u201d a alegria de viver, inclusive a doen\u00e7a, os infort\u00fanios e a morte, transformando em dom, oferta de amor. A sa\u00edda \u00e9 dar a vida, entreg\u00e1-la conscientemente. A\u00ed se encontra a felicidade que n\u00e3o passa, a\u00ed est\u00e1 a realiza\u00e7\u00e3o. Este \u00e9 o caminho da perfei\u00e7\u00e3o!<\/p>\n<p style=\"text-align: justify\">O desafio \u00e9 justamente o risco a ser corrido, que podemos chamar de risco da f\u00e9. Quem quiser pode apenas caminhar na eventual l\u00f3gica humana, no af\u00e3 de acumular bens, honras, elogios. Infelizmente o resultado ser\u00e1 um verdadeiro desastre! Em nossas m\u00e3os est\u00e1 o uso do maravilhoso dom da liberdade, com o qual percorremos a estrada da santidade. Sim, a \u00faltima palavra n\u00e3o \u00e9 dos sofrimentos, do pecado ou da morte, mas daquele que \u00e9 o primeiro e o \u00faltimo, o Senhor, o Santo! Vale a pena ouvir a Palavra que a Igreja proclama na festa de todos os santos, para incutir esperan\u00e7a e certeza em nosso caminho: \u201cCar\u00edssimos, desde j\u00e1 somos filhos de Deus, mas nem sequer se manifestou o que seremos! Sabemos que, quando Jesus se manifestar, seremos semelhantes a ele, porque o veremos tal como ele \u00e9\u201d (1 Jo 3,1-2).<\/p>\n","protected":false},"excerpt":{"rendered":"<p>DOM ALBERTO TAVEIRA CORR\u00caA Arcebispo de Bel\u00e9m do Par\u00e1 &nbsp; Com a Igreja celebramos dois acontecimentos dos quais n\u00e3o poderemos fugir. O primeiro \u00e9 o C\u00e9u, a plenitude a ser alcan\u00e7ada, vislumbrada na multid\u00e3o daqueles irm\u00e3os e irm\u00e3s que j\u00e1 chegaram, e n\u00f3s os chamamos de santos, em n\u00famero muito maior do que os oficialmente &hellip;<\/p>\n<p class=\"read-more\"> <a class=\"\" href=\"https:\/\/www.cnbb.org.br\/a-estrada-da-perfeicao\/\"> <span class=\"screen-reader-text\">A estrada da perfei\u00e7\u00e3o<\/span> Leia mais &raquo;<\/a><\/p>\n","protected":false},"author":21,"featured_media":0,"comment_status":"closed","ping_status":"open","sticky":false,"template":"","format":"standard","meta":{"site-sidebar-layout":"default","site-content-layout":"default","ast-global-header-display":"","ast-banner-title-visibility":"","ast-main-header-display":"","ast-hfb-above-header-display":"","ast-hfb-below-header-display":"","ast-hfb-mobile-header-display":"","site-post-title":"","ast-breadcrumbs-content":"","ast-featured-img":"","footer-sml-layout":"","theme-transparent-header-meta":"","adv-header-id-meta":"","stick-header-meta":"","header-above-stick-meta":"","header-main-stick-meta":"","header-below-stick-meta":""},"categories":[758],"tags":[],"acf":[],"_links":{"self":[{"href":"https:\/\/www.cnbb.org.br\/cnbb-app\/wp\/v2\/posts\/32383"}],"collection":[{"href":"https:\/\/www.cnbb.org.br\/cnbb-app\/wp\/v2\/posts"}],"about":[{"href":"https:\/\/www.cnbb.org.br\/cnbb-app\/wp\/v2\/types\/post"}],"author":[{"embeddable":true,"href":"https:\/\/www.cnbb.org.br\/cnbb-app\/wp\/v2\/users\/21"}],"replies":[{"embeddable":true,"href":"https:\/\/www.cnbb.org.br\/cnbb-app\/wp\/v2\/comments?post=32383"}],"version-history":[{"count":0,"href":"https:\/\/www.cnbb.org.br\/cnbb-app\/wp\/v2\/posts\/32383\/revisions"}],"wp:attachment":[{"href":"https:\/\/www.cnbb.org.br\/cnbb-app\/wp\/v2\/media?parent=32383"}],"wp:term":[{"taxonomy":"category","embeddable":true,"href":"https:\/\/www.cnbb.org.br\/cnbb-app\/wp\/v2\/categories?post=32383"},{"taxonomy":"post_tag","embeddable":true,"href":"https:\/\/www.cnbb.org.br\/cnbb-app\/wp\/v2\/tags?post=32383"}],"curies":[{"name":"wp","href":"https:\/\/api.w.org\/{rel}","templated":true}]}}