{"id":32392,"date":"2018-11-03T00:00:00","date_gmt":"2018-11-03T03:00:00","guid":{"rendered":"https:\/\/www.cnbb.org.br\/8o-forum-social-mundial-de-migracoes\/"},"modified":"2018-11-03T00:00:00","modified_gmt":"2018-11-03T03:00:00","slug":"8o-forum-social-mundial-de-migracoes","status":"publish","type":"post","link":"https:\/\/www.cnbb.org.br\/8o-forum-social-mundial-de-migracoes\/","title":{"rendered":"Papa envia mensagem ao 8\u00ba F\u00f3rum Social Mundial de Migra\u00e7\u00f5es"},"content":{"rendered":"<div class=\"article__subTitle\" style=\"text-align: justify\">O F\u00f3rum Social Mundial das Migra\u00e7\u00f5es prossegue at\u00e9 este\u00a0 domingo, 4 de novembro, sobre o tema \u201cMigrar, resistir, construir e transformar\u201d.<\/div>\n<div class=\"article__text\">\n<p style=\"text-align: justify\">O Papa Francisco enviou uma mensagem aos participantes do 8\u00ba F\u00f3rum Social Mundial das Migra\u00e7\u00f5es que teve in\u00edcio, nesta sexta-feira, 2 de novembro, no Centro Cultural Universit\u00e1rio Tlatelolco, em Cidade do M\u00e9xico.<\/p>\n<p style=\"text-align: justify\">O evento, que prossegue at\u00e9 o pr\u00f3ximo domingo (04\/11), tem como tema\u00a0<b>\u201cMigrar, resistir, construir e transformar\u201d.<\/b><\/p>\n<p style=\"text-align: justify\"><b>A\u00e7\u00e3o transformadora<\/b><\/p>\n<p style=\"text-align: justify\">\u201cA transforma\u00e7\u00e3o positiva de nossas sociedades come\u00e7a com a rejei\u00e7\u00e3o de todas as injusti\u00e7as, que hoje buscam sua justificativa na cultura do descarte, uma enfermidade pand\u00eamica do mundo atual. Essa oposi\u00e7\u00e3o \u00e9 vista como um primeiro ato de justi\u00e7a, especialmente quando consegue dar voz ao sem vozes. Dentre eles est\u00e3o os migrantes, os refugiados e os deslocados, que s\u00e3o ignorados, explorados, violados e abusados no sil\u00eancio culpado de muitos\u201d, frisa Francisco no texto.<\/p>\n<p style=\"text-align: justify\">Segundo o Papa, \u201ca a\u00e7\u00e3o transformadora n\u00e3o se limita em denunciar as injusti\u00e7as. \u00c9 necess\u00e1rio identificar pautas de solu\u00e7\u00f5es concretas e vi\u00e1veis, esclarecendo os pap\u00e9is e responsabilidades de todos os envolvidos. No campo da migra\u00e7\u00e3o (migrar), a transforma\u00e7\u00e3o (transformar) se alimenta da resili\u00eancia (resistir) dos migrantes, refugiados e deslocados, e aproveita suas capacidades e aspira\u00e7\u00f5es para a constru\u00e7\u00e3o (construir) de sociedades inclusivas, justas e solid\u00e1rias, capazes de restituir a dignidade aos que vivem com grande incerteza e n\u00e3o podem sonhar um mundo melhor\u201d.<\/p>\n<p style=\"text-align: justify\"><b>Complexidade do fen\u00f4meno migrat\u00f3rio<\/b><\/p>\n<p style=\"text-align: justify\">O Pont\u00edfice destaca que \u201cesse f\u00f3rum visa abordar sete eixos tem\u00e1ticos diretamente relacionados \u00e0 migra\u00e7\u00e3o atual: direitos humanos, fronteiras, incid\u00eancia pol\u00edtica, capitalismo, g\u00eanero, mudan\u00e7as clim\u00e1ticas e din\u00e2micas transnacionais. Trata-se de temas muito importantes que merecem uma reflex\u00e3o atenta e compartilhada por todos os participantes, uma reflex\u00e3o que busca a integra\u00e7\u00e3o de diferentes perspectivas, reconhecendo a complexidade do fen\u00f4meno migrat\u00f3rio\u201d.<\/p>\n<p style=\"text-align: justify\">\u201c\u00c9 justamente por causa dessa complexidade que h\u00e1 dois anos a comunidade internacional se comprometeu com o desenvolvimento de dois processos de consultas e negocia\u00e7\u00f5es, que visam a ado\u00e7\u00e3o de dois pactos mundiais: um para a migra\u00e7\u00e3o segura, ordenada e regular, e outro sobre os refugiados.\u201d<\/p>\n<p style=\"text-align: justify\"><b>Contribui\u00e7\u00e3o da Igreja<\/b><\/p>\n<p style=\"text-align: justify\">O Papa frisa que como contribui\u00e7\u00e3o a esses processos, a Se\u00e7\u00e3o Migrantes e Refugiados, sob sua dire\u00e7\u00e3o, \u201cpreparou um documento com 20 pontos de A\u00e7\u00e3o para o Pacto Global, que prev\u00ea uma s\u00e9rie de medidas eficazes e credenciadas que, no conjunto, constituem uma resposta coerente aos desafios de hoje. Os 20 pontos articulam-se em torno de quatro verbos: acolher, proteger, promover e integrar, que sintetizam a resposta aos desafios colocados \u00e0 comunidade pol\u00edtica, \u00e0 sociedade civil e \u00e0 Igreja pelo fen\u00f4meno migrat\u00f3rio hoje\u201d.<\/p>\n<p style=\"text-align: justify\">Segundo Francisco, \u201cmuitos dos princ\u00edpios declarados e as medidas sugeridas nos 20 Pontos de A\u00e7\u00e3o coincidem com as declara\u00e7\u00f5es que as organiza\u00e7\u00f5es da sociedade civil subscreveram com o desejo de contribuir ao processo iniciado pelas Na\u00e7\u00f5es Unidas na perspectiva dos Pactos Mundiais\u201d.<\/p>\n<p style=\"text-align: justify\"><b>Desenvolvimento de propostas pol\u00edticas<\/b><\/p>\n<p style=\"text-align: justify\">Os Pactos Globais, \u201cal\u00e9m de suas limita\u00e7\u00f5es que a Santa S\u00e9 n\u00e3o deixou de mencionar, e sua natureza n\u00e3o obrigat\u00f3ria, constituem um quadro de refer\u00eancia para o desenvolvimento de propostas pol\u00edticas e implementa\u00e7\u00e3o de medidas concretas\u201d.<\/p>\n<p style=\"text-align: justify\">\u201cComo para toda a\u00e7\u00e3o de alcance global, a implementa\u00e7\u00e3o das recomenda\u00e7\u00f5es e sugest\u00f5es contidas nos Pactos Globais requer a coordena\u00e7\u00e3o dos esfor\u00e7os de todos os envolvidos, dentre os quais a Igreja. Para isso, espero contar com a colabora\u00e7\u00e3o de todos voc\u00eas e das organiza\u00e7\u00f5es que voc\u00eas representam nesse f\u00f3rum\u201d, sublinha o Papa.<\/p>\n<p style=\"text-align: justify\">\u201cEssa colabora\u00e7\u00e3o \u00e9 necess\u00e1ria para melhorar os acordos bilaterais e multilaterais no campo da migra\u00e7\u00e3o, e que sejam sempre para o maior benef\u00edcio de todos: migrantes, refugiados, deslocados, seus familiares, suas comunidades de origem e as sociedades que os acolhem. Isso s\u00f3 pode ser alcan\u00e7ado num di\u00e1logo transparente, sincero e construtivo entre todos os atores, respeitando os pap\u00e9is e responsabilidades de cada um.\u201d<\/p>\n<p style=\"text-align: justify\"><b>Promo\u00e7\u00e3o humana integral<\/b><\/p>\n<p style=\"text-align: justify\">Francisco aproveita a ocasi\u00e3o para \u201cincentivar as organiza\u00e7\u00f5es da sociedade civil e os movimentos populares a colaborar na difus\u00e3o maci\u00e7a dos pontos dos Pactos Globais que apontam para a promo\u00e7\u00e3o humana integral dos migrantes e refugiados, como tamb\u00e9m das comunidades que os acolhem, evidenciando as boas iniciativas propostas.\u201d<\/p>\n<p style=\"text-align: justify\">Convida os movimentos e organiza\u00e7\u00f5es a se comprometerem na \u201cpartilha equitativa de responsabilidades na assist\u00eancia aos requerentes de asilo e refugiados\u201d, e que tenham uma a\u00e7\u00e3o decisiva \u201cpara identificar, com prontid\u00e3o, as v\u00edtimas do tr\u00e1fico, fazendo todos os esfor\u00e7os necess\u00e1rios para libert\u00e1-las e reabilit\u00e1-las\u201d.<\/p>\n<p style=\"text-align: justify\">Francisco conclui a mensagem, pedindo a intercess\u00e3o de Nossa Senhora de Guadalupe para que sustente os participantes do f\u00f3rum em suas atividades com os migrantes, refugiados e deslocados.<\/p>\n<p style=\"text-align: justify\"><b>F\u00f3rum Social Mundial das Migra\u00e7\u00f5es<\/b><\/p>\n<p style=\"text-align: justify\">O f\u00f3rum nasceu em 2001. \u00c9 uma iniciativa finalizada \u00e0 pesquisa e constru\u00e7\u00e3o de sociedade justas e atentas a um mundo mais solid\u00e1rio.<\/p>\n<p style=\"text-align: justify\">Participam da abertura dos trabalhos: o arcebispo de Cidade do M\u00e9xico, cardeal Carlos Aguiar Retes, e dom Franco Coppola, n\u00fancio apost\u00f3lico no M\u00e9xico.<\/p>\n<p style=\"text-align: justify\">Participa tamb\u00e9m o subsecret\u00e1rio da Se\u00e7\u00e3o Migrantes e Refugiados do Dicast\u00e9rio para o Servi\u00e7o do Desenvolvimento Humano Integral, pe. Michael Czerny, jesu\u00edta.<\/p>\n<p style=\"text-align: right\"><em>(Texto: Vatican News)<\/em><\/p>\n<\/div>\n","protected":false},"excerpt":{"rendered":"<p>\u201cdireitos humanos, fronteiras, incid\u00eancia pol\u00edtica, capitalismo, g\u00eanero&#8221; s\u00e3o eixos do encontro<\/p>\n","protected":false},"author":83,"featured_media":32393,"comment_status":"closed","ping_status":"open","sticky":false,"template":"","format":"standard","meta":{"site-sidebar-layout":"default","site-content-layout":"default","ast-global-header-display":"","ast-banner-title-visibility":"","ast-main-header-display":"","ast-hfb-above-header-display":"","ast-hfb-below-header-display":"","ast-hfb-mobile-header-display":"","site-post-title":"","ast-breadcrumbs-content":"","ast-featured-img":"","footer-sml-layout":"","theme-transparent-header-meta":"","adv-header-id-meta":"","stick-header-meta":"","header-above-stick-meta":"","header-main-stick-meta":"","header-below-stick-meta":""},"categories":[785],"tags":[],"acf":[],"_links":{"self":[{"href":"https:\/\/www.cnbb.org.br\/cnbb-app\/wp\/v2\/posts\/32392"}],"collection":[{"href":"https:\/\/www.cnbb.org.br\/cnbb-app\/wp\/v2\/posts"}],"about":[{"href":"https:\/\/www.cnbb.org.br\/cnbb-app\/wp\/v2\/types\/post"}],"author":[{"embeddable":true,"href":"https:\/\/www.cnbb.org.br\/cnbb-app\/wp\/v2\/users\/83"}],"replies":[{"embeddable":true,"href":"https:\/\/www.cnbb.org.br\/cnbb-app\/wp\/v2\/comments?post=32392"}],"version-history":[{"count":0,"href":"https:\/\/www.cnbb.org.br\/cnbb-app\/wp\/v2\/posts\/32392\/revisions"}],"wp:featuredmedia":[{"embeddable":true,"href":"https:\/\/www.cnbb.org.br\/cnbb-app\/wp\/v2\/media\/32393"}],"wp:attachment":[{"href":"https:\/\/www.cnbb.org.br\/cnbb-app\/wp\/v2\/media?parent=32392"}],"wp:term":[{"taxonomy":"category","embeddable":true,"href":"https:\/\/www.cnbb.org.br\/cnbb-app\/wp\/v2\/categories?post=32392"},{"taxonomy":"post_tag","embeddable":true,"href":"https:\/\/www.cnbb.org.br\/cnbb-app\/wp\/v2\/tags?post=32392"}],"curies":[{"name":"wp","href":"https:\/\/api.w.org\/{rel}","templated":true}]}}