{"id":32404,"date":"2018-11-03T00:00:00","date_gmt":"2018-11-03T03:00:00","guid":{"rendered":"https:\/\/www.cnbb.org.br\/vocacao-a-santidade-2\/"},"modified":"2018-11-03T00:00:00","modified_gmt":"2018-11-03T03:00:00","slug":"vocacao-a-santidade-2","status":"publish","type":"post","link":"https:\/\/www.cnbb.org.br\/vocacao-a-santidade-2\/","title":{"rendered":"Voca\u00e7\u00e3o \u00e0 santidade"},"content":{"rendered":"<p style=\"text-align: justify\"><strong>Cardeal Orani Jo\u00e3o Tempesta<br \/>\n<\/strong><strong>Arcebispo Metropolitano de S\u00e3o Sebasti\u00e3o do Rio de Janeiro (RJ)<\/strong><\/p>\n<p style=\"text-align: justify\">No Brasil, depois de termos celebrado o dia de todos os fi\u00e9is defuntos, neste 31\u00ba domingo do tempo comum, transferido por resolu\u00e7\u00e3o da Assembleia Geral da CNBB \u2013 Confer\u00eancia Nacional dos Bispos do Brasil \u2013 celebramos neste domingo seguinte ao dia 1\u00ba de novembro, a Solenidade de Todos os Santos. Com a celebra\u00e7\u00e3o desta soleniade, o nosso cora\u00e7\u00e3o e o nosso pensamento se voltam para muitos homens e mulheres que souberam viver uma profunda unidade com Deus. \u00a0\u00c9 um dia em que recordamos n\u00e3o apenas os santos canonizados, muitos deles j\u00e1 t\u00eam a sua festa pr\u00f3pria ao longo do ano, mas, sobretudo, os santos an\u00f4nimos e desconhecidos. Abrange todos aqueles que foram justificados pela f\u00e9 em Cristo. Recordamos aqueles que vivem para sempre diante de Deus e que nos recordam, al\u00e9m de nossa voca\u00e7\u00e3o universal (santidade), tamb\u00e9m o nosso fim \u00faltimo.<\/p>\n<p style=\"text-align: justify\">O Mestre chama todos \u00e0 santidade sem distin\u00e7\u00e3o de idade, profiss\u00e3o, ra\u00e7a ou condi\u00e7\u00e3o social. N\u00e3o h\u00e1 seguidores de Cristo sem voca\u00e7\u00e3o crist\u00e3, sem uma chamada pessoal \u00e0 santidade. Deus nos escolheu para sermos santos e imaculados na sua presen\u00e7a, dir\u00e1 S\u00e3o Paulo aos primeiros crist\u00e3os de \u00c9feso; e para conseguirmos esta meta, \u00e9 necess\u00e1rio que correspondamos em acolher o dom de Deus e nos empenhemos num esfor\u00e7o que se prolongar\u00e1 por todos os nossos dias aqui na terra: o justo justifique-se mais e o santo mais e mais se santifique.<\/p>\n<p style=\"text-align: justify\">Esta doutrina do chamado universal \u00e0 santidade, nos diz o Conc\u00edlio Ecum\u00eanico Vaticano II: \u201ctodos os crist\u00e3os, seja qual for sua condi\u00e7\u00e3o ou estado, s\u00e3o chamados pelo Senhor, cada um no seu caminho, \u00e0 perfei\u00e7\u00e3o da santidade pela qual \u00e9 perfeito o pr\u00f3prio Pai\u201d (Lumen Gentium, 11). Jesus convida todos os crist\u00e3os, em especial neste ano do laicato, que est\u00e3o absorvidos nas suas ocupa\u00e7\u00f5es profissionais a encontr\u00e1-lo precisamente nessas ocupa\u00e7\u00f5es, realizando-as com perfei\u00e7\u00e3o humana e, ao mesmo tempo, com sentido sobrenatural: oferecendo-as a Deus, vivendo nelas a caridade e o esp\u00edrito de sacrif\u00edcio, elevando no meio delas o cora\u00e7\u00e3o a Deus.<\/p>\n<p style=\"text-align: justify\">A santidade-amor crescente por Deus e pelos outros pode e deve ser vivida atrav\u00e9s das coisas comuns de todos os dias, que se repetem muitas vezes numa aparente monotonia. \u201cPara amar a Deus e servi-lo, n\u00e3o \u00e9 necess\u00e1rio fazer coisas extraordin\u00e1rias, e sim viver extraordinariamente o dia a dia. Cristo pede a todos os homens sem exce\u00e7\u00e3o que sejam perfeitos como seu Pai celestial \u00e9 perfeito (Mt 5, 48). Para a maioria das pessoas, ser santo significa santificar o seu pr\u00f3prio trabalho, santificar-se no trabalho e santificar os outros com o trabalho, e assim encontrar a Deus no caminho da vida.<\/p>\n<p style=\"text-align: justify\">Como leitura evang\u00e9lica neste domingo solene, temos o texto das bem-aventuran\u00e7as (cf. Mt 5,1-12), visando ressaltar que a sua viv\u00eancia total \u00e9 o melhor caminho para se chegar \u00e0 santidade. A pr\u00e1tica das bem-aventuran\u00e7as \u00e9 a marca e o selo dos santos descrita por Jesus, para sublinhar a din\u00e2mica da santidade.<\/p>\n<p style=\"text-align: justify\">Todos os santos sempre foram e s\u00e3o contemporaneamente, embora em medida diversa, pobres de esp\u00edrito, mansos, aflitos, famintos e sequiosos de justi\u00e7a, misericordiosos, puros de cora\u00e7\u00e3o, art\u00edfices de paz e perseguidos pela causa do Evangelho. E assim acontece tamb\u00e9m conosco. Al\u00e9m disso, na base desta p\u00e1gina evang\u00e9lica \u00e9 evidente que a bem-aventuran\u00e7a crist\u00e3, como sin\u00f4nimo de santidade, n\u00e3o est\u00e1 separada de um eventual sofrimento ou pelo menos de dificuldades.<\/p>\n<p style=\"text-align: justify\">Santos s\u00e3o os aflitos, que s\u00e3o impotentes diante de situa\u00e7\u00f5es dram\u00e1ticas, e n\u00e3o pretendem ter solu\u00e7\u00e3o para tudo. \u00a0H\u00e1 muitos que n\u00e3o entendem a raz\u00e3o dos sofrimentos e se revoltam contra Deus. \u00a0Jesus diz que os aflitos s\u00e3o felizes. \u00a0De fato, se souberem aceitar com f\u00e9 ativa as provas di\u00e1rias, se souberem sofrer com \u00e2nimo as mis\u00e9rias e dificuldades da vida, a recompensa ser\u00e1 a consola\u00e7\u00e3o de Deus.<\/p>\n<p style=\"text-align: justify\">Santos s\u00e3o os famintos e sedentos de justi\u00e7a, que n\u00e3o pactuam com a maldade, nem se deixam levar pela l\u00f3gica da domina\u00e7\u00e3o. \u00a0Deus mesmo haver\u00e1 de realizar seu ideal e faz\u00ea-los contemplar o reino da justi\u00e7a. Trata-se daquela justi\u00e7a interior que torna o homem agrad\u00e1vel a Deus, quando se esfor\u00e7a por cumprir sempre a vontade de Deus.\u00a0O primeiro passo para conseguir a santidade, al\u00e9m de acolher o dom, \u00e9 desej\u00e1-la. \u00a0Por isso, Jesus diz que s\u00e3o felizes os que t\u00eam fome e sede de justi\u00e7a, isto \u00e9, aqueles que realmente desejam ser santos. \u00a0Mas \u00e9 necess\u00e1rio que este desejo seja eficaz. \u00a0Isto \u00e9, que empreguemos os meios necess\u00e1rios para consegui-lo.<\/p>\n<p style=\"text-align: justify\">A santidade \u00e9 acess\u00edvel a todos porque Deus quer que todos os homens e mulheres sejam santos, isto \u00e9, participem da sua Vida e do seu Amor. O Pai deseja que, atrav\u00e9s da a\u00e7\u00e3o do Esp\u00edrito Santo em n\u00f3s, nos pare\u00e7amos cada vez mais com o seu Filho Jesus Cristo. Em resumo, a santidade \u00e9 o desenvolvimento da nossa filia\u00e7\u00e3o divina, em \u00faltima an\u00e1lise, do nosso batismo: <em>\u201c<\/em><em>desde agora somos filhos de Deus, mas n\u00e3o se manifestou ainda o que havemos de ser. Sabemos que quando isto se manifestar, seremos semelhantes a Deus, porquanto o veremos como ele \u00e9\u201d <\/em>(1 Jo 3,2).<\/p>\n<p style=\"text-align: justify\">Caminhemos para a santidade, para a convers\u00e3o cont\u00ednua! Ser santo \u00e9 poss\u00edvel e necess\u00e1rio na via do caminho crist\u00e3o. Ser santo \u00e9 ser o bom odor do Cristo Ressuscitado penetrando em todos os ambientes da sociedade e da Igreja. A santidade deve ser o cotidiano. Santificamos quando somos canais das bem-aventuran\u00e7as para os irm\u00e3os. Ser santo \u00e9 ser bendito e bendito \u00e9 aquele que leva a b\u00ean\u00e7\u00e3o de Deus para os seus irm\u00e3os. Espalhemos a santidade da Trindade para que o mundo possa ser transformado e renovado!<\/p>\n<p style=\"text-align: justify\">\n<p style=\"text-align: justify\">\n<p style=\"text-align: justify\">\n","protected":false},"excerpt":{"rendered":"<p>Cardeal Orani Jo\u00e3o Tempesta Arcebispo Metropolitano de S\u00e3o Sebasti\u00e3o do Rio de Janeiro (RJ) No Brasil, depois de termos celebrado o dia de todos os fi\u00e9is defuntos, neste 31\u00ba domingo do tempo comum, transferido por resolu\u00e7\u00e3o da Assembleia Geral da CNBB \u2013 Confer\u00eancia Nacional dos Bispos do Brasil \u2013 celebramos neste domingo seguinte ao dia &hellip;<\/p>\n<p class=\"read-more\"> <a class=\"\" href=\"https:\/\/www.cnbb.org.br\/vocacao-a-santidade-2\/\"> <span class=\"screen-reader-text\">Voca\u00e7\u00e3o \u00e0 santidade<\/span> Leia mais &raquo;<\/a><\/p>\n","protected":false},"author":31,"featured_media":0,"comment_status":"closed","ping_status":"open","sticky":false,"template":"","format":"standard","meta":{"site-sidebar-layout":"default","site-content-layout":"default","ast-global-header-display":"","ast-banner-title-visibility":"","ast-main-header-display":"","ast-hfb-above-header-display":"","ast-hfb-below-header-display":"","ast-hfb-mobile-header-display":"","site-post-title":"","ast-breadcrumbs-content":"","ast-featured-img":"","footer-sml-layout":"","theme-transparent-header-meta":"","adv-header-id-meta":"","stick-header-meta":"","header-above-stick-meta":"","header-main-stick-meta":"","header-below-stick-meta":""},"categories":[758],"tags":[],"acf":[],"_links":{"self":[{"href":"https:\/\/www.cnbb.org.br\/cnbb-app\/wp\/v2\/posts\/32404"}],"collection":[{"href":"https:\/\/www.cnbb.org.br\/cnbb-app\/wp\/v2\/posts"}],"about":[{"href":"https:\/\/www.cnbb.org.br\/cnbb-app\/wp\/v2\/types\/post"}],"author":[{"embeddable":true,"href":"https:\/\/www.cnbb.org.br\/cnbb-app\/wp\/v2\/users\/31"}],"replies":[{"embeddable":true,"href":"https:\/\/www.cnbb.org.br\/cnbb-app\/wp\/v2\/comments?post=32404"}],"version-history":[{"count":0,"href":"https:\/\/www.cnbb.org.br\/cnbb-app\/wp\/v2\/posts\/32404\/revisions"}],"wp:attachment":[{"href":"https:\/\/www.cnbb.org.br\/cnbb-app\/wp\/v2\/media?parent=32404"}],"wp:term":[{"taxonomy":"category","embeddable":true,"href":"https:\/\/www.cnbb.org.br\/cnbb-app\/wp\/v2\/categories?post=32404"},{"taxonomy":"post_tag","embeddable":true,"href":"https:\/\/www.cnbb.org.br\/cnbb-app\/wp\/v2\/tags?post=32404"}],"curies":[{"name":"wp","href":"https:\/\/api.w.org\/{rel}","templated":true}]}}