{"id":32497,"date":"2018-11-10T00:00:00","date_gmt":"2018-11-10T02:00:00","guid":{"rendered":"https:\/\/www.cnbb.org.br\/doar-se-totalmente\/"},"modified":"2018-11-10T00:00:00","modified_gmt":"2018-11-10T02:00:00","slug":"doar-se-totalmente","status":"publish","type":"post","link":"https:\/\/www.cnbb.org.br\/doar-se-totalmente\/","title":{"rendered":"Doar-se totalmente"},"content":{"rendered":"<p style=\"text-align: right\"><strong>Cardeal Orani Jo\u00e3o Tempesta<\/strong><strong><br \/>\nArcebispo Metropolitano de S\u00e3o Sebasti\u00e3o do Rio de Janeiro (RJ)<\/strong><\/p>\n<p style=\"text-align: justify\">No 32\u00ba domingo do tempo comum iniciamos a semana da solidariedade em prepara\u00e7\u00e3o para o II Dia Mundial dos pobres que ocorre no domingo que antecede a grande solenidade de Cristo Rei. Essa jornada foi institu\u00edda no ano passado pelo Papa Francisco para despertar a Igreja para sua presen\u00e7a ainda maior entre os necessitados. O tema deste ano traz consigo um apelo para que sejamos a resposta que Deus quer dar a tantas pessoas que vivem na exclus\u00e3o: \u201cEste pobre clama e o Senhor o escuta\u201d. A liturgia deste final de semana nos ajuda a bem preparar essa semana ao falar de pessoas desprovidas e necessitadas como s\u00e3o as vi\u00favas citadas pela Sagrada Escritura.<\/p>\n<p style=\"text-align: justify\">S\u00e3o duas cenas comoventes com a vi\u00fava de Sarepta (1Rs 17, 10-16) e a quest\u00e3o do \u00f3bolo da vi\u00fava (Mc 12, 38-44) que ocupam nossa aten\u00e7\u00e3o neste 32\u00ba. Domingo do Tempo Comum.<\/p>\n<p style=\"text-align: justify\">A Vi\u00fava de Sarepta (cf. primeira leitura \u2013 1Rs 17,10-16) aparece como uma mulher necessitada que representa a todas, pois n\u00e3o tem nome, n\u00e3o tem hist\u00f3ria de fam\u00edlia, e nada se sabe a n\u00e3o ser que tinha um filho. A B\u00edblia vai direto ao ponto: no tempo do profeta Elias uma seca mortal varreu a Terra Santa e sua vizinhan\u00e7a. O Livro dos Reis explica que isso se deveu \u00e0 idolatria de Israel e \u00e0 impiedade de Acab, seu rei. At\u00e9 o profeta Elias, que anunciou o castigo, teve que sofrer as consequ\u00eancias: primeiro ficou sendo alimentado por um corvo na torrente de Carit; mas, depois, a torrente secou. Tamb\u00e9m os profetas de Deus sofrem, tamb\u00e9m eles participam da sorte do seu povo. Tamb\u00e9m os amigos do Senhor devem combater os combates da vida. Mas, secada a torrente de Carit, Elias deixou a Terra Santa como flagelado de seca: Elias, um dos maiores amigos de Deus, foi retirante e chega no estrangeiro, na fronteira de Israel com o L\u00edbano. V\u00ea uma vi\u00fava canan\u00e9ia, pag\u00e3, portanto, apanhando uns gravetos para fazer fogo. Pois bem, o homem pede-lhe um pouco d\u2019\u00e1gua e, tamb\u00e9m, um peda\u00e7o de p\u00e3o para matar sua sede e sua fome.\u00a0\u00a0 E diante do pedido do Homem de Deus, a resposta da pobre vi\u00fava pobre \u00e9 de fazer chorar de dor: <em>\u201cPela vida do Senhor, teu Deus, n\u00e3o tenho p\u00e3o. S\u00f3 tenho um punhado de farinha e um pouco de azeite. Eu estava apanhado dois peda\u00e7os de lenha, a fim de preparar esse resto para mim e meu filho, para comermos e depois esperar a morte\u201d (cf. 1Rs 17,12).<\/em> \u00c9 um fim da pouca comida na casa daquela vi\u00fava pobre. Ela n\u00e3o amaldi\u00e7oa a Deus; pelo contr\u00e1rio: <em>\u201cPela vida do Senhor, teu Deus!\u201d (cf. 1Rs 17,12)<\/em> \u2013 ela diz, com respeito por Deus e por seu profeta, apesar de ser uma pag\u00e3! E Elias manda que ela prepare o p\u00e3o primeiro para ele; e garante: <em>\u201cAssim fala o Senhor, Deus de Israel: \u2018<\/em><em>A vasilha de farinha n\u00e3o acabar\u00e1 e a jarra de azeite n\u00e3o diminuir\u00e1, at\u00e9 ao dia em que o Senhor enviar a chuva sobre a face da terra\u2019\u201d(cf 1Rs 17,14)<\/em>. A vi\u00fava fez assim, e aconteceu como o profeta de Deus dissera.<\/p>\n<p style=\"text-align: justify\">A segunda cena (cf. Evangelho Mc 12,38-44) \u00e9 tamb\u00e9m de uma vi\u00fava de quem n\u00e3o conhecemos nem o nome e nem a hist\u00f3ria. Chega junto ao cofre do tesouro do Templo. Ali joga duas moedinhas. Dinheiro que n\u00e3o d\u00e1 para comprar nem o azeite de um dia para manter o candelabro do Senhor aceso! Mas, era <em>\u201ctudo aquilo que possu\u00eda para viver!\u201d<\/em> E o Senhor viu, e comoveu-se com sua generosidade, pois conhecia seu cora\u00e7\u00e3o e sabia da sua pen\u00faria miser\u00e1vel! O Senhor Jesus, que desmascara nossos pensamentos miser\u00e1veis e mundanos faz desse gesto uma li\u00e7\u00e3o importante: Ama aquela vi\u00fava, elogia aquela mulher, comove-se com ela.<\/p>\n<p style=\"text-align: justify\">A segunda leitura (cf. Hb 9,24-48) deste domingo apresenta Cristo no c\u00e9u, diante do Pai, em nosso favor. O Autor sagrado explica que ele se fez homem uma s\u00f3 vez, entregando-se todo, a vida toda, por n\u00f3s, at\u00e9 morrer para apagar os pecados da multid\u00e3o! Ele fez como aquelas vi\u00favas: Ele n\u00e3o se poupou, n\u00e3o poupou nada; tudo entregou ao Pai por n\u00f3s. E agora, ele estar\u00e1 para sempre diante do Pai, com o seu sacrif\u00edcio, como Cordeiro glorioso e imolado (Ap 5,6), at\u00e9 que apare\u00e7a no final dos tempos <em>\u201cpara salvar aqueles que o esperam\u201d<\/em><em>.<\/em> Eis o mist\u00e9rio: sem saberem, aquelas duas mulheres participavam da entrega de Cristo, da generosidade de Cristo, dos sentimentos de Cristo! Sem nem imaginarem, aquelas mulheres colocaram a esperan\u00e7a em Cristo!<\/p>\n<p style=\"text-align: justify\">Voltemos o olhar do cora\u00e7\u00e3o para o C\u00e9u, para junto do Pai! L\u00e1 est\u00e1 o nosso Salvador, eternamente vitorioso e eternamente imolado de amor! L\u00e1 est\u00e1 Jesus, com seu sacrif\u00edcio eterno, \u00fanico, perfeito irrepet\u00edvel, totalmente suficiente e eficaz! Ele nos deu tudo! Mais ainda: ele se deu todo&#8230; Todo a n\u00f3s, todo por n\u00f3s! Agora, olhemos para o Altar, em torno do qual nos reunimos aos domingos. Esse sacrif\u00edcio \u00fanico e sant\u00edssimo que est\u00e1 para sempre diante de Deus, esta sobre o Altar sagrado, para ser nossa oferta e para que n\u00f3s dele participemos! A H\u00f3stia santa \u2013 isto \u00e9, a V\u00edtima do Sacrif\u00edcio \u2013 o Cristo na presen\u00e7a eucar\u00edstica presente na missa \u00e9 a nossa oferta e nosso alimento! \u00c9 muito dom, \u00e9 muito mist\u00e9rio, \u00e9 muita piedade, \u00e9 muita miseric\u00f3rdia de Deus para conosco. E olhemos ao redor, diante de tantas injusti\u00e7as e situa\u00e7\u00f5es de dor e abandono: somos chamados tamb\u00e9m hoje, os que cr\u00eaem no Cristo que se entregou por n\u00f3s, a ser o sinal da provid\u00eancia de Deus para tantos irm\u00e3os e irm\u00e3s nossos que esperam e confiam no Senhor.<\/p>\n<p style=\"text-align: justify\">\n<p style=\"text-align: justify\">\n","protected":false},"excerpt":{"rendered":"<p>Cardeal Orani Jo\u00e3o Tempesta Arcebispo Metropolitano de S\u00e3o Sebasti\u00e3o do Rio de Janeiro (RJ) No 32\u00ba domingo do tempo comum iniciamos a semana da solidariedade em prepara\u00e7\u00e3o para o II Dia Mundial dos pobres que ocorre no domingo que antecede a grande solenidade de Cristo Rei. Essa jornada foi institu\u00edda no ano passado pelo Papa &hellip;<\/p>\n<p class=\"read-more\"> <a class=\"\" href=\"https:\/\/www.cnbb.org.br\/doar-se-totalmente\/\"> <span class=\"screen-reader-text\">Doar-se totalmente<\/span> Leia mais &raquo;<\/a><\/p>\n","protected":false},"author":31,"featured_media":0,"comment_status":"closed","ping_status":"open","sticky":false,"template":"","format":"standard","meta":{"site-sidebar-layout":"default","site-content-layout":"default","ast-global-header-display":"","ast-banner-title-visibility":"","ast-main-header-display":"","ast-hfb-above-header-display":"","ast-hfb-below-header-display":"","ast-hfb-mobile-header-display":"","site-post-title":"","ast-breadcrumbs-content":"","ast-featured-img":"","footer-sml-layout":"","theme-transparent-header-meta":"","adv-header-id-meta":"","stick-header-meta":"","header-above-stick-meta":"","header-main-stick-meta":"","header-below-stick-meta":""},"categories":[758],"tags":[],"acf":[],"_links":{"self":[{"href":"https:\/\/www.cnbb.org.br\/cnbb-app\/wp\/v2\/posts\/32497"}],"collection":[{"href":"https:\/\/www.cnbb.org.br\/cnbb-app\/wp\/v2\/posts"}],"about":[{"href":"https:\/\/www.cnbb.org.br\/cnbb-app\/wp\/v2\/types\/post"}],"author":[{"embeddable":true,"href":"https:\/\/www.cnbb.org.br\/cnbb-app\/wp\/v2\/users\/31"}],"replies":[{"embeddable":true,"href":"https:\/\/www.cnbb.org.br\/cnbb-app\/wp\/v2\/comments?post=32497"}],"version-history":[{"count":0,"href":"https:\/\/www.cnbb.org.br\/cnbb-app\/wp\/v2\/posts\/32497\/revisions"}],"wp:attachment":[{"href":"https:\/\/www.cnbb.org.br\/cnbb-app\/wp\/v2\/media?parent=32497"}],"wp:term":[{"taxonomy":"category","embeddable":true,"href":"https:\/\/www.cnbb.org.br\/cnbb-app\/wp\/v2\/categories?post=32497"},{"taxonomy":"post_tag","embeddable":true,"href":"https:\/\/www.cnbb.org.br\/cnbb-app\/wp\/v2\/tags?post=32497"}],"curies":[{"name":"wp","href":"https:\/\/api.w.org\/{rel}","templated":true}]}}