{"id":32507,"date":"2018-11-12T00:00:00","date_gmt":"2018-11-12T02:00:00","guid":{"rendered":"https:\/\/www.cnbb.org.br\/dia-mundial-do-pobre-2\/"},"modified":"2018-11-12T00:00:00","modified_gmt":"2018-11-12T02:00:00","slug":"dia-mundial-do-pobre-2","status":"publish","type":"post","link":"https:\/\/www.cnbb.org.br\/dia-mundial-do-pobre-2\/","title":{"rendered":"Dia Mundial do Pobre"},"content":{"rendered":"<p style=\"text-align: right\"><strong>Dom Pedro Carlos Cipollini<br \/>\nBispo de Santo Andr\u00e9<\/strong><\/p>\n<p style=\"text-align: justify\">\n<p style=\"text-align: justify\">Muitos quando se fala da preocupa\u00e7\u00e3o com os pobres, veem neste discurso certo resqu\u00edcio de paternalismo ou sentimentalismo que nada produz. No entanto, a pobreza \u00e9 um desafio pol\u00edtico para s\u00e9culo XXI. Ao mesmo tempo em que o desenvolvimento da humanidade alcan\u00e7a n\u00edveis alt\u00edssimos, com o avan\u00e7o da tecnologia, multiplica-se o n\u00famero dos que passam a viver na pobreza. Ela atinge um ter\u00e7o dos pa\u00edses do sul do Equador que tentam sobreviver, migrando da mis\u00e9ria para os pa\u00edses ricos do norte.<\/p>\n<p style=\"text-align: justify\">Os mais pobres continuam sendo v\u00edtimas da mis\u00e9ria com seu rosto de falta de educa\u00e7\u00e3o, moradia, trabalho, comida\u2026 Est\u00e1 evidente que o mercado n\u00e3o reduzir\u00e1 a pobreza, pelo contr\u00e1rio, agu\u00e7am as desigualdades, ele n\u00e3o consegue assegurar justi\u00e7a nem dignidade para todos, porque sua preocupa\u00e7\u00e3o n\u00e3o \u00e9 a pessoa, mas o lucro. O mercado hoje induz os pa\u00edses ricos a recusar solidariedade \u00e0s maiorias pobres. O pobre hoje \u00e9 muito mais o desempregado urbano do que o campon\u00eas. Eles ser\u00e3o cada vez mais as principais v\u00edtimas da degrada\u00e7\u00e3o dos recursos naturais em curso.<\/p>\n<p style=\"text-align: justify\">A erradica\u00e7\u00e3o da pobreza significa permitir que cada homem dispusesse de meios de vida, superiores a um limiar de dignidade internacionalmente definido. Somente a solidariedade poder\u00e1 ajudar a mitigar o problema da pobreza, pois as na\u00e7\u00f5es pobres n\u00e3o poder\u00e3o resolver sozinhas o problema dos pobres e exclu\u00eddos. Infelizmente a globaliza\u00e7\u00e3o do mercado n\u00e3o \u00e9 acompanhada da globaliza\u00e7\u00e3o da solidariedade e distribui\u00e7\u00e3o dos recursos.<\/p>\n<p style=\"text-align: justify\">O Papa Jo\u00e3o XXIII constatou que o problema social assumiu propor\u00e7\u00f5es mundiais, o Papa Paulo VI profetiza que o mundo est\u00e1 doente, acometido de um ego\u00edsmo cr\u00f4nico, do qual somente ficar\u00e1 curado quando a fraternidade e a solidariedade se instalarem entre os pessoas e os povos. Na Am\u00e9rica Latina a Igreja fez sua evang\u00e9lica op\u00e7\u00e3o pelos pobres e hoje o Papa Francisco se tornou refer\u00eancia mundial como advogado dos Pobres, projetando uma Igreja dos pobres para os pobres.<\/p>\n<p style=\"text-align: justify\">Olhando o panorama s\u00f3cio pol\u00edtico econ\u00f4mico podemos sentir a voz de Jesus Cristo que acusa: olvidais o que \u00e9 mais grave: a justi\u00e7a e o amor (Mt 23,33). A consequ\u00eancia \u00e9 o aumento dos pobres e miser\u00e1veis, dos exclu\u00eddos e descart\u00e1veis. E quando se fala do pobre e da pobreza ou da situa\u00e7\u00e3o do pobre segundo o Evangelho, n\u00e3o se est\u00e1 referindo somente \u00e0 conduta do crist\u00e3o e da Igreja, sen\u00e3o que concernem ao mist\u00e9rio \u00edntimo e pessoal de Jesus Cristo. Al\u00e9m de normas \u00e9ticas de compaix\u00e3o com os miser\u00e1veis ou express\u00e3o de filantropia generosa, a pobreza \u00e9 parte da revela\u00e7\u00e3o de Jesus sobre ele mesmo: em Cristo Deus aparece solid\u00e1rio com os pobres, fazendo-se um deles (cf. 2 Cor 8,9).<\/p>\n<p style=\"text-align: justify\">\u00c9 a partir de tudo isto que o Papa Francisco instituiu para ser celebrado, o \u201cDia Mundial dos Pobres\u201d. \u00c9 um grito proferido em dire\u00e7\u00e3o \u00e0s consci\u00eancias, para que n\u00e3o se esque\u00e7am dos pobres, esquecer deles \u00e9 esquecer-se de Jesus que se coloca no lugar deles. Neste dia as Igrejas devem promover atividades de acolhida e cuidado para com os pobres procurando valoriz\u00e1-los e chamar a aten\u00e7\u00e3o para a gravidade da situa\u00e7\u00e3o de mis\u00e9ria, mais que pobreza na qual vivem milh\u00f5es de pessoas.<\/p>\n<p style=\"text-align: justify\">A Igreja assume a causa dos pobres e se faz companheira de caminho deles procurando advogar sua causa. A luta e o empenho da Igreja em favor dos mais pobres t\u00eam causado persegui\u00e7\u00e3o e inclusive a morte de crist\u00e3os que s\u00e3o considerados testemunhas da f\u00e9. A Igreja \u00e9 Igreja de todos, mas especialmente deve ser Igreja dos Pobres que reparte com eles e doa de sua pobreza. A Igreja aprende de Jesus que \u201cveio para anunciar a boa nova aos pobres (cf. Lc 4,18-19).<\/p>\n<p style=\"text-align: justify\">\u201cO Dia Mundial dos Pobres pretende ser uma pequena resposta, dirigida pela Igreja inteira dispersa por todo o mundo, aos pobres de todo o g\u00eanero e de todo o lugar a fim de n\u00e3o pensarem que o seu clamor ca\u00edra no vazio. Provavelmente, \u00e9 como uma gota de \u00e1gua no deserto da pobreza. Contudo pode ser um sinal de solidariedade para quantos passam necessidade a fim de sentirem a presen\u00e7a ativa dum irm\u00e3o ou duma irm\u00e3. Os pobres precisam, do envolvimento pessoal de quantos escutam o seu brado. A solicitude dos crentes n\u00e3o pode limitar-se a uma forma de assist\u00eancia \u2013 embora necess\u00e1ria e providencial num primeiro momento, mas requer aquela \u201caten\u00e7\u00e3o amiga\u201d (Papa Francisco, Mensagem para o Dia Mundial do Pobre \u2013\u00a0 2018).<\/p>\n<p style=\"text-align: justify\">Durante todo o domingo, dia 18 pr\u00f3ximo, haver\u00e1 na Pra\u00e7a do Carmo, em Santo Andr\u00e9, a acolhida aos pobres que ser\u00e3o assistidos em uma grande confraterniza\u00e7\u00e3o.\u00a0<em>Venha participar<\/em>!<\/p>\n<p>&nbsp;<\/p>\n","protected":false},"excerpt":{"rendered":"<p>Dom Pedro Carlos Cipollini Bispo de Santo Andr\u00e9 Muitos quando se fala da preocupa\u00e7\u00e3o com os pobres, veem neste discurso certo resqu\u00edcio de paternalismo ou sentimentalismo que nada produz. No entanto, a pobreza \u00e9 um desafio pol\u00edtico para s\u00e9culo XXI. Ao mesmo tempo em que o desenvolvimento da humanidade alcan\u00e7a n\u00edveis alt\u00edssimos, com o avan\u00e7o &hellip;<\/p>\n<p class=\"read-more\"> <a class=\"\" href=\"https:\/\/www.cnbb.org.br\/dia-mundial-do-pobre-2\/\"> <span class=\"screen-reader-text\">Dia Mundial do Pobre<\/span> Leia mais &raquo;<\/a><\/p>\n","protected":false},"author":28,"featured_media":0,"comment_status":"closed","ping_status":"open","sticky":false,"template":"","format":"standard","meta":{"site-sidebar-layout":"default","site-content-layout":"default","ast-global-header-display":"","ast-banner-title-visibility":"","ast-main-header-display":"","ast-hfb-above-header-display":"","ast-hfb-below-header-display":"","ast-hfb-mobile-header-display":"","site-post-title":"","ast-breadcrumbs-content":"","ast-featured-img":"","footer-sml-layout":"","theme-transparent-header-meta":"","adv-header-id-meta":"","stick-header-meta":"","header-above-stick-meta":"","header-main-stick-meta":"","header-below-stick-meta":""},"categories":[758],"tags":[],"acf":[],"_links":{"self":[{"href":"https:\/\/www.cnbb.org.br\/cnbb-app\/wp\/v2\/posts\/32507"}],"collection":[{"href":"https:\/\/www.cnbb.org.br\/cnbb-app\/wp\/v2\/posts"}],"about":[{"href":"https:\/\/www.cnbb.org.br\/cnbb-app\/wp\/v2\/types\/post"}],"author":[{"embeddable":true,"href":"https:\/\/www.cnbb.org.br\/cnbb-app\/wp\/v2\/users\/28"}],"replies":[{"embeddable":true,"href":"https:\/\/www.cnbb.org.br\/cnbb-app\/wp\/v2\/comments?post=32507"}],"version-history":[{"count":0,"href":"https:\/\/www.cnbb.org.br\/cnbb-app\/wp\/v2\/posts\/32507\/revisions"}],"wp:attachment":[{"href":"https:\/\/www.cnbb.org.br\/cnbb-app\/wp\/v2\/media?parent=32507"}],"wp:term":[{"taxonomy":"category","embeddable":true,"href":"https:\/\/www.cnbb.org.br\/cnbb-app\/wp\/v2\/categories?post=32507"},{"taxonomy":"post_tag","embeddable":true,"href":"https:\/\/www.cnbb.org.br\/cnbb-app\/wp\/v2\/tags?post=32507"}],"curies":[{"name":"wp","href":"https:\/\/api.w.org\/{rel}","templated":true}]}}