{"id":32519,"date":"2018-11-16T00:00:00","date_gmt":"2018-11-16T02:00:00","guid":{"rendered":"https:\/\/www.cnbb.org.br\/programa-apoiado-pela-cnbb-que-acolhe-migrantes-venezuelanos-e-referencia-para-documentario\/"},"modified":"2020-03-11T17:09:38","modified_gmt":"2020-03-11T20:09:38","slug":"programa-apoiado-pela-cnbb-que-acolhe-migrantes-venezuelanos-e-referencia-para-documentario","status":"publish","type":"post","link":"https:\/\/www.cnbb.org.br\/programa-apoiado-pela-cnbb-que-acolhe-migrantes-venezuelanos-e-referencia-para-documentario\/","title":{"rendered":"Programa que acolhe migrantes venezuelanos \u00e9 refer\u00eancia para document\u00e1rio"},"content":{"rendered":"<p style=\"text-align: justify\">A crise humanit\u00e1ria que atinge a Venezuela provocou uma forte onda migrat\u00f3ria para os pa\u00edses vizinhos da Am\u00e9rica Latina, principalmente o Brasil. Segundo a Pol\u00edcia Federal (PF), entre 2017 e 2018 entraram 154.920 venezuelanos pela cidade de Pacaraima (RR), cidade fronteira entre Brasil e Venezuela, mas 79.402 dessas mesmas pessoas sa\u00edram do Pa\u00eds, em diferentes fronteiras ou aeroportos.<\/p>\n<figure id=\"attachment_203721\" aria-describedby=\"caption-attachment-203721\" style=\"width: 313px\" class=\"wp-caption alignright\"><img decoding=\"async\" loading=\"lazy\" class=\"wp-image-203721 \" src=\"https:\/\/www.cnbb.org.br\/wp-content\/uploads\/2020\/03\/Document\u00e1rio-Brasil-Venezuela4-300x167.png\" alt=\"\" width=\"313\" height=\"174\" \/><figcaption id=\"caption-attachment-203721\" class=\"wp-caption-text\"><em>Reprodu\u00e7\u00e3o Document\u00e1rio<\/em><\/figcaption><\/figure>\n<p style=\"text-align: justify\">O agravamento da crise pol\u00edtico-econ\u00f4mica no pa\u00eds vizinho fez com que a diocese de Roraima (RO) juntamente com C\u00e1ritas Diocesana de Roraima, C\u00e1ritas Brasileira, Instituto de Migra\u00e7\u00f5es e Direitos Humanos (IMDH), Servi\u00e7o Pastoral do Migrante (SPM), Servi\u00e7o Jesu\u00edta para Migrantes e Refugiados (SJMR) lan\u00e7assem o \u2018Plano Nacional de Integra\u00e7\u00e3o Caminhos de Solidariedade: Brasil &amp; Venezuela\u2019 com o apoio da Confer\u00eancia Nacional dos Bispos do Brasil (CNBB) para agilizar o processo de interioriza\u00e7\u00e3o, integra\u00e7\u00e3o e acolhida dos migrantes em pelo menos 90 Arqui\/dioceses do Brasil.<\/p>\n<p style=\"text-align: justify\">Diante dessa realidade, os participantes do I Congresso de Comunica\u00e7\u00e3o da Signis Brasil, realizado em setembro deste ano, em Porto Alegre (RS), decidiram produzir um material para sensibilizar a Igreja do Brasil na acolhida dos migrantes.<\/p>\n<figure id=\"attachment_203722\" aria-describedby=\"caption-attachment-203722\" style=\"width: 368px\" class=\"wp-caption alignleft\"><img decoding=\"async\" loading=\"lazy\" class=\"wp-image-203722 \" src=\"https:\/\/www.cnbb.org.br\/wp-content\/uploads\/2020\/03\/Document\u00e1rio-Brasil-Venezuela-300x186-1.jpg\" alt=\"\" width=\"368\" height=\"228\" \/><figcaption id=\"caption-attachment-203722\" class=\"wp-caption-text\"><em>Reprodu\u00e7\u00e3o Document\u00e1rio<\/em><\/figcaption><\/figure>\n<p style=\"text-align: justify\">Foi ent\u00e3o que nasceu o document\u00e1rio: <strong>\u2018Brasil&amp;Venezuela: Caminhos de solidariedade\u2019<\/strong>, produzido pela Rede Vida de Televis\u00e3o e oferecido para exibi\u00e7\u00e3o conjunta pelos ve\u00edculos de inspira\u00e7\u00e3o cat\u00f3lica ligados \u00e0 Signis Brasil. A pauta foi propositiva a partir do pedido do papa Francisco: <strong>\u201cProteger, promover e integrar\u201d<\/strong>.<\/p>\n<p style=\"text-align: justify\">O document\u00e1rio tem 26 minutos de dura\u00e7\u00e3o, organizado em dois blocos. Todo o trabalho de produ\u00e7\u00e3o foi realizado pela Rede Vida de Televis\u00e3o em conjunto com a Signis Brasil, com apoio da Confer\u00eancia Episcopal Norte Americana, da diocese de Roraima, do Instituto Brasileiro de Comunica\u00e7\u00e3o Crist\u00e3 (Inbrac), da Caritas Brasileira e R\u00e1dio Monte Roraima.<\/p>\n<p style=\"text-align: justify\">At\u00e9 o dia 21 de novembro, oito emissoras de inspira\u00e7\u00e3o cat\u00f3lica v\u00e3o exibir o document\u00e1rio, algumas delas com reprises. A Rede Vida foi a primeira no dia 11 de outubro. A pr\u00f3xima ser\u00e1 a TV Rede S\u00e9culo 21, dia 15\/11; seguida pela TV Nazar\u00e9, dia 16\/11; TVs Can\u00e7\u00e3o Nova, Imaculada Concei\u00e7\u00e3o e Evangelizar, dia 17\/11; TV Aparecida, 18\/11 e TV Horizonte, dia 19\/11. Os hor\u00e1rios de exibi\u00e7\u00e3o variam de acordo com a programa\u00e7\u00e3o de cada emissora. Esta articula\u00e7\u00e3o entre as emissoras cat\u00f3licas contou com a colabora\u00e7\u00e3o da Comiss\u00e3o Episcopal Pastoral para Comunica\u00e7\u00e3o da CNBB.<\/p>\n<p style=\"text-align: justify\">Segundo a Signis Brasil, atualmente, nos 11 abrigos em Boa Vista, h\u00e1 cerca de 5.113 pessoas. Em Pacaraima h\u00e1 um abrigo para o povo warao, est\u00e3o abrigados 500 imigrantes ind\u00edgenas, dos quais 260 s\u00e3o crian\u00e7as e adolescentes. Morando nas ruas, em Boa Vista, est\u00e3o aproximadamente duas mil pessoas, e em torno de 25 mil est\u00e3o em alugueis.<\/p>\n<p style=\"text-align: justify\"><strong><em>Confira a Programa\u00e7\u00e3o:<\/em><\/strong><\/p>\n<p style=\"text-align: justify\"><strong>TV Nazar\u00e9<\/strong>, dia 16\/11 \u00e0s 22h30 com reprise em 18\/11 \u00e0s 14h30<br \/>\n<strong>TV Can\u00e7\u00e3o Nova<\/strong>, dia 17\/11 \u00e0s 22h com reprise em 18\/11 \u00e0s 19h30<br \/>\n<strong>TV Imaculada Concei\u00e7\u00e3o<\/strong>, dia 17\/11 \u00e0s 15h com reapresenta\u00e7\u00e3o \u00e0s 23h15<br \/>\n<strong>TV Evangelizar<\/strong>, dia 17\/11 \u00e0s 21h<br \/>\n<strong>TV Aparecida<\/strong>, 18\/11 \u00e0s 23h<br \/>\n<strong>TV Horizonte<\/strong>, dia 19\/11 \u00e0s 20h<br \/>\n<strong>TV Rede S\u00e9culo 21<\/strong>, dia 15\/11 \u00e0s 21h<\/p>\n","protected":false},"excerpt":{"rendered":"<p>Com o tema \u2013 Brasil&amp;Venezuela: Caminhos de solidariedade, o material vai ser exibido pelas emissoras de inspira\u00e7\u00e3o cat\u00f3lica<\/p>\n","protected":false},"author":83,"featured_media":32521,"comment_status":"closed","ping_status":"open","sticky":false,"template":"","format":"standard","meta":{"site-sidebar-layout":"default","site-content-layout":"default","ast-global-header-display":"","ast-banner-title-visibility":"","ast-main-header-display":"","ast-hfb-above-header-display":"","ast-hfb-below-header-display":"","ast-hfb-mobile-header-display":"","site-post-title":"","ast-breadcrumbs-content":"","ast-featured-img":"","footer-sml-layout":"","theme-transparent-header-meta":"","adv-header-id-meta":"","stick-header-meta":"","header-above-stick-meta":"","header-main-stick-meta":"","header-below-stick-meta":""},"categories":[1],"tags":[],"acf":[],"_links":{"self":[{"href":"https:\/\/www.cnbb.org.br\/cnbb-app\/wp\/v2\/posts\/32519"}],"collection":[{"href":"https:\/\/www.cnbb.org.br\/cnbb-app\/wp\/v2\/posts"}],"about":[{"href":"https:\/\/www.cnbb.org.br\/cnbb-app\/wp\/v2\/types\/post"}],"author":[{"embeddable":true,"href":"https:\/\/www.cnbb.org.br\/cnbb-app\/wp\/v2\/users\/83"}],"replies":[{"embeddable":true,"href":"https:\/\/www.cnbb.org.br\/cnbb-app\/wp\/v2\/comments?post=32519"}],"version-history":[{"count":0,"href":"https:\/\/www.cnbb.org.br\/cnbb-app\/wp\/v2\/posts\/32519\/revisions"}],"wp:featuredmedia":[{"embeddable":true,"href":"https:\/\/www.cnbb.org.br\/cnbb-app\/wp\/v2\/media\/32521"}],"wp:attachment":[{"href":"https:\/\/www.cnbb.org.br\/cnbb-app\/wp\/v2\/media?parent=32519"}],"wp:term":[{"taxonomy":"category","embeddable":true,"href":"https:\/\/www.cnbb.org.br\/cnbb-app\/wp\/v2\/categories?post=32519"},{"taxonomy":"post_tag","embeddable":true,"href":"https:\/\/www.cnbb.org.br\/cnbb-app\/wp\/v2\/tags?post=32519"}],"curies":[{"name":"wp","href":"https:\/\/api.w.org\/{rel}","templated":true}]}}