{"id":32525,"date":"2018-11-13T00:00:00","date_gmt":"2018-11-13T02:00:00","guid":{"rendered":"https:\/\/www.cnbb.org.br\/mensagem-para-o-dia-mundial-dos-pobres\/"},"modified":"2018-11-13T00:00:00","modified_gmt":"2018-11-13T02:00:00","slug":"mensagem-para-o-dia-mundial-dos-pobres","status":"publish","type":"post","link":"https:\/\/www.cnbb.org.br\/mensagem-para-o-dia-mundial-dos-pobres\/","title":{"rendered":"Mensagem para o Dia Mundial dos Pobres"},"content":{"rendered":"<p style=\"text-align: right\"><strong><em>Dom Alo\u00edsio A. Dilli<br \/>\n<\/em><em>Bispo de Santa Cruz do Sul<\/em><\/strong><\/p>\n<p><strong>\u00a0<\/strong><\/p>\n<p style=\"text-align: justify\">Estimados diocesanos. O Papa Francisco instituiu, em 2017, o Domingo antes da Festa de Cristo Rei, como data especial para aproxima\u00e7\u00e3o dos fi\u00e9is com os pobres, ou seja, somos chamados a encontrar-nos com as diversas condi\u00e7\u00f5es de sofrimento e marginaliza\u00e7\u00e3o em que vivem tantos irm\u00e3os e irm\u00e3s nossos. A tem\u00e1tica abordada pelo Santo Padre emerge da frase b\u00edblica do Salmo 34, 7: \u201c<em>Este pobre pediu socorro e o Senhor o ouviu, libertou-o de suas ang\u00fastias<\/em>\u201d. O salmo afirma que o Senhor escuta os pobres, aqueles que s\u00e3o espezinhados na sua dignidade e, apesar disso, t\u00eam a for\u00e7a de erguer os olhos para as alturas, para receber luz e conforto, pois sabem que t\u00eam em Deus o seu Salvador. Emerge desta ora\u00e7\u00e3o o sentimento de abandono, mas igualmente a confian\u00e7a num Pai que escuta e acolhe.<\/p>\n<p style=\"text-align: justify\">O salmo caracteriza, com tr\u00eas verbos, a atitude do pobre e a sua rela\u00e7\u00e3o com Deus: <em>gritar<\/em>, <em>responder<\/em> e <em>libertar<\/em>. A condi\u00e7\u00e3o de pobreza torna-se um grito que atravessa os c\u00e9us e chega at\u00e9 Deus. Este grito deveria ecoar tamb\u00e9m em nossos ouvidos, tantas vezes indiferentes e impass\u00edveis. O Papa convida a um exame de consci\u00eancia tamb\u00e9m em rela\u00e7\u00e3o \u00e0s formas de ajuda aos pobres, sem compromisso direto com a mudan\u00e7a de sua vida: \u201c<em>Muitas vezes, tenho receio que tantas iniciativas, apesar de merit\u00f3rias e necess\u00e1rias, estejam mais orientadas para satisfazer a n\u00f3s mesmos do que para acolher realmente o grito do pobre<\/em>\u201d.<\/p>\n<p style=\"text-align: justify\">O segundo verbo \u00e9 <em>responder<\/em>. Segundo a Escritura, o Senhor n\u00e3o s\u00f3 escuta o grito do pobre, mas tamb\u00e9m lhe responde. A resposta de Deus \u00e9 sempre uma interven\u00e7\u00e3o de salva\u00e7\u00e3o para cuidar das feridas da alma e do corpo, para repor a justi\u00e7a e para ajudar o pobre a recuperar uma vida digna. Afirma o Papa que o dia mundial dos pobres pode ser uma gota de \u00e1gua no deserto da pobreza, contudo, torna-se sinal de partilha com os necessitados para sentirem a presen\u00e7a de um irm\u00e3o e de uma irm\u00e3 que procura o seu bem.<\/p>\n<p style=\"text-align: justify\">O terceiro verbo \u00e9 <em>libertar<\/em>. As amarras da pobreza s\u00e3o quebradas pelo poder da interven\u00e7\u00e3o de Deus. Segundo a mensagem do Pont\u00edfice: \u201c<em>Cada crist\u00e3o e cada comunidade s\u00e3o chamados a ser instrumentos de Deus ao servi\u00e7o da liberta\u00e7\u00e3o e promo\u00e7\u00e3o dos pobres, para que possam integrar-se plenamente na sociedade<\/em>\u201d (EG 187).<\/p>\n<p style=\"text-align: justify\">Com o Evangelho da cura de Bartimeu (Mc 10, 46-52), Francisco lembra que h\u00e1 muitos pobres que tamb\u00e9m esperam por algu\u00e9m que se aproxime deles e diga: \u201c<em>Coragem! Levanta-te, que Ele est\u00e1 a chamar-te<\/em>\u201d. Infelizmente, muitos condenam os pobres e os consideram como gente que deve ser rejeitada e mantida longe. Diz o Papa: \u201c<em>H\u00e1 uma tend\u00eancia a criar dist\u00e2ncia entre n\u00f3s e eles, e n\u00e3o nos damos conta que, deste modo, nos tornamos distantes do Senhor Jesus que n\u00e3o os rejeita, mas os chama a Si e os consola<\/em>\u201d.<\/p>\n<p style=\"text-align: justify\">O Santo Padre valoriza os numerosos gestos de amor e salva\u00e7\u00e3o para com os mais necessitados em todas as partes do mundo: \u201c<em>S\u00e3o in\u00fameras as iniciativas que, todos os dias, a comunidade crist\u00e3 leva a cabo para dar um sinal de proximidade e de conforto \u00e0s muitas formas de pobreza que est\u00e3o diante dos nossos olhos<\/em>\u201d. Os verdadeiros protagonistas da convers\u00e3o e da caridade devem ser o Senhor e os pobres. Quem se coloca ao servi\u00e7o \u00e9 instrumento nas m\u00e3os de Deus para fazer reconhecer a sua presen\u00e7a e a sua salva\u00e7\u00e3o: O Papa conclui, afirmando: \u201c<em>Os pobres nos evangelizam, ajudando-nos a descobrir cada dia a beleza do Evangelho<\/em>\u201d.<\/p>\n<p style=\"text-align: justify\">\n<p><em>\u00a0<\/em><\/p>\n<p>&nbsp;<\/p>\n","protected":false},"excerpt":{"rendered":"<p>Dom Alo\u00edsio A. Dilli Bispo de Santa Cruz do Sul \u00a0 Estimados diocesanos. O Papa Francisco instituiu, em 2017, o Domingo antes da Festa de Cristo Rei, como data especial para aproxima\u00e7\u00e3o dos fi\u00e9is com os pobres, ou seja, somos chamados a encontrar-nos com as diversas condi\u00e7\u00f5es de sofrimento e marginaliza\u00e7\u00e3o em que vivem tantos &hellip;<\/p>\n<p class=\"read-more\"> <a class=\"\" href=\"https:\/\/www.cnbb.org.br\/mensagem-para-o-dia-mundial-dos-pobres\/\"> <span class=\"screen-reader-text\">Mensagem para o Dia Mundial dos Pobres<\/span> Leia mais &raquo;<\/a><\/p>\n","protected":false},"author":33,"featured_media":0,"comment_status":"closed","ping_status":"open","sticky":false,"template":"","format":"standard","meta":{"site-sidebar-layout":"default","site-content-layout":"default","ast-global-header-display":"","ast-banner-title-visibility":"","ast-main-header-display":"","ast-hfb-above-header-display":"","ast-hfb-below-header-display":"","ast-hfb-mobile-header-display":"","site-post-title":"","ast-breadcrumbs-content":"","ast-featured-img":"","footer-sml-layout":"","theme-transparent-header-meta":"","adv-header-id-meta":"","stick-header-meta":"","header-above-stick-meta":"","header-main-stick-meta":"","header-below-stick-meta":""},"categories":[758],"tags":[],"acf":[],"_links":{"self":[{"href":"https:\/\/www.cnbb.org.br\/cnbb-app\/wp\/v2\/posts\/32525"}],"collection":[{"href":"https:\/\/www.cnbb.org.br\/cnbb-app\/wp\/v2\/posts"}],"about":[{"href":"https:\/\/www.cnbb.org.br\/cnbb-app\/wp\/v2\/types\/post"}],"author":[{"embeddable":true,"href":"https:\/\/www.cnbb.org.br\/cnbb-app\/wp\/v2\/users\/33"}],"replies":[{"embeddable":true,"href":"https:\/\/www.cnbb.org.br\/cnbb-app\/wp\/v2\/comments?post=32525"}],"version-history":[{"count":0,"href":"https:\/\/www.cnbb.org.br\/cnbb-app\/wp\/v2\/posts\/32525\/revisions"}],"wp:attachment":[{"href":"https:\/\/www.cnbb.org.br\/cnbb-app\/wp\/v2\/media?parent=32525"}],"wp:term":[{"taxonomy":"category","embeddable":true,"href":"https:\/\/www.cnbb.org.br\/cnbb-app\/wp\/v2\/categories?post=32525"},{"taxonomy":"post_tag","embeddable":true,"href":"https:\/\/www.cnbb.org.br\/cnbb-app\/wp\/v2\/tags?post=32525"}],"curies":[{"name":"wp","href":"https:\/\/api.w.org\/{rel}","templated":true}]}}