{"id":32526,"date":"2018-11-13T00:00:00","date_gmt":"2018-11-13T02:00:00","guid":{"rendered":"https:\/\/www.cnbb.org.br\/o-que-e-de-deus-renasce-e-cresce\/"},"modified":"2018-11-13T00:00:00","modified_gmt":"2018-11-13T02:00:00","slug":"o-que-e-de-deus-renasce-e-cresce","status":"publish","type":"post","link":"https:\/\/www.cnbb.org.br\/o-que-e-de-deus-renasce-e-cresce\/","title":{"rendered":"O que \u00e9 de Deus renasce e cresce"},"content":{"rendered":"<p style=\"text-align: right\"><strong>Dom Reginaldo Andrietta<\/strong><br \/>\n<strong>Bispo de Jales<\/strong><\/p>\n<p style=\"text-align: justify\">\n<p style=\"text-align: justify\">\u201cEste pobre grita e o Senhor o escuta\u201d, do Salmo 34, \u00e9 o lema da Semana da Solidariedade, da Igreja Cat\u00f3lica no Brasil, que culmina com a Jornada Mundial dos Pobres, deste 18 de novembro, criada pelo Papa Francisco. Por meio dessa Semana, a Igreja promove mais intensamente a\u00e7\u00f5es solid\u00e1rias em prol da supera\u00e7\u00e3o da pobreza. Essas a\u00e7\u00f5es podem ser pequenas diante de realidades t\u00e3o desafiadoras, mas s\u00e3o significativas e promissoras.<\/p>\n<p style=\"text-align: justify\">\u00c1rvores frondosas nascem de pequenas sementes. Ali\u00e1s, o gr\u00e3o de mostarda \u00e9 um exemplo utilizado por Jesus para falar sobre o potencial de seu Reino (cf. Mc 4,30-32). N\u00f3s mesmos nascemos de gametas observ\u00e1veis somente por microsc\u00f3pio. Nas sementes e nos gametas est\u00e3o as potencialidades da vida. Em condi\u00e7\u00f5es favor\u00e1veis se desenvolvem. Suas energias e as sinergias dos seres que geram s\u00e3o reveladoras da exist\u00eancia de Deus.<\/p>\n<p style=\"text-align: justify\">Somos um pouco cegos para enxerg\u00e1-lo. No entanto, \u00e9 f\u00e1cil v\u00ea-lo ao aproximamos os olhos da realidade que est\u00e1 ao nosso alcance, ou seja, nossa hist\u00f3ria permeada de alegrias e dramaticidades, marcada por tempos de paz e de turbul\u00eancias. A\u00ed est\u00e1 Ele. N\u00f3s o vemos em meio dos pobres, dos enfermos, dos marginalizados e at\u00e9 dos injustamente condenados, enfrentando complica\u00e7\u00f5es com autoridades. Seu nome? Filho de Deus, Jesus Cristo.<\/p>\n<p style=\"text-align: justify\">A\u00ed est\u00e1 Ele, falando de um certo Reino, o seu Reino; convidando todos a entrarem nessa realidade totalmente nova. S\u00f3 alguns acreditam, deixam seus interesses exclusivamente particulares, o seguem e o anunciam com convic\u00e7\u00e3o e sem medo. Os poderosos de sua \u00e9poca, na Palestina, pretensamente donos da lei, desconfiaram que seu Reino de Justi\u00e7a viesse substituir a sociedade t\u00e3o &#8220;certinha&#8221; que eles haviam criado para justificar seus privil\u00e9gios.<\/p>\n<p style=\"text-align: justify\">Eliminaram-no? Engano. O autor da vida n\u00e3o morre e jamais abandona o prop\u00f3sito de efetivar seu Reino. Ele continua presente nos que est\u00e3o sendo impedidos de viver conforme a dignidade que Ele nos deu, e naqueles que os amam. A\u00ed est\u00e1 Ele, presente na hist\u00f3ria do povo sofrido que n\u00e3o perde a f\u00e9 e a esperan\u00e7a, manifestando-se nos que defendem a vida, lutam pelo bem comum e constroem uma sociedade de rela\u00e7\u00f5es fraternas e justas.<\/p>\n<p style=\"text-align: justify\">Entre seus seguidores h\u00e1 muitos jovens generosos, dedicados aos que t\u00eam rostos abatidos por falta de oportunidades. Poucos lhes d\u00e3o igual import\u00e2ncia. A Semana da Solidariedade une os que os amam, lhes d\u00e3o aten\u00e7\u00e3o e lhes estendem as m\u00e3os, implicando-lhes em a\u00e7\u00f5es socioeducativas, ajudando-lhes a recuperar a autoestima e a consci\u00eancia de sua dignidade, e reivindicar reconhecimento, direitos e espa\u00e7o de participa\u00e7\u00e3o.<\/p>\n<p style=\"text-align: justify\">Por sua f\u00e9 e suas a\u00e7\u00f5es, a semente do Reino de Deus germina, essa \u201c\u00e1rvore\u201d cresce. N\u00e3o faltam podadores. Est\u00e3o de plant\u00e3o. Se tentam cort\u00e1-la, fazem-na brotar com mais vigor. Consola-nos saber que a primavera e o c\u00e9u no tempo certo irrompem. N\u00e3o custa esperar. \u00c9 preciso resistir e lutar com mais amor, sabedoria e coragem. Afinal, o falso que se imp\u00f5e, mais cedo ou mais tarde perece, e o que \u00e9 realmente de Deus, renasce e cresce.<\/p>\n<p style=\"text-align: justify\">\n","protected":false},"excerpt":{"rendered":"<p>Dom Reginaldo Andrietta Bispo de Jales \u201cEste pobre grita e o Senhor o escuta\u201d, do Salmo 34, \u00e9 o lema da Semana da Solidariedade, da Igreja Cat\u00f3lica no Brasil, que culmina com a Jornada Mundial dos Pobres, deste 18 de novembro, criada pelo Papa Francisco. Por meio dessa Semana, a Igreja promove mais intensamente a\u00e7\u00f5es &hellip;<\/p>\n<p class=\"read-more\"> <a class=\"\" href=\"https:\/\/www.cnbb.org.br\/o-que-e-de-deus-renasce-e-cresce\/\"> <span class=\"screen-reader-text\">O que \u00e9 de Deus renasce e cresce<\/span> Leia mais &raquo;<\/a><\/p>\n","protected":false},"author":32,"featured_media":0,"comment_status":"closed","ping_status":"open","sticky":false,"template":"","format":"standard","meta":{"site-sidebar-layout":"default","site-content-layout":"default","ast-global-header-display":"","ast-banner-title-visibility":"","ast-main-header-display":"","ast-hfb-above-header-display":"","ast-hfb-below-header-display":"","ast-hfb-mobile-header-display":"","site-post-title":"","ast-breadcrumbs-content":"","ast-featured-img":"","footer-sml-layout":"","theme-transparent-header-meta":"","adv-header-id-meta":"","stick-header-meta":"","header-above-stick-meta":"","header-main-stick-meta":"","header-below-stick-meta":""},"categories":[758],"tags":[],"acf":[],"_links":{"self":[{"href":"https:\/\/www.cnbb.org.br\/cnbb-app\/wp\/v2\/posts\/32526"}],"collection":[{"href":"https:\/\/www.cnbb.org.br\/cnbb-app\/wp\/v2\/posts"}],"about":[{"href":"https:\/\/www.cnbb.org.br\/cnbb-app\/wp\/v2\/types\/post"}],"author":[{"embeddable":true,"href":"https:\/\/www.cnbb.org.br\/cnbb-app\/wp\/v2\/users\/32"}],"replies":[{"embeddable":true,"href":"https:\/\/www.cnbb.org.br\/cnbb-app\/wp\/v2\/comments?post=32526"}],"version-history":[{"count":0,"href":"https:\/\/www.cnbb.org.br\/cnbb-app\/wp\/v2\/posts\/32526\/revisions"}],"wp:attachment":[{"href":"https:\/\/www.cnbb.org.br\/cnbb-app\/wp\/v2\/media?parent=32526"}],"wp:term":[{"taxonomy":"category","embeddable":true,"href":"https:\/\/www.cnbb.org.br\/cnbb-app\/wp\/v2\/categories?post=32526"},{"taxonomy":"post_tag","embeddable":true,"href":"https:\/\/www.cnbb.org.br\/cnbb-app\/wp\/v2\/tags?post=32526"}],"curies":[{"name":"wp","href":"https:\/\/api.w.org\/{rel}","templated":true}]}}