{"id":32531,"date":"2018-11-13T00:00:00","date_gmt":"2018-11-13T02:00:00","guid":{"rendered":"https:\/\/www.cnbb.org.br\/superar-a-indiferenca-2\/"},"modified":"2018-11-13T00:00:00","modified_gmt":"2018-11-13T02:00:00","slug":"superar-a-indiferenca-2","status":"publish","type":"post","link":"https:\/\/www.cnbb.org.br\/superar-a-indiferenca-2\/","title":{"rendered":"Superar a indiferen\u00e7a"},"content":{"rendered":"<p style=\"text-align: right\"><strong>Dom Adelar Baruffi<\/strong><br \/>\n<strong>Bispo de Cruz Alta<\/strong><\/p>\n<p>&nbsp;<\/p>\n<p style=\"text-align: justify\">A indiferen\u00e7a \u00e9 o modo mais omisso e cruel nas rela\u00e7\u00f5es humanas. \u201cN\u00e3o quero me comprometer\u201d, \u201cn\u00e3o tenho nada a ver com isso\u201d. Humanamente esta postura \u00e9 excludente e egoc\u00eantrica. Mas, em se tratando de disc\u00edpulos de Jesus Cristo, a nossa rela\u00e7\u00e3o com os sofredores tem um significado especial. O Papa Francisco instituiu o Dia dos Pobres, no terceiro domingo de novembro, que neste ano \u00e9 celebrado no dia 18. Mas quem s\u00e3o os pobres? \u00c9 um termo gen\u00e9rico para designar \u201cas diversas condi\u00e7\u00f5es de sofrimento e marginaliza\u00e7\u00e3o\u201d (<em>Mensagem do Santo Padre para o II Dia Mundial dos Pobres<\/em>). \u201cEste pobre grita e o Senhor o escuta\u201d (Sl 34,7), \u00e9 a motiva\u00e7\u00e3o b\u00edblica escolhida para este dia. O Papa nos recorda que n\u00e3o podemos ficar na indiferen\u00e7a, mas \u201cencontrar-se\u201d, aproximar-se dos diversos tipos de sofrimento humano. Esta postura nada tem a ver com ideologias (esta acusa\u00e7\u00e3o, muitas vezes serve para aliviar nossa consci\u00eancia por ignorar esta realidade t\u00e3o pr\u00f3xima de n\u00f3s), mas \u201cderiva de nossa f\u00e9 em Cristo, que se fez pobre e sempre se aproximou dos pobres e marginalizados\u201d (EG 186).<\/p>\n<p style=\"text-align: justify\">A Sagrada Escritura nos diz que Deus se comove diante do sofrimento humano e qual Bom Pastor da humanidade, se abaixa para nos carregar nos ombros e curar nossas feridas humanas, sociais e espirituais (cf. Lc 10, 25-37). N\u00e3o \u00e9 verdade a obje\u00e7\u00e3o de que a miss\u00e3o da Igreja \u00e9 unicamente a salva\u00e7\u00e3o das almas. Jesus nos testemunhou seu olhar pela pessoa humana na sua integralidade: fitava nos olhos, gastava tempo com as pessoas, perdoava pecados e curava os enfermos. \u201cO Senhor escuta os pobres que clamam por Ele e que \u00e9 bom para com os que n\u2019Ele procuram ref\u00fagio, com o cora\u00e7\u00e3o despeda\u00e7ado pela tristeza, pela solid\u00e3o e pela exclus\u00e3o. Escuta os que s\u00e3o espezinhados na sua dignidade e, apesar disso, t\u00eam a for\u00e7a de levantar o olhar para as alturas, para receber luz e conforto\u201d (Francisco). A miss\u00e3o da Igreja segue os mesmos passos de Jesus e, sem d\u00favidas, o primeiro olhar deve ser o seu cuidado espiritual, pois, nos diz o Santo Padre \u201cque a pior discrimina\u00e7\u00e3o que sofrem os pobres \u00e9 a falta de cuidado espiritual\u201d (EG 200). \u201cA resposta de Deus ao pobre \u00e9 sempre uma interven\u00e7\u00e3o de salva\u00e7\u00e3o para cuidar das feridas da alma e do corpo, para repor a justi\u00e7a e para ajudar a recuperar uma vida com dignidade\u201d (Francisco). \u00a0Portanto, somos chamados a um olhar integral e preferencial com os mais pobres: \u201cningu\u00e9m pode sentir-se exonerado da preocupa\u00e7\u00e3o pelos pobres e pela justi\u00e7a social\u201d (EG 201).<\/p>\n<p style=\"text-align: justify\">Ent\u00e3o, o que devemos fazer? No momento em que estamos vivendo, o primeiro a fazer \u00e9, sinceramente, se converter da indiferen\u00e7a e do desprezo. Claro que n\u00e3o \u00e9 obriga\u00e7\u00e3o dos crist\u00e3os a supera\u00e7\u00e3o da pobreza no mundo, mas \u201cuma gota d\u00b4\u00e1gua no deserto\u201d (Francisco), para que sintam que podem contar com irm\u00e3os e irm\u00e3s. Vemos, com alegria, as muitas iniciativas existentes de caridade na Igreja e que, igualmente, muitas institui\u00e7\u00f5es da sociedade se organizam para esta proximidade misericordiosa. Somemos juntos. Podemos fazer muito mais. Deixemo-nos guiar pelo Esp\u00edrito Santo, que no dia de nosso batismo nos ungiu para, como Jesus, \u201cevangelizar os pobres\u201d (Lc 4,18). \u201cCada crist\u00e3o e cada comunidade s\u00e3o chamados a serem instrumentos de Deus ao servi\u00e7o da liberta\u00e7\u00e3o e promo\u00e7\u00e3o dos pobres, para que possam integrar-se plenamente na sociedade; isto sup\u00f5e que sejamos d\u00f3ceis e atentos, para ouvir o clamor do pobre e socorr\u00ea-lo\u201d (EG 187). Recordemos novamente, nosso amor pelos mais pobres n\u00e3o \u00e9 uma postura ideol\u00f3gica e nem porque mere\u00e7am mais do que os outros, mas o modo concerto de viver o seguimento de Cristo.<\/p>\n<p style=\"text-align: justify\">\n","protected":false},"excerpt":{"rendered":"<p>Dom Adelar Baruffi Bispo de Cruz Alta &nbsp; A indiferen\u00e7a \u00e9 o modo mais omisso e cruel nas rela\u00e7\u00f5es humanas. \u201cN\u00e3o quero me comprometer\u201d, \u201cn\u00e3o tenho nada a ver com isso\u201d. Humanamente esta postura \u00e9 excludente e egoc\u00eantrica. Mas, em se tratando de disc\u00edpulos de Jesus Cristo, a nossa rela\u00e7\u00e3o com os sofredores tem um &hellip;<\/p>\n<p class=\"read-more\"> <a class=\"\" href=\"https:\/\/www.cnbb.org.br\/superar-a-indiferenca-2\/\"> <span class=\"screen-reader-text\">Superar a indiferen\u00e7a<\/span> Leia mais &raquo;<\/a><\/p>\n","protected":false},"author":26,"featured_media":0,"comment_status":"closed","ping_status":"open","sticky":false,"template":"","format":"standard","meta":{"site-sidebar-layout":"default","site-content-layout":"default","ast-global-header-display":"","ast-banner-title-visibility":"","ast-main-header-display":"","ast-hfb-above-header-display":"","ast-hfb-below-header-display":"","ast-hfb-mobile-header-display":"","site-post-title":"","ast-breadcrumbs-content":"","ast-featured-img":"","footer-sml-layout":"","theme-transparent-header-meta":"","adv-header-id-meta":"","stick-header-meta":"","header-above-stick-meta":"","header-main-stick-meta":"","header-below-stick-meta":""},"categories":[758],"tags":[],"acf":[],"_links":{"self":[{"href":"https:\/\/www.cnbb.org.br\/cnbb-app\/wp\/v2\/posts\/32531"}],"collection":[{"href":"https:\/\/www.cnbb.org.br\/cnbb-app\/wp\/v2\/posts"}],"about":[{"href":"https:\/\/www.cnbb.org.br\/cnbb-app\/wp\/v2\/types\/post"}],"author":[{"embeddable":true,"href":"https:\/\/www.cnbb.org.br\/cnbb-app\/wp\/v2\/users\/26"}],"replies":[{"embeddable":true,"href":"https:\/\/www.cnbb.org.br\/cnbb-app\/wp\/v2\/comments?post=32531"}],"version-history":[{"count":0,"href":"https:\/\/www.cnbb.org.br\/cnbb-app\/wp\/v2\/posts\/32531\/revisions"}],"wp:attachment":[{"href":"https:\/\/www.cnbb.org.br\/cnbb-app\/wp\/v2\/media?parent=32531"}],"wp:term":[{"taxonomy":"category","embeddable":true,"href":"https:\/\/www.cnbb.org.br\/cnbb-app\/wp\/v2\/categories?post=32531"},{"taxonomy":"post_tag","embeddable":true,"href":"https:\/\/www.cnbb.org.br\/cnbb-app\/wp\/v2\/tags?post=32531"}],"curies":[{"name":"wp","href":"https:\/\/api.w.org\/{rel}","templated":true}]}}