{"id":32547,"date":"2018-11-14T00:00:00","date_gmt":"2018-11-14T02:00:00","guid":{"rendered":"https:\/\/www.cnbb.org.br\/bispos-realizam-ultima-reuniao-do-conser-do-ano-e-avaliam-com-pastorais-caminhada-em-2018\/"},"modified":"2018-11-14T00:00:00","modified_gmt":"2018-11-14T02:00:00","slug":"bispos-realizam-ultima-reuniao-do-conser-do-ano-e-avaliam-com-pastorais-caminhada-em-2018","status":"publish","type":"post","link":"https:\/\/www.cnbb.org.br\/bispos-realizam-ultima-reuniao-do-conser-do-ano-e-avaliam-com-pastorais-caminhada-em-2018\/","title":{"rendered":"Bispos realizam \u00faltima reuni\u00e3o do Conser do ano e avaliam caminhada em 2018"},"content":{"rendered":"<p style=\"text-align: justify\">Na tarde desta segunda-feira, 12\/11, aconteceu na sede do Regional Centro-Oeste da CNBB (Goi\u00e1s e Distrito Federal) a reuni\u00e3o da Comiss\u00e3o Episcopal de Pastoral (CEP). O encontro contou com a participa\u00e7\u00e3o do bispo de Urua\u00e7u (GO) e presidente do regional, dom Messias dos Reis Silveira; do bispo auxiliar de Goi\u00e2nia e secret\u00e1rio do regional, dom Levi Bonatto; do bispo auxiliar de Bras\u00edlia, dom Marcony Vin\u00edcius; do bispo de Itumbiara (GO) dom Ant\u00f4nio Fernando Brochini; e do secret\u00e1rio executivo do regional, padre Eduardo Luiz de Rezende.<\/p>\n<p style=\"text-align: justify\">O\u00a0grupo definiu os detalhes da reuni\u00e3o do Conselho Episcopal Regional (Conser). Ontem (12), Dom Messias presidiu a Santa Missa de abertura no in\u00edcio da noite. Ele comentou o Evangelho do dia (Lc 17,1-6) em que a palavra do Senhor exorta sobre o cuidado que devemos ter com os esc\u00e2ndalos. \u201cAi daquele que produz esc\u00e2ndalo\u201d (Lc 17,1). Segundo Dom Messias, Jesus fala da necessidade do perd\u00e3o.<\/p>\n<p>Saiba mais:\u00a0http:\/\/<a href=\"http:\/\/www.cnbbco.com\/conteudo\/cnbb\/item\/1070-bispos-realizam-ultima-reuniao-do-conser-do-ano-e-avaliam-com-pastorais-caminhada-do-regional-em-2018#.W-wdUtxhnIU\" target=\"_blank\" rel=\"noopener\">www.cnbbco.com<\/a><\/p>\n","protected":false},"excerpt":{"rendered":"<p>O encontro contou com a participa\u00e7\u00e3o do bispo de Urua\u00e7u (GO) e presidente do regional, dom Messias dos Reis Silveira<\/p>\n","protected":false},"author":83,"featured_media":21641,"comment_status":"closed","ping_status":"open","sticky":false,"template":"","format":"standard","meta":{"site-sidebar-layout":"default","site-content-layout":"default","ast-global-header-display":"","ast-banner-title-visibility":"","ast-main-header-display":"","ast-hfb-above-header-display":"","ast-hfb-below-header-display":"","ast-hfb-mobile-header-display":"","site-post-title":"","ast-breadcrumbs-content":"","ast-featured-img":"","footer-sml-layout":"","theme-transparent-header-meta":"","adv-header-id-meta":"","stick-header-meta":"","header-above-stick-meta":"","header-main-stick-meta":"","header-below-stick-meta":""},"categories":[782,769],"tags":[],"acf":[],"_links":{"self":[{"href":"https:\/\/www.cnbb.org.br\/cnbb-app\/wp\/v2\/posts\/32547"}],"collection":[{"href":"https:\/\/www.cnbb.org.br\/cnbb-app\/wp\/v2\/posts"}],"about":[{"href":"https:\/\/www.cnbb.org.br\/cnbb-app\/wp\/v2\/types\/post"}],"author":[{"embeddable":true,"href":"https:\/\/www.cnbb.org.br\/cnbb-app\/wp\/v2\/users\/83"}],"replies":[{"embeddable":true,"href":"https:\/\/www.cnbb.org.br\/cnbb-app\/wp\/v2\/comments?post=32547"}],"version-history":[{"count":0,"href":"https:\/\/www.cnbb.org.br\/cnbb-app\/wp\/v2\/posts\/32547\/revisions"}],"wp:featuredmedia":[{"embeddable":true,"href":"https:\/\/www.cnbb.org.br\/cnbb-app\/wp\/v2\/media\/21641"}],"wp:attachment":[{"href":"https:\/\/www.cnbb.org.br\/cnbb-app\/wp\/v2\/media?parent=32547"}],"wp:term":[{"taxonomy":"category","embeddable":true,"href":"https:\/\/www.cnbb.org.br\/cnbb-app\/wp\/v2\/categories?post=32547"},{"taxonomy":"post_tag","embeddable":true,"href":"https:\/\/www.cnbb.org.br\/cnbb-app\/wp\/v2\/tags?post=32547"}],"curies":[{"name":"wp","href":"https:\/\/api.w.org\/{rel}","templated":true}]}}