{"id":32572,"date":"2018-11-19T00:00:00","date_gmt":"2018-11-19T02:00:00","guid":{"rendered":"https:\/\/www.cnbb.org.br\/conselho-permanente-da-cnbb-se-reune-em-brasilia-de-20-a-22-de-novembro\/"},"modified":"2018-11-19T00:00:00","modified_gmt":"2018-11-19T02:00:00","slug":"conselho-permanente-da-cnbb-se-reune-em-brasilia-de-20-a-22-de-novembro","status":"publish","type":"post","link":"https:\/\/www.cnbb.org.br\/conselho-permanente-da-cnbb-se-reune-em-brasilia-de-20-a-22-de-novembro\/","title":{"rendered":"Conselho Permanente da CNBB se re\u00fane em Bras\u00edlia de 20 a 22 de novembro"},"content":{"rendered":"<p style=\"text-align: justify\">A Confer\u00eancia Nacional dos Bispos do Brasil (CNBB) realiza de 20 a 22 de novembro, em sua sede provis\u00f3ria, a 97\u00aa Reuni\u00e3o Ordin\u00e1ria do Conselho Permanente, \u00f3rg\u00e3o que, segundo o Estatuto e Regimento da entidade, \u00e9 respons\u00e1vel pela orienta\u00e7\u00e3o e acompanhamento da CNBB e dos organismos a ela vinculados. O Conselho Permanente, constitu\u00eddo pela presid\u00eancia, presidentes das comiss\u00f5es episcopais e membros eleitos dos conselhos episcopais regionais, tamb\u00e9m tem car\u00e1ter eletivo e deliberativo.<\/p>\n<p style=\"text-align: justify\">O destaque central da pauta ser\u00e1 a organiza\u00e7\u00e3o da 57\u00aa Assembleia Geral da CNBB que acontece em Aparecida (SP), de 1 a 10 de maio de 2019 e ter\u00e1 como objetivo central atualizar as Diretrizes Gerais da A\u00e7\u00e3o Evangelizadora da Igreja no Brasil para o per\u00edodo 2019 a 2023. A equipe de reda\u00e7\u00e3o composta por bispos e peritos e coordenada pelo arcebispo de S\u00e3o Luiz (MA), dom Jos\u00e9 Belis\u00e1rio da Silva, j\u00e1 se reuniu duas vezes. O resultado desta produ\u00e7\u00e3o ser\u00e1 apresentado aos bispos do Conselho Permanente.<\/p>\n<p style=\"text-align: justify\">Os membros do Conselho Permanente tamb\u00e9m votar\u00e3o o texto Minist\u00e9rio e Celebra\u00e7\u00e3o da Palavra, fruto da jun\u00e7\u00e3o do trabalho de duas comiss\u00f5es especiais de trabalho. A atualiza\u00e7\u00e3o das orienta\u00e7\u00f5es para a celebra\u00e7\u00e3o da Palavra tem como base o Documento 52 da CNBB, aprovado durante a 32\u00aa Assembleia Geral da CNBB, em 1994.<\/p>\n<p style=\"text-align: justify\"><strong>Lan\u00e7amento nova edi\u00e7\u00e3o da B\u00edblia CNBB<\/strong> &#8211;\u00a0Ap\u00f3s 11 anos de trabalho, a CNBB lan\u00e7ar\u00e1, nesta reuni\u00e3o, dia 21\/11, \u00e0s 11h, uma nova tradu\u00e7\u00e3o oficial da B\u00edblia que servir\u00e1 de refer\u00eancia para a Igreja no Brasil. Como recomenda o Conc\u00edlio Vaticano II, a tradu\u00e7\u00e3o se baseia nos textos originais hebraicos, aramaicos e gregos, cotejados com a Nova Vulgata \u2013 a tradu\u00e7\u00e3o oficial cat\u00f3lica. Esta nova vers\u00e3o ser\u00e1 usada nas futuras publica\u00e7\u00f5es oficiais da Igreja no Brasil (lecion\u00e1rios lit\u00fargicos, documentos).<\/p>\n<p style=\"text-align: justify\">O presidente da CNBB, cardeal Sergio da Rocha, e os padres sinodais brasileiros que integram o Conselho Permanente far\u00e3o um repasse da XV Assembleia Geral Ordin\u00e1ria do S\u00ednodo dos Bispos, realizada em Roma, de 03 a 28\/10, cujo tema foi a juventude. O S\u00ednodo 2019, cujo tema \u00e9 a Amaz\u00f4nia, tamb\u00e9m ser\u00e1 objeto de estudos e encaminhamentos do conselho.<\/p>\n<p style=\"text-align: justify\">A 97\u00aa Reuni\u00e3o Ordin\u00e1ria do Conselho Permanente tamb\u00e9m se dedicar\u00e1 a outros assuntos: an\u00e1lise de conjuntura brasileira, reforma do pr\u00e9dio sede, comunicado das comiss\u00f5es e seus servi\u00e7os, a migra\u00e7\u00e3o em Roraima e o Plano Caminhos de Solidariedade, elei\u00e7\u00e3o do Secret\u00e1rio do Centro Cultura Mission\u00e1rio (CCM) da CNBB.<\/p>\n<p>Foto: \u00daltima reuni\u00e3o do Conselho Permanente\/Agosto 2019.<\/p>\n","protected":false},"excerpt":{"rendered":"<p>O destaque central da pauta ser\u00e1 a organiza\u00e7\u00e3o da 57\u00aa Assembleia Geral da CNBB que acontece em Aparecida (SP), de 1 a 10 de maio de 2019 e ter\u00e1 como objetivo central atualizar as Diretrizes Gerais da A\u00e7\u00e3o Evangelizadora da Igreja no Brasil para o per\u00edodo 2019 a 2023<\/p>\n","protected":false},"author":83,"featured_media":0,"comment_status":"closed","ping_status":"open","sticky":false,"template":"","format":"standard","meta":{"site-sidebar-layout":"default","site-content-layout":"default","ast-global-header-display":"","ast-banner-title-visibility":"","ast-main-header-display":"","ast-hfb-above-header-display":"","ast-hfb-below-header-display":"","ast-hfb-mobile-header-display":"","site-post-title":"","ast-breadcrumbs-content":"","ast-featured-img":"","footer-sml-layout":"","theme-transparent-header-meta":"","adv-header-id-meta":"","stick-header-meta":"","header-above-stick-meta":"","header-main-stick-meta":"","header-below-stick-meta":""},"categories":[834,744],"tags":[],"acf":[],"_links":{"self":[{"href":"https:\/\/www.cnbb.org.br\/cnbb-app\/wp\/v2\/posts\/32572"}],"collection":[{"href":"https:\/\/www.cnbb.org.br\/cnbb-app\/wp\/v2\/posts"}],"about":[{"href":"https:\/\/www.cnbb.org.br\/cnbb-app\/wp\/v2\/types\/post"}],"author":[{"embeddable":true,"href":"https:\/\/www.cnbb.org.br\/cnbb-app\/wp\/v2\/users\/83"}],"replies":[{"embeddable":true,"href":"https:\/\/www.cnbb.org.br\/cnbb-app\/wp\/v2\/comments?post=32572"}],"version-history":[{"count":0,"href":"https:\/\/www.cnbb.org.br\/cnbb-app\/wp\/v2\/posts\/32572\/revisions"}],"wp:attachment":[{"href":"https:\/\/www.cnbb.org.br\/cnbb-app\/wp\/v2\/media?parent=32572"}],"wp:term":[{"taxonomy":"category","embeddable":true,"href":"https:\/\/www.cnbb.org.br\/cnbb-app\/wp\/v2\/categories?post=32572"},{"taxonomy":"post_tag","embeddable":true,"href":"https:\/\/www.cnbb.org.br\/cnbb-app\/wp\/v2\/tags?post=32572"}],"curies":[{"name":"wp","href":"https:\/\/api.w.org\/{rel}","templated":true}]}}