{"id":32618,"date":"2018-11-21T00:00:00","date_gmt":"2018-11-21T02:00:00","guid":{"rendered":"https:\/\/www.cnbb.org.br\/estudo-sobre-conjuntura-socio-politica-do-brasil-apos-eleicoes-esteve-na-pauta-de-trabalhos\/"},"modified":"2018-11-21T00:00:00","modified_gmt":"2018-11-21T02:00:00","slug":"estudo-sobre-conjuntura-socio-politica-do-brasil-apos-eleicoes-esteve-na-pauta-de-trabalhos","status":"publish","type":"post","link":"https:\/\/www.cnbb.org.br\/estudo-sobre-conjuntura-socio-politica-do-brasil-apos-eleicoes-esteve-na-pauta-de-trabalhos\/","title":{"rendered":"Estudo sobre conjuntura s\u00f3cio-pol\u00edtica do Brasil ap\u00f3s elei\u00e7\u00f5es esteve na pauta de trabalhos"},"content":{"rendered":"<p style=\"text-align: justify\">Nesta ter\u00e7a-feira, 20 de novembro, os bispos que comp\u00f5em o Conselho Permanente da CNBB dedicaram uma sess\u00e3o de trabalho ao aprofundamento do estudo sobre o momento s\u00f3cio-pol\u00edtico atual do Brasil. Quem colaborou com o Conselho apresentando uma reflex\u00e3o pessoal sobre o momento foi o advogado Melillo Dinis do Nascimento, analista pol\u00edtico,\u00a0professor e pesquisador especialista em Direito P\u00fablico, diretor desde 2012 do Instituto Brasileiro de Direito e Controle da Administra\u00e7\u00e3o P\u00fablica (IBDCAP), em Bras\u00edlia (DF).<\/p>\n<p><strong>Situa\u00e7\u00e3o atual<\/strong><\/p>\n<p style=\"text-align: justify\">&#8220;<em>O Brasil precisa retomar sua estabilidade econ\u00f4mica e institucional, al\u00e9m de recuperar um m\u00ednimo de confian\u00e7a na pol\u00edtica. Necessita de pr\u00e1ticas que incorporem as conquistas da democracia e garantam um m\u00ednimo de equil\u00edbrio, come\u00e7ando pelo emocional, social e econ\u00f4mico. Isto n\u00e3o ir\u00e1 ocorrer por conta de uma pessoa, mas de um projeto nacional em que homens e mulheres retomem seu protagonismo no modo de fazer a pol\u00edtica<\/em>&#8220;, afirmou o advogado em artigo publicado em outubro do ano passado.<\/p>\n<p style=\"text-align: justify\">Dinis v\u00ea uma realidade diferente daquela que projetara em sua reflex\u00e3o: &#8220;<em>hoje, h\u00e1 um quadro complexo da pol\u00edtica no Brasil<\/em>&#8220;. Inicialmente, ele falou aos bispos sobre possibilidades e probabilidades e lembrou que v\u00e1rias proje\u00e7\u00f5es sobre o que est\u00e1 acontecendo se esbarra entre uma coisa e outra e, algumas vezes, \u00e9 mais prov\u00e1vel do que poss\u00edvel. Para ilustrar essa percep\u00e7\u00e3o, o advogado apresentou aos membros do Conselho uma alegoria de um parque de divers\u00f5es para explicar a mudan\u00e7a de vis\u00e3o da pol\u00edtica brasileira depois das elei\u00e7\u00f5es de 2018: antes, se parecia mais com um carrossel no qual as figuras dos atores pol\u00edticos executavam movimentos que, no m\u00e1ximo, trocavam o papel de cavaleiros para o papel do cavalo. Agora, a realidade se parece mais com uma montanha russa que desemboca num trem fantasma.<\/p>\n<p style=\"text-align: justify\">&#8220;<em>O eleitor desapareceu no dia 28 de outubro, as 17 horas<\/em>&#8220;, disse Dinis. Depois daquele dia e hora voltou a existir somente o povo brasileiro. Mesmo com uma aliena\u00e7\u00e3o eleitoral de mais de 43 milh\u00f5es de pessoas, o vencedor do pleito assume a tarefa de presidir o processo de governo de todo o povo. &#8220;<em>Mesmo que seja o \u00f3bvio, ganhou quem conseguiu mais votos<\/em>&#8220;, afirmou. Segundo o advogado, numa elei\u00e7\u00e3o disputad\u00edssima, o movimento vitorioso mudou o eixo de revezamento partid\u00e1rio entre duas for\u00e7as de social democracia e foi a for\u00e7a pol\u00edtica que mais soube transformar proemin\u00eancia, isto \u00e9 capacidade de se destacar, em vit\u00f3ria eleitoral.<\/p>\n<p><strong>C\u00e2mara e Senado<\/strong><\/p>\n<p style=\"text-align: justify\">Segundo o advogado, a nova C\u00e2mara dos deputados sofreu uma explos\u00e3o de renova\u00e7\u00e3o, ser\u00e3o 274 deputados que chegar\u00e3o ao parlamento pela primeira vez. Al\u00e9m da inexperi\u00eancia que, de alguma maneira, pode influenciar no comportamento dos novatos, o quadro \u00e9 muito fragmentado se observadas as cores partid\u00e1rias e as mudan\u00e7as num\u00e9ricas das chamadas bancadas tem\u00e1ticas. Para essa nova composi\u00e7\u00e3o, pode-se vislumbrar &#8220;<em>dificuldades de concilia\u00e7\u00e3o<\/em>&#8220;, disse Dinis.<\/p>\n<p style=\"text-align: justify\">Dinis lembrou que as \u00faltimas elei\u00e7\u00f5es renovaram dois ter\u00e7os dos membros do Senado Federal. Falou das legendas que mais ganharam e aquelas que perderam na nova composi\u00e7\u00e3o, exemplificou as mudan\u00e7as ilustrando com listas de pol\u00edticos experientes que perderam suas cadeiras para novatos, mas acentuou que, no fim das contas, a Casa ainda \u00e9 um tradicional lugar de concilia\u00e7\u00e3o.<\/p>\n<p style=\"text-align: justify\">Em sua an\u00e1lise, Dinis lembrou que, objetivamente, a base do governo n\u00e3o vai dispensar um importante trabalho de negocia\u00e7\u00e3o tanto no Senado como na C\u00e2mara. Falou que h\u00e1 temas priorit\u00e1rios que ser\u00e3o apresentados ao Parlamento e que v\u00e3o exigir grandes discuss\u00f5es. Considerou ainda que os pol\u00edticos chamados de &#8220;centro&#8221; perderam for\u00e7a, mas que ter\u00e3o um papel importante no \u00e2mbito dos debates e das mudan\u00e7as. O advogado tamb\u00e9m tratou, brevemente, da elei\u00e7\u00e3o para governadores e disse que, em alguns casos, os resultados se constitu\u00edram em\u00a0 verdadeiros fen\u00f4menos eleitorais como aqueles ocorridos no Rio de Janeiro, Bras\u00edlia e Minas Gerais onde os vencedores eram desconhecidos ou pouco considerados nas pesquisas realizadas antes da campanha eleitoral.<\/p>\n<p><strong>Cen\u00e1rios pol\u00edticos<\/strong><\/p>\n<p style=\"text-align: justify\">Para finalizar sua exposi\u00e7\u00e3o aos bispos, Dinis lembrou quatro possibilidades de cen\u00e1rios pol\u00edticos para os pr\u00f3ximos anos e evitou concluir quais deles ser\u00e3o os mais prov\u00e1veis. Entre esses cen\u00e1rios, ele mostrou aquele que se caracterizaria por um governo realizado por um presidencialismo de coaliza\u00e7\u00e3o. Nesse caso, seria mantida uma realidade razoavelmente conhecida pelas experi\u00eancias anteriores. Fora isso, os outros cen\u00e1rios s\u00e3o marcados por caracter\u00edsticas surpreendentes e de dif\u00edcil an\u00e1lise de consequ\u00eancias.<\/p>\n<p style=\"text-align: justify\">De todo, modo, finalizou dizendo que h\u00e1 certeza na quest\u00e3o da ordem, mas muitas incertezas em rela\u00e7\u00e3o a cultura e as minorias. Falou ainda que se h\u00e1 uma crise de sentido instalada no Brasil e um cansa\u00e7o de transcend\u00eancia. H\u00e1 sinais de esperan\u00e7a, no entanto, considerando a for\u00e7a da sociedade civil e os valores defendidos pela CNBB como os da comunh\u00e3o e da solidariedade.<\/p>\n<p style=\"text-align: justify\">Dinis terminou sua exposi\u00e7\u00e3o, sucedida por uma conversa aberta com os bispos, citando Guimar\u00e3es Rosa: &#8220;<em>O correr da vida embrulha tudo. A vida \u00e9 assim: esquenta e esfria,\u00a0aperta e da\u00ed afrouxa, sossega e depois desinquieta. O que ela quer da gente \u00e9 coragem<\/em>&#8220;.<\/p>\n","protected":false},"excerpt":{"rendered":"<p>Dr. Melillo Dinis do Nascimento, analista pol\u00edtico,\u00a0professor e pesquisador especialista em Direito P\u00fablico fez a reflex\u00e3o sobre a conjuntura<\/p>\n","protected":false},"author":83,"featured_media":32619,"comment_status":"closed","ping_status":"open","sticky":false,"template":"","format":"standard","meta":{"site-sidebar-layout":"default","site-content-layout":"default","ast-global-header-display":"","ast-banner-title-visibility":"","ast-main-header-display":"","ast-hfb-above-header-display":"","ast-hfb-below-header-display":"","ast-hfb-mobile-header-display":"","site-post-title":"","ast-breadcrumbs-content":"","ast-featured-img":"","footer-sml-layout":"","theme-transparent-header-meta":"","adv-header-id-meta":"","stick-header-meta":"","header-above-stick-meta":"","header-main-stick-meta":"","header-below-stick-meta":""},"categories":[834,744],"tags":[],"acf":[],"_links":{"self":[{"href":"https:\/\/www.cnbb.org.br\/cnbb-app\/wp\/v2\/posts\/32618"}],"collection":[{"href":"https:\/\/www.cnbb.org.br\/cnbb-app\/wp\/v2\/posts"}],"about":[{"href":"https:\/\/www.cnbb.org.br\/cnbb-app\/wp\/v2\/types\/post"}],"author":[{"embeddable":true,"href":"https:\/\/www.cnbb.org.br\/cnbb-app\/wp\/v2\/users\/83"}],"replies":[{"embeddable":true,"href":"https:\/\/www.cnbb.org.br\/cnbb-app\/wp\/v2\/comments?post=32618"}],"version-history":[{"count":0,"href":"https:\/\/www.cnbb.org.br\/cnbb-app\/wp\/v2\/posts\/32618\/revisions"}],"wp:featuredmedia":[{"embeddable":true,"href":"https:\/\/www.cnbb.org.br\/cnbb-app\/wp\/v2\/media\/32619"}],"wp:attachment":[{"href":"https:\/\/www.cnbb.org.br\/cnbb-app\/wp\/v2\/media?parent=32618"}],"wp:term":[{"taxonomy":"category","embeddable":true,"href":"https:\/\/www.cnbb.org.br\/cnbb-app\/wp\/v2\/categories?post=32618"},{"taxonomy":"post_tag","embeddable":true,"href":"https:\/\/www.cnbb.org.br\/cnbb-app\/wp\/v2\/tags?post=32618"}],"curies":[{"name":"wp","href":"https:\/\/api.w.org\/{rel}","templated":true}]}}