{"id":326808,"date":"2021-06-30T10:15:26","date_gmt":"2021-06-30T13:15:26","guid":{"rendered":"https:\/\/www.cnbb.org.br\/?p=326808"},"modified":"2021-06-30T10:50:37","modified_gmt":"2021-06-30T13:50:37","slug":"cnbb-divulga-video-de-mobilizacao-para-jornada-de-oracao-e-missao-dedicada-a-paz-no-paz-em-mocambique-no-dia-1o-de-julho","status":"publish","type":"post","link":"https:\/\/www.cnbb.org.br\/cnbb-divulga-video-de-mobilizacao-para-jornada-de-oracao-e-missao-dedicada-a-paz-no-paz-em-mocambique-no-dia-1o-de-julho\/","title":{"rendered":"CNBB divulga v\u00eddeo de mobiliza\u00e7\u00e3o para Jornada de Ora\u00e7\u00e3o e Miss\u00e3o dedicada \u00e0 paz em Mo\u00e7ambique no dia 1\u00ba de julho"},"content":{"rendered":"<p style=\"text-align: justify;\">A Comiss\u00e3o Episcopal Pastoral para a A\u00e7\u00e3o Mission\u00e1ria e Coopera\u00e7\u00e3o Intereclesial da Confer\u00eancia Nacional dos Bispos do Brasil (CNBB) e a Funda\u00e7\u00e3o Pontif\u00edcia Ajuda \u00e0 Igreja que sofre (ACN), prepararam um v\u00eddeo especial para a Jornada de Ora\u00e7\u00e3o e Miss\u00e3o dedicada \u00e0 paz em Mo\u00e7ambique, que ser\u00e1 realizada na pr\u00f3xima quinta-feira, 1\u00ba de junho.<\/p>\n<p style=\"text-align: justify;\">O v\u00eddeo destaca a import\u00e2ncia de rezar pelo pa\u00eds localizado no sudeste da \u00c1frica e pelo povo mo\u00e7ambicano que tem enfrentado, desde situa\u00e7\u00f5es de cat\u00e1strofes naturais, como o triste ciclone que dizimou a cidade de Beira, em 2019, a amea\u00e7as violentas do Estado Isl\u00e2mico contra as pessoas de bem e seus direitos, que ainda acontecem na regi\u00e3o de Pemba, mais precisamente na cidade de Cabo Delgado. Al\u00e9m do terrorismo, Mo\u00e7ambique tamb\u00e9m est\u00e1 sofrendo com a pandemia da Covid-19.<\/p>\n<p style=\"text-align: justify;\">Em Mo\u00e7ambique, a Igreja Cat\u00f3lica do Brasil possui tr\u00eas trabalhos mission\u00e1rios Ad gentes. Na arquidiocese de Nampula, norte do pa\u00eds africano, mission\u00e1rios enviados pelo Regional Sul 3 da CNBB, atuam no Projeto Igrejas Solid\u00e1rias desde 1995. Na diocese de Pemba, a miss\u00e3o \u00e9 organizada pelo Regional Sul 1 da CNBB desde 2018. J\u00e1 na regi\u00e3o de Dombe, que fica na diocese de Chimoio, est\u00e1 instalada a Fazenda da Esperan\u00e7a, comunidade terap\u00eautica cat\u00f3lica que acolhe dependentes qu\u00edmicos e outros v\u00edcios desde 2006.<\/p>\n<p style=\"text-align: justify;\">A Jornada de Ora\u00e7\u00e3o e Miss\u00e3o faz parte de uma s\u00e9rie, que coloca o valor da ora\u00e7\u00e3o como \u201cagir mission\u00e1rio\u201d e prop\u00f5e que cada crist\u00e3o cat\u00f3lico dedique um tempo do dia para rezar pelo pa\u00eds. Fa\u00e7a parte desta corrente de ora\u00e7\u00e3o e nas redes sociais utilize a hashtag <strong>#rezepormocambique<\/strong>.<\/p>\n<p style=\"text-align: justify;\"><strong>Confira o v\u00eddeo de divulga\u00e7\u00e3o:<\/strong><\/p>\n<div class=\"ast-oembed-container\" style=\"height: 100%;\">\n<div style=\"max-width: 1333px;\">\n<div style=\"left: 0; width: 100%; height: 0; position: relative; padding-bottom: 56.25%;\"><iframe title=\"Jornada de Ora\u00e7\u00e3o pela Paz em Mo\u00e7ambique\" src=\"https:\/\/www.youtube.com\/embed\/We2M0RUpx38?rel=0\" style=\"border: 0; top: 0; left: 0; width: 100%; height: 100%; position: absolute;\" allowfullscreen scrolling=\"no\" allow=\"encrypted-media; accelerometer; clipboard-write; gyroscope; picture-in-picture\"><\/iframe><\/div>\n<\/div>\n<\/div>\n<p style=\"text-align: justify;\"><strong>Confira a entrevista com a jornalista do Regional Sul 3 sobre sua experi\u00eancia como mission\u00e1ria:<\/strong><\/p>\n<div class=\"iframely-embed\">\n<div class=\"iframely-responsive\" style=\"padding-bottom: 57.2959%; padding-top: 120px;\"><a href=\"https:\/\/www.cnbb.org.br\/a-vida-de-uma-jovem-missionaria-em-mocambique-pais-localizado-no-sudeste-da-africa-que-depois-de-duas-decadas-de-guerra-civil-voltou-a-ser-alvo-de-inumeros-ataques-terroristas-desde-2017\/\" data-iframely-url=\"\/\/cdn.iframe.ly\/yzOieSK?maxheight=750\"><\/a><\/div>\n<\/div>\n<p><script async src=\"\/\/cdn.iframe.ly\/embed.js\" charset=\"utf-8\"><\/script><\/p>\n<p style=\"text-align: justify;\"><strong>Confira a mat\u00e9ria sobre a situa\u00e7\u00e3o em Mo\u00e7ambique:<\/strong><\/p>\n<div class=\"iframely-embed\">\n<div class=\"iframely-responsive\" style=\"padding-bottom: 52.951%; padding-top: 120px;\"><a href=\"https:\/\/www.cnbb.org.br\/comissao-para-animacao-missionaria-da-cnbb-convida-para-a-jornada-de-oracao-e-missao-pela-paz-em-mocambique-no-dia-1o-de-julho\/\" data-iframely-url=\"\/\/cdn.iframe.ly\/DGAFWEJ?maxheight=750\"><\/a><\/div>\n<\/div>\n<p><script async src=\"\/\/cdn.iframe.ly\/embed.js\" charset=\"utf-8\"><\/script><\/p>\n","protected":false},"excerpt":{"rendered":"<p>O v\u00eddeo destaca a import\u00e2ncia de rezar pelo pa\u00eds localizado no sudeste da \u00c1frica e pelo povo mo\u00e7ambicano que tem enfrentado, desde situa\u00e7\u00f5es de cat\u00e1strofes naturais, como o triste ciclone que dizimou a cidade de Beira, em 2019, a amea\u00e7as violentas do Estado Isl\u00e2mico contra as pessoas de bem e seus direitos, que ainda acontecem na regi\u00e3o de Pemba, mais precisamente na cidade de Cabo Delgado. Confira o v\u00eddeo de divulga\u00e7\u00e3o e nas redes sociais utilize a hashtag #rezepormocambique<\/p>\n","protected":false},"author":83,"featured_media":316617,"comment_status":"open","ping_status":"open","sticky":false,"template":"","format":"standard","meta":{"site-sidebar-layout":"default","site-content-layout":"default","ast-global-header-display":"","ast-banner-title-visibility":"","ast-main-header-display":"","ast-hfb-above-header-display":"","ast-hfb-below-header-display":"","ast-hfb-mobile-header-display":"","site-post-title":"","ast-breadcrumbs-content":"","ast-featured-img":"","footer-sml-layout":"","theme-transparent-header-meta":"default","adv-header-id-meta":"","stick-header-meta":"","header-above-stick-meta":"","header-main-stick-meta":"","header-below-stick-meta":""},"categories":[854,50],"tags":[3150,3665,3726],"acf":[],"_links":{"self":[{"href":"https:\/\/www.cnbb.org.br\/cnbb-app\/wp\/v2\/posts\/326808"}],"collection":[{"href":"https:\/\/www.cnbb.org.br\/cnbb-app\/wp\/v2\/posts"}],"about":[{"href":"https:\/\/www.cnbb.org.br\/cnbb-app\/wp\/v2\/types\/post"}],"author":[{"embeddable":true,"href":"https:\/\/www.cnbb.org.br\/cnbb-app\/wp\/v2\/users\/83"}],"replies":[{"embeddable":true,"href":"https:\/\/www.cnbb.org.br\/cnbb-app\/wp\/v2\/comments?post=326808"}],"version-history":[{"count":0,"href":"https:\/\/www.cnbb.org.br\/cnbb-app\/wp\/v2\/posts\/326808\/revisions"}],"wp:featuredmedia":[{"embeddable":true,"href":"https:\/\/www.cnbb.org.br\/cnbb-app\/wp\/v2\/media\/316617"}],"wp:attachment":[{"href":"https:\/\/www.cnbb.org.br\/cnbb-app\/wp\/v2\/media?parent=326808"}],"wp:term":[{"taxonomy":"category","embeddable":true,"href":"https:\/\/www.cnbb.org.br\/cnbb-app\/wp\/v2\/categories?post=326808"},{"taxonomy":"post_tag","embeddable":true,"href":"https:\/\/www.cnbb.org.br\/cnbb-app\/wp\/v2\/tags?post=326808"}],"curies":[{"name":"wp","href":"https:\/\/api.w.org\/{rel}","templated":true}]}}