{"id":32709,"date":"2018-11-28T00:00:00","date_gmt":"2018-11-28T02:00:00","guid":{"rendered":"https:\/\/www.cnbb.org.br\/vamos-recomecar\/"},"modified":"2018-11-28T00:00:00","modified_gmt":"2018-11-28T02:00:00","slug":"vamos-recomecar","status":"publish","type":"post","link":"https:\/\/www.cnbb.org.br\/vamos-recomecar\/","title":{"rendered":"Vamos recome\u00e7ar"},"content":{"rendered":"<p style=\"text-align: right\"><strong>Dom Fernando Ar\u00eaas Rifan<\/strong><br \/>\n<strong>Bispo da Administra\u00e7\u00e3o Apost\u00f3lica Pessoal S\u00e3o Jo\u00e3o Maria Vianney<\/strong><\/p>\n<p>&nbsp;<\/p>\n<p style=\"text-align: justify\">Domingo pr\u00f3ximo come\u00e7a um novo ano lit\u00fargico, com o Advento. Palavra oriunda do latim, significando \u201cvinda\u201d, Advento \u00e9 o \u201ctempo lit\u00fargico da expectativa do Salvador e s\u00edmbolo da esperan\u00e7a crist\u00e3. A salva\u00e7\u00e3o que esperamos de Deus tem igualmente o sabor do amor. Preparando-nos para o mist\u00e9rio do Natal, assumimos de novo o caminho do povo de Deus para acolher o Filho que nos veio revelar que Deus n\u00e3o \u00e9 s\u00f3 Justi\u00e7a, mas \u00e9 tamb\u00e9m e antes de tudo Amor (cf.\u00a0<em>1 Jo<\/em>\u00a04, 8). Em todos os lugares, mas, sobretudo onde reinam a viol\u00eancia, o \u00f3dio, a injusti\u00e7a e a persegui\u00e7\u00e3o, os crist\u00e3os s\u00e3o chamados a dar testemunho deste Deus que \u00e9 Amor\u201d.<\/p>\n<p style=\"text-align: justify\">\u201cO Advento \u00e9 o tempo para preparar os nossos cora\u00e7\u00f5es a fim de acolher o Salvador, isto \u00e9, o \u00fanico Justo e o \u00fanico Juiz capaz de dar a cada um a sorte que merece. Aqui, como noutros lugares, muitos homens e mulheres t\u00eam sede de respeito, justi\u00e7a, equidade, sem avistar no horizonte qualquer sinal positivo. Para eles, o Salvador vem trazer o dom da sua justi\u00e7a (cf.\u00a0<em>Jr<\/em>\u00a033, 15). Vem tornar fecundas as nossas hist\u00f3rias pessoais e coletivas, as nossas esperan\u00e7as frustradas e os nossos votos est\u00e9reis. E manda-nos anunciar, sobretudo \u00e0queles que s\u00e3o oprimidos pelos poderosos deste mundo, bem como a quantos vivem vergados sob o peso dos seus pecados: \u2018Jud\u00e1 ser\u00e1 salvo e Jerusal\u00e9m viver\u00e1 em seguran\u00e7a. Este \u00e9 o nome com o qual ser\u00e1 chamada: Senhor-nossa justi\u00e7a\u2019 (<em>Jr<\/em>\u00a033, 16). Sim, Deus \u00e9 Justi\u00e7a! Por isso mesmo n\u00f3s, crist\u00e3os, somos chamados a ser no mundo os artes\u00e3os duma paz fundada na justi\u00e7a\u201d (Papa Francisco, Catedral de\u00a0 Bangui, Rep\u00fablica Centro-Africana, 29\/11\/2015).<\/p>\n<p style=\"text-align: justify\">Celebramos duas vindas de Jesus Cristo ao mundo. A primeira, com a sua encarna\u00e7\u00e3o, ocorrida historicamente h\u00e1 cerca de dois mil anos, celebraremos no Natal. A segunda, em que meditamos no tempo do Advento, \u00e9 o retorno glorioso no fim dos tempos. Como disse o Papa Bento XVI, \u201cesses dois momentos, que cronologicamente s\u00e3o distantes \u2013 e n\u00e3o se sabe o quanto -, tocam-se profundamente, porque com sua morte e ressurrei\u00e7\u00e3o Jesus j\u00e1 realizou a transforma\u00e7\u00e3o do homem e do cosmo que \u00e9 a meta final da cria\u00e7\u00e3o. Mas antes do final, \u00e9 necess\u00e1rio que o Evangelho seja proclamado a todas as na\u00e7\u00f5es, disse Jesus no Evangelho de S\u00e3o Marcos (cf. Mc 13,10). A vinda do Senhor continua, o mundo deve ser penetrado pela sua presen\u00e7a. E esta vinda permanente do Senhor no an\u00fancio do Evangelho requer continuamente nossa colabora\u00e7\u00e3o; e a Igreja, que \u00e9 como a Noiva, a esposa prometida do Cordeiro de Deus crucificado e ressuscitado (cf. Ap 21,9), em comunh\u00e3o com o Senhor colabora nesta vinda do Senhor,\u00a0 na qual j\u00e1 inicia o seu retorno glorioso\u201d(<em>Angelus<\/em>, 2\/12\/2012).<\/p>\n<p style=\"text-align: justify\">H\u00e1 ainda uma terceira vinda de Cristo, tamb\u00e9m celebrada no Natal. Acontece em nosso cora\u00e7\u00e3o, pela sua gra\u00e7a. Essa ser\u00e1 a grande alegria do Natal: \u201cO encontro pessoal com o amor de Jesus que nos salva&#8230; A ALEGRIA DO EVANGELHO enche o cora\u00e7\u00e3o e a vida inteira daqueles que se encontram com Jesus. Todos os que se deixam salvar por Ele s\u00e3o libertados do pecado, da tristeza, do vazio interior, do isolamento\u201d (Francisco, <em>Evangelii Gaudium<\/em>).<\/p>\n<p>&nbsp;<\/p>\n<p>&nbsp;<\/p>\n<p>&nbsp;<\/p>\n","protected":false},"excerpt":{"rendered":"<p>Dom Fernando Ar\u00eaas Rifan Bispo da Administra\u00e7\u00e3o Apost\u00f3lica Pessoal S\u00e3o Jo\u00e3o Maria Vianney &nbsp; Domingo pr\u00f3ximo come\u00e7a um novo ano lit\u00fargico, com o Advento. Palavra oriunda do latim, significando \u201cvinda\u201d, Advento \u00e9 o \u201ctempo lit\u00fargico da expectativa do Salvador e s\u00edmbolo da esperan\u00e7a crist\u00e3. A salva\u00e7\u00e3o que esperamos de Deus tem igualmente o sabor do &hellip;<\/p>\n<p class=\"read-more\"> <a class=\"\" href=\"https:\/\/www.cnbb.org.br\/vamos-recomecar\/\"> <span class=\"screen-reader-text\">Vamos recome\u00e7ar<\/span> Leia mais &raquo;<\/a><\/p>\n","protected":false},"author":29,"featured_media":0,"comment_status":"closed","ping_status":"open","sticky":false,"template":"","format":"standard","meta":{"site-sidebar-layout":"default","site-content-layout":"default","ast-global-header-display":"","ast-banner-title-visibility":"","ast-main-header-display":"","ast-hfb-above-header-display":"","ast-hfb-below-header-display":"","ast-hfb-mobile-header-display":"","site-post-title":"","ast-breadcrumbs-content":"","ast-featured-img":"","footer-sml-layout":"","theme-transparent-header-meta":"","adv-header-id-meta":"","stick-header-meta":"","header-above-stick-meta":"","header-main-stick-meta":"","header-below-stick-meta":""},"categories":[758],"tags":[],"acf":[],"_links":{"self":[{"href":"https:\/\/www.cnbb.org.br\/cnbb-app\/wp\/v2\/posts\/32709"}],"collection":[{"href":"https:\/\/www.cnbb.org.br\/cnbb-app\/wp\/v2\/posts"}],"about":[{"href":"https:\/\/www.cnbb.org.br\/cnbb-app\/wp\/v2\/types\/post"}],"author":[{"embeddable":true,"href":"https:\/\/www.cnbb.org.br\/cnbb-app\/wp\/v2\/users\/29"}],"replies":[{"embeddable":true,"href":"https:\/\/www.cnbb.org.br\/cnbb-app\/wp\/v2\/comments?post=32709"}],"version-history":[{"count":0,"href":"https:\/\/www.cnbb.org.br\/cnbb-app\/wp\/v2\/posts\/32709\/revisions"}],"wp:attachment":[{"href":"https:\/\/www.cnbb.org.br\/cnbb-app\/wp\/v2\/media?parent=32709"}],"wp:term":[{"taxonomy":"category","embeddable":true,"href":"https:\/\/www.cnbb.org.br\/cnbb-app\/wp\/v2\/categories?post=32709"},{"taxonomy":"post_tag","embeddable":true,"href":"https:\/\/www.cnbb.org.br\/cnbb-app\/wp\/v2\/tags?post=32709"}],"curies":[{"name":"wp","href":"https:\/\/api.w.org\/{rel}","templated":true}]}}