{"id":32745,"date":"2018-12-03T00:00:00","date_gmt":"2018-12-03T02:00:00","guid":{"rendered":"https:\/\/www.cnbb.org.br\/pastoral-da-educacao-do-regional-ne-1-se-reune-em-fortaleza\/"},"modified":"2018-12-03T00:00:00","modified_gmt":"2018-12-03T02:00:00","slug":"pastoral-da-educacao-do-regional-ne-1-se-reune-em-fortaleza","status":"publish","type":"post","link":"https:\/\/www.cnbb.org.br\/pastoral-da-educacao-do-regional-ne-1-se-reune-em-fortaleza\/","title":{"rendered":"Pastoral da Educa\u00e7\u00e3o do Regional NE 1 se re\u00fane em Fortaleza"},"content":{"rendered":"<p style=\"text-align: justify\">A <strong>Pastoral da Educa\u00e7\u00e3o Regional <\/strong>esteve reunida no \u00faltimo dia 01\/12, na sede da CNBB, em Fortaleza (CE). Encontram-se educadores de v\u00e1rias dioceses e regi\u00f5es episcopais da arquidiocese de Fortaleza. O arcebispo de Fortaleza e presidente do Regional, dom Jos\u00e9 Antonio Aparecido Tosi Marques, a secret\u00e1ria do regional, Irm\u00e3 Ros\u00e1lia Alencar Alves, a coordenadora da Pastoral da educa\u00e7\u00e3o, M\u00f4nica Pimentel tamb\u00e9m participaram da atividade.\u00a0Para M\u00f4nica Pimentel a presen\u00e7a de dom Jos\u00e9 Antonio, que \u00e9 o bispo referencial da Comiss\u00e3o para Cultura e educa\u00e7\u00e3o do regional, &#8220;foi de fundamental import\u00e2ncia e fez com a nossa reflex\u00e3o sobre a educa\u00e7\u00e3o, partisse da realidade de cada educador presente&#8221;.<\/p>\n<p>Saiba \u00a0mais:\u00a0http:\/\/<a href=\"http:\/\/www.cnbbne1.org.br\/noticias_detalhes.php?cod_noticia=19372&amp;cod_secao=1\" target=\"_blank\" rel=\"noopener\">www.cnbbne1.org.br<\/a><\/p>\n","protected":false},"excerpt":{"rendered":"<p>Encontraram-se educadores de v\u00e1rias dioceses e regi\u00f5es episcopais da arquidiocese de Fortaleza. Arcebispo de Fortaleza participou da atividade<\/p>\n","protected":false},"author":83,"featured_media":32746,"comment_status":"closed","ping_status":"open","sticky":false,"template":"","format":"standard","meta":{"site-sidebar-layout":"default","site-content-layout":"default","ast-global-header-display":"","ast-banner-title-visibility":"","ast-main-header-display":"","ast-hfb-above-header-display":"","ast-hfb-below-header-display":"","ast-hfb-mobile-header-display":"","site-post-title":"","ast-breadcrumbs-content":"","ast-featured-img":"","footer-sml-layout":"","theme-transparent-header-meta":"","adv-header-id-meta":"","stick-header-meta":"","header-above-stick-meta":"","header-main-stick-meta":"","header-below-stick-meta":""},"categories":[867,769],"tags":[],"acf":[],"_links":{"self":[{"href":"https:\/\/www.cnbb.org.br\/cnbb-app\/wp\/v2\/posts\/32745"}],"collection":[{"href":"https:\/\/www.cnbb.org.br\/cnbb-app\/wp\/v2\/posts"}],"about":[{"href":"https:\/\/www.cnbb.org.br\/cnbb-app\/wp\/v2\/types\/post"}],"author":[{"embeddable":true,"href":"https:\/\/www.cnbb.org.br\/cnbb-app\/wp\/v2\/users\/83"}],"replies":[{"embeddable":true,"href":"https:\/\/www.cnbb.org.br\/cnbb-app\/wp\/v2\/comments?post=32745"}],"version-history":[{"count":0,"href":"https:\/\/www.cnbb.org.br\/cnbb-app\/wp\/v2\/posts\/32745\/revisions"}],"wp:featuredmedia":[{"embeddable":true,"href":"https:\/\/www.cnbb.org.br\/cnbb-app\/wp\/v2\/media\/32746"}],"wp:attachment":[{"href":"https:\/\/www.cnbb.org.br\/cnbb-app\/wp\/v2\/media?parent=32745"}],"wp:term":[{"taxonomy":"category","embeddable":true,"href":"https:\/\/www.cnbb.org.br\/cnbb-app\/wp\/v2\/categories?post=32745"},{"taxonomy":"post_tag","embeddable":true,"href":"https:\/\/www.cnbb.org.br\/cnbb-app\/wp\/v2\/tags?post=32745"}],"curies":[{"name":"wp","href":"https:\/\/api.w.org\/{rel}","templated":true}]}}