{"id":327932,"date":"2021-06-29T10:51:15","date_gmt":"2021-06-29T13:51:15","guid":{"rendered":"https:\/\/www.cnbb.org.br\/?p=327932"},"modified":"2021-06-29T10:51:45","modified_gmt":"2021-06-29T13:51:45","slug":"dignificar-a-vida-e-louvar-a-deus","status":"publish","type":"post","link":"https:\/\/www.cnbb.org.br\/dignificar-a-vida-e-louvar-a-deus\/","title":{"rendered":"Dignificar a vida \u00e9 louvar a Deus"},"content":{"rendered":"<p style=\"text-align: right;\"><strong>Dom Alo\u00edsio Alberto Dilli <\/strong><br \/>\n<strong>Bispo de Santa Cruz do Sul (RS)<\/strong><\/p>\n<p>&nbsp;<\/p>\n<p style=\"text-align: justify;\">Caros diocesanos. Durante o m\u00eas de junho dedicamos v\u00e1rias mensagens sobre a celebra\u00e7\u00e3o dos santos e santas. Alguns deles s\u00e3o bem populares, como Santo Ant\u00f4nio, S\u00e3o Lu\u00eds, S\u00e3o Jo\u00e3o Batista, nosso padroeiro diocesano, e v\u00e1rios outros. Entre estes est\u00e1 tamb\u00e9m o bispo e m\u00e1rtir Santo Irineu de Lyon (28 de junho). N\u00e3o \u00e9 nosso desejo apresentar uma biografia desse santo, mas destacar que ele nasceu na primeira metade do s\u00e9c. II, tendo contatos com S\u00e3o Policarpo que foi disc\u00edpulo de S\u00e3o Jo\u00e3o Evangelista. Assim percebemos que Santo Irineu viveu muito pr\u00f3ximo das primeiras comunidades crist\u00e3s, bebendo das fontes originais do cristianismo. Seu nome vem do grego (Irenaios) e significa <em>pac\u00edfico<\/em> ou <em>pacificador<\/em>. Uma de suas obras conhecidas \u00e9 <em>Adversus Haereses<\/em> (Contra as Heresias). Neste escrito encontramos a famosa frase: \u201c<em>Gloria enim Dei homo vivens<\/em>\u201d = A gl\u00f3ria de Deus \u00e9 o homem vivente, com vida; ou, numa tradu\u00e7\u00e3o mais livre: A gl\u00f3ria de Deus \u00e9 a pessoa humana com vida digna, \u00e0 sua imagem e semelhan\u00e7a, como nos afirma a primeira p\u00e1gina da Sagrada Escritura (cf. Gn 1, 26-27). Ao tirarmos as consequ\u00eancias dessa afirma\u00e7\u00e3o, nos damos conta que promover, dignificar, cuidar a vida, sobretudo a humana, \u00e9 louvar a Deus. Portanto, as mesmas m\u00e3os que erguemos em louvor a Deus, em nossas ora\u00e7\u00f5es, devem ser as que estendemos aos irm\u00e3os e irm\u00e3s para que todos tenham vida digna. Ora\u00e7\u00e3o e caridade devem andar juntas.<\/p>\n<p style=\"text-align: justify;\">Pelo Evangelho percebemos que o centro da Palavra de Jesus Cristo e de suas a\u00e7\u00f5es, culminando na doa\u00e7\u00e3o da sua vida na cruz, \u00e9 o mandamento do amor, da caridade: \u201c<em>Eu vim para que tenham vida e a tenham em abund\u00e2ncia<\/em>\u201d (Jo 10, 10). Portanto, n\u00e3o bastam espiritualismos ou intimismos religiosos, sem a presen\u00e7a da via da caridade ao pr\u00f3ximo, em todas as dimens\u00f5es da vida. Como afirma S\u00e3o Paulo: \u201c<em>A f\u00e9 agindo pelo amor<\/em>\u201d (Gl 5, 6). Do mesmo modo, n\u00e3o bastam a\u00e7\u00f5es sociais, sem espiritualidade (cf. EG 262).<\/p>\n<p style=\"text-align: justify;\">O Papa Francisco nos alerta que o tempo da pandemia revela com mais evid\u00eancia o quanto temos dificuldades de agir em conjunto: \u201c<em>Deus criou todos os seres humanos iguais nos direitos, nos deveres e na dignidade e os chamou a conviver entre si como irm\u00e3os<\/em>\u201d (cf. FT 5 e 7). Esse amor\/caridade expressa-se n\u00e3o s\u00f3 nas rela\u00e7\u00f5es mais \u00edntimas ou pr\u00f3ximas de n\u00f3s, mas tamb\u00e9m nas rela\u00e7\u00f5es em favor do bem comum: dimens\u00e3o social, pol\u00edtica, econ\u00f4mica, cultural. Neste sentido afirma Bento XVI: \u201c<em>A caridade \u00e9 a via mestra da doutrina social da Igreja&#8230; A caridade d\u00e1 verdadeira subst\u00e2ncia \u00e0 rela\u00e7\u00e3o pessoal com Deus e com o pr\u00f3ximo; \u00e9 o princ\u00edpio n\u00e3o s\u00f3 das microrrela\u00e7\u00f5es estabelecidas entre amigos, na fam\u00edlia, no pequeno grupo, mas tamb\u00e9m das macrorrela\u00e7\u00f5es como relacionamentos sociais, econ\u00f4micos, pol\u00edticos<\/em>\u201d (CV 2). E o Papa Francisco acrescenta: \u201c<em>Um indiv\u00edduo pode ajudar uma pessoa necessitada, mas, quando se une a outros para gerar processos sociais de fraternidade e justi\u00e7a para todos, entra no \u2018campo da caridade mais ampla, a caridade pol\u00edtica\u2019&#8230; Convido uma vez mais a revalorizar a pol\u00edtica, que \u2018\u00e9 uma sublime voca\u00e7\u00e3o, \u00e9 uma das formas mais preciosas de caridade, porque busca o bem comum\u2019 (EG, n. 205)<\/em>\u201d (FT 180).<\/p>\n<p style=\"text-align: justify;\">Vivemos tempos dif\u00edceis para este modo de pensar e agir. Mas este \u00e9 o caminho secular da Doutrina Social da Igreja, do Conc\u00edlio Ecum\u00eanico Vaticano II, dos santos Paulo VI, Jo\u00e3o XXIII, Jo\u00e3o Paulo II, dos Papas Bento e Francisco, da CNBB, das nossas dioceses, portanto, o nosso caminho. Que a f\u00e9 e a caridade, a vida espiritual e a solidariedade possam andar juntas, como Jesus nos ensinou. Santo Irineu, rogai por n\u00f3s!<\/p>\n<p>&nbsp;<\/p>\n","protected":false},"excerpt":{"rendered":"<p>Dom Alo\u00edsio Alberto Dilli Bispo de Santa Cruz do Sul (RS) &nbsp; Caros diocesanos. Durante o m\u00eas de junho dedicamos v\u00e1rias mensagens sobre a celebra\u00e7\u00e3o dos santos e santas. Alguns deles s\u00e3o bem populares, como Santo Ant\u00f4nio, S\u00e3o Lu\u00eds, S\u00e3o Jo\u00e3o Batista, nosso padroeiro diocesano, e v\u00e1rios outros. Entre estes est\u00e1 tamb\u00e9m o bispo e &hellip;<\/p>\n<p class=\"read-more\"> <a class=\"\" href=\"https:\/\/www.cnbb.org.br\/dignificar-a-vida-e-louvar-a-deus\/\"> <span class=\"screen-reader-text\">Dignificar a vida \u00e9 louvar a Deus<\/span> Leia mais &raquo;<\/a><\/p>\n","protected":false},"author":33,"featured_media":0,"comment_status":"open","ping_status":"open","sticky":false,"template":"","format":"standard","meta":{"site-sidebar-layout":"default","site-content-layout":"default","ast-global-header-display":"","ast-banner-title-visibility":"","ast-main-header-display":"","ast-hfb-above-header-display":"","ast-hfb-below-header-display":"","ast-hfb-mobile-header-display":"","site-post-title":"","ast-breadcrumbs-content":"","ast-featured-img":"","footer-sml-layout":"","theme-transparent-header-meta":"default","adv-header-id-meta":"","stick-header-meta":"","header-above-stick-meta":"","header-main-stick-meta":"","header-below-stick-meta":""},"categories":[758],"tags":[],"acf":[],"_links":{"self":[{"href":"https:\/\/www.cnbb.org.br\/cnbb-app\/wp\/v2\/posts\/327932"}],"collection":[{"href":"https:\/\/www.cnbb.org.br\/cnbb-app\/wp\/v2\/posts"}],"about":[{"href":"https:\/\/www.cnbb.org.br\/cnbb-app\/wp\/v2\/types\/post"}],"author":[{"embeddable":true,"href":"https:\/\/www.cnbb.org.br\/cnbb-app\/wp\/v2\/users\/33"}],"replies":[{"embeddable":true,"href":"https:\/\/www.cnbb.org.br\/cnbb-app\/wp\/v2\/comments?post=327932"}],"version-history":[{"count":0,"href":"https:\/\/www.cnbb.org.br\/cnbb-app\/wp\/v2\/posts\/327932\/revisions"}],"wp:attachment":[{"href":"https:\/\/www.cnbb.org.br\/cnbb-app\/wp\/v2\/media?parent=327932"}],"wp:term":[{"taxonomy":"category","embeddable":true,"href":"https:\/\/www.cnbb.org.br\/cnbb-app\/wp\/v2\/categories?post=327932"},{"taxonomy":"post_tag","embeddable":true,"href":"https:\/\/www.cnbb.org.br\/cnbb-app\/wp\/v2\/tags?post=327932"}],"curies":[{"name":"wp","href":"https:\/\/api.w.org\/{rel}","templated":true}]}}