{"id":32980,"date":"2018-12-30T00:00:00","date_gmt":"2018-12-30T02:00:00","guid":{"rendered":"https:\/\/www.cnbb.org.br\/avaliar-discernir-e-anunciar\/"},"modified":"2018-12-30T00:00:00","modified_gmt":"2018-12-30T02:00:00","slug":"avaliar-discernir-e-anunciar","status":"publish","type":"post","link":"https:\/\/www.cnbb.org.br\/avaliar-discernir-e-anunciar\/","title":{"rendered":"Avaliar, discernir e anunciar"},"content":{"rendered":"<p style=\"text-align: right\"><strong>Dom Jos\u00e9 Gislon<\/strong><br \/>\n<strong>Bispo Diocesano de Erexim<\/strong><\/p>\n<p style=\"text-align: justify\">Estimados diocesanos! Estamos prestes a concluir o ano de 2018. Creio ser momento importante para fazermos a avalia\u00e7\u00e3o do caminho percorrido a partir da nossa vida pessoal, familiar, institucional e comunit\u00e1ria. Nem sempre \u00e9 f\u00e1cil parar para avaliar, porque devemos ter a coragem de nos confrontarmos com as nossas conquistas e tamb\u00e9m com as coisas que n\u00e3o deram certo, ou n\u00e3o aconteceram como planejamos, ou justamente porque faltou planejamento, que envolvesse as pessoas na fam\u00edlia e na comunidade, muitas coisas importantes acabaram n\u00e3o acontecendo porque n\u00e3o receberam aten\u00e7\u00e3o adequada da nossa parte.<\/p>\n<p style=\"text-align: justify\">O h\u00e1bito de avaliar se faz presente quando temos o costume de planejar. Nesse processo, temos longa estrada a percorrer. \u00c0s vezes, optamos pelo improviso, que \u00e9 caracter\u00edstica de uma sociedade em transforma\u00e7\u00e3o, mas j\u00e1 n\u00e3o responde mais \u00e0s necessidades de uma a\u00e7\u00e3o evangelizadora que busca responder aos anseios e \u00e0s necessidades espirituais de uma sociedade urbana, na qual a comunidade, como lugar de encontro, precisa continuamente ser constru\u00edda e reconstru\u00edda atrav\u00e9s do ir ao encontro das pessoas.<\/p>\n<p style=\"text-align: justify\">A celebra\u00e7\u00e3o do \u201cAno Nacional do Laicato\u201d, no Brasil, foi um momento importante para conscientizar, despertar e envolver ainda mais os leigos e leigas na a\u00e7\u00e3o evangelizadora da Igreja, mas tamb\u00e9m foi oportunidade para valoriz\u00e1-los, como protagonistas da causa do Reino, pelo testemunho de f\u00e9 que d\u00e3o na sociedade, sendo \u201cSal da Terra e Luz do Mundo\u201d (Mt 5,13-14).<\/p>\n<p style=\"text-align: justify\">Como povo de Deus a caminho, Igreja comunidade de f\u00e9, queremos louvar e agradecer ao Senhor pelos acontecimentos deste ano civil que est\u00e1 para terminar, pelas gra\u00e7as recebidas e pela sua miseric\u00f3rdia com as nossas fragilidades. A celebra\u00e7\u00e3o da festa da Sagrada Fam\u00edlia, neste domingo, coloca diante da bondade e do amor do Senhor Jesus a tua fam\u00edlia. Ela \u00e9 o primeiro lugar da nossa exist\u00eancia, no qual precisamos de amor e paz.<\/p>\n<p style=\"text-align: justify\">No primeiro dia do novo ano, a Solenidade da Santa M\u00e3e de Deus, Maria, marca a caminhada de f\u00e9 da comunidade, junto com a celebra\u00e7\u00e3o do Dia Mundial da Paz. E a mensagem do Papa Francisco para a 52\u00ba Dia Mundial da Paz come\u00e7a com uma frase que Jesus disse aos seus disc\u00edpulos quando os enviou em miss\u00e3o: \u201cEm qualquer casa em que entrardes, dizei primeiro: \u2018A paz esteja nesta casa!\u2019 E, se l\u00e1 houver um homem de paz, sobre ele repousar\u00e1 a vossa paz; se n\u00e3o, voltar\u00e1 para v\u00f3s\u201d (<em>Lc<\/em>\u00a010, 5-6).<\/p>\n<p style=\"text-align: justify\">\u201cOferecer a paz est\u00e1 no cora\u00e7\u00e3o da miss\u00e3o dos disc\u00edpulos de Cristo. E esta oferta \u00e9 feita a todos os homens e mulheres que, no meio dos dramas e viol\u00eancias da hist\u00f3ria humana, esperam na paz.<sup>[1]<\/sup>\u00a0A \u2018casa\u2019, de que fala Jesus, \u00e9 cada fam\u00edlia, cada comunidade, cada pa\u00eds, cada continente, na sua singularidade e hist\u00f3ria; antes de mais nada, \u00e9 cada pessoa, sem distin\u00e7\u00e3o nem discrimina\u00e7\u00e3o alguma. E \u00e9 tamb\u00e9m a nossa \u2018casa comum\u2019: o planeta onde Deus nos colocou a morar e do qual somos chamados a cuidar com solicitude\u201d.<\/p>\n<p style=\"text-align: justify\">Meus mais profundos agradecimentos a todos pela participa\u00e7\u00e3o na caminhada da Igreja de 2018. Que o Esp\u00edrito Santo continue iluminando os nossos passos, para respondermos com amor e generosidade ao convite do Senhor Jesus, de anunciarmos o Reino de Deus atrav\u00e9s da nossa vida e miss\u00e3o.<\/p>\n","protected":false},"excerpt":{"rendered":"<p>Dom Jos\u00e9 Gislon Bispo Diocesano de Erexim Estimados diocesanos! Estamos prestes a concluir o ano de 2018. Creio ser momento importante para fazermos a avalia\u00e7\u00e3o do caminho percorrido a partir da nossa vida pessoal, familiar, institucional e comunit\u00e1ria. Nem sempre \u00e9 f\u00e1cil parar para avaliar, porque devemos ter a coragem de nos confrontarmos com as &hellip;<\/p>\n<p class=\"read-more\"> <a class=\"\" href=\"https:\/\/www.cnbb.org.br\/avaliar-discernir-e-anunciar\/\"> <span class=\"screen-reader-text\">Avaliar, discernir e anunciar<\/span> Leia mais &raquo;<\/a><\/p>\n","protected":false},"author":20,"featured_media":0,"comment_status":"closed","ping_status":"open","sticky":false,"template":"","format":"standard","meta":{"site-sidebar-layout":"default","site-content-layout":"default","ast-global-header-display":"","ast-banner-title-visibility":"","ast-main-header-display":"","ast-hfb-above-header-display":"","ast-hfb-below-header-display":"","ast-hfb-mobile-header-display":"","site-post-title":"","ast-breadcrumbs-content":"","ast-featured-img":"","footer-sml-layout":"","theme-transparent-header-meta":"","adv-header-id-meta":"","stick-header-meta":"","header-above-stick-meta":"","header-main-stick-meta":"","header-below-stick-meta":""},"categories":[758],"tags":[],"acf":[],"_links":{"self":[{"href":"https:\/\/www.cnbb.org.br\/cnbb-app\/wp\/v2\/posts\/32980"}],"collection":[{"href":"https:\/\/www.cnbb.org.br\/cnbb-app\/wp\/v2\/posts"}],"about":[{"href":"https:\/\/www.cnbb.org.br\/cnbb-app\/wp\/v2\/types\/post"}],"author":[{"embeddable":true,"href":"https:\/\/www.cnbb.org.br\/cnbb-app\/wp\/v2\/users\/20"}],"replies":[{"embeddable":true,"href":"https:\/\/www.cnbb.org.br\/cnbb-app\/wp\/v2\/comments?post=32980"}],"version-history":[{"count":0,"href":"https:\/\/www.cnbb.org.br\/cnbb-app\/wp\/v2\/posts\/32980\/revisions"}],"wp:attachment":[{"href":"https:\/\/www.cnbb.org.br\/cnbb-app\/wp\/v2\/media?parent=32980"}],"wp:term":[{"taxonomy":"category","embeddable":true,"href":"https:\/\/www.cnbb.org.br\/cnbb-app\/wp\/v2\/categories?post=32980"},{"taxonomy":"post_tag","embeddable":true,"href":"https:\/\/www.cnbb.org.br\/cnbb-app\/wp\/v2\/tags?post=32980"}],"curies":[{"name":"wp","href":"https:\/\/api.w.org\/{rel}","templated":true}]}}