{"id":33001,"date":"2019-01-02T00:00:00","date_gmt":"2019-01-02T02:00:00","guid":{"rendered":"https:\/\/www.cnbb.org.br\/6-de-janeiro-aniversario-de-525-anos-da-1a-missa-celebrada-na-america-carta-do-papa\/"},"modified":"2019-01-02T00:00:00","modified_gmt":"2019-01-02T02:00:00","slug":"6-de-janeiro-aniversario-de-525-anos-da-1a-missa-celebrada-na-america-carta-do-papa","status":"publish","type":"post","link":"https:\/\/www.cnbb.org.br\/6-de-janeiro-aniversario-de-525-anos-da-1a-missa-celebrada-na-america-carta-do-papa\/","title":{"rendered":"6 de janeiro: anivers\u00e1rio de 525 anos da 1\u00aa missa celebrada na Am\u00e9rica. Carta do Papa"},"content":{"rendered":"<p style=\"text-align: justify\">A Primeira Missa foi celebrada em solo americano em 6 de janeiro de 1494, precisamente h\u00e1 525 anos, em Isabela, diocese de Puerto Plata, hoje Rep\u00fablica Dominicana, pelo Padre Bernardo Boyl e concelebrada por outros doze sacerdotes, que chegaram com Crist\u00f3v\u00e3o Colombo em sua segunda viagem.<\/p>\n<p><strong>Carta do Papa<\/strong><\/p>\n<p style=\"text-align: justify\">O Papa Francisco enviou uma Carta em latim ao cardeal Greg\u00f3rio Rosa Ch\u00e1vez, bispo auxiliar de San Salvador, seu Enviado especial \u00e0s celebra\u00e7\u00f5es de encerramento dos 525 anos da celebra\u00e7\u00e3o da Primeira Missa no Continente americano, que ter\u00e3o lugar em Isabela, Puerto Plata, Rep\u00fablica Dominicana, no pr\u00f3ximo dia 5 de janeiro de 2019.<\/p>\n<p style=\"text-align: justify\">A delega\u00e7\u00e3o da Santa S\u00e9 que estar\u00e1 presente na celebra\u00e7\u00e3o \u00e9 composta pelo cardeal Greg\u00f3rio Rosa Ch\u00e1vez e pelos padres Carlos Manuel Abreu Frias &#8211; do clero da Arquidiocese de Santo Domingo e Secret\u00e1rio-Geral Adjunto da Confer\u00eancia Episcopal &#8211; e Bernardo Kiwi, p\u00e1roco da Diocese de Puerto Plata.<\/p>\n<p style=\"text-align: justify\">Em sua Carta, o Santo Padre diz que \u00abo maior dom concedido pelo nosso Salvador aos seus Ap\u00f3stolos, na \u00daltima Ceia, foi o Sacerd\u00f3cio e a Eucaristia\u201d. Na celebra\u00e7\u00e3o deste sacramento, Jesus Cristo est\u00e1 presente sob as esp\u00e9cies do p\u00e3o e do vinho.<\/p>\n<p>Ao subir ao C\u00e9u, ele disse aos seus Ap\u00f3stolos e seguidores: \u201cEis que estarei sempre convosco at\u00e9 ao fim dos tempos\u201d. Esta sua promessa de estar presente entre ele seria a sua fortaleza. Esta \u00e9 a certeza da nossa f\u00e9, que a santa Igreja de Cristo, a Igreja Cat\u00f3lica, espalhada por todos os cantos do mundo, perpetuada nos s\u00e9culos, em Cristo, por meio do sacrif\u00edcio Eucar\u00edstico\u00bb.<\/p>\n<p><strong>Dados hist\u00f3ricos<\/strong><\/p>\n<p style=\"text-align: justify\">A Primeira Missa foi celebrada em solo americano em 6 de janeiro de 1494, precisamente h\u00e1 525 anos, em Isabela, diocese de Puerto Plata, hoje Rep\u00fablica Dominicana, pelo Padre Bernardo Boyl e concelebrada por outros doze sacerdotes, que chegaram com Crist\u00f3v\u00e3o Colombo em sua segunda viagem.<\/p>\n<p style=\"text-align: justify\">A localidade de Isabela conserva a mem\u00f3ria hist\u00f3rica da coloniza\u00e7\u00e3o e da evangeliza\u00e7\u00e3o das Am\u00e9ricas, com a constru\u00e7\u00e3o da primeira fortaleza do continente, rec\u00e9m-descoberto pelo navegador genov\u00eas, Crist\u00f3v\u00e3o Colombo, com o apoio da Coroa espanhola.<\/p>\n<p style=\"text-align: justify\">Esta semente plantada pelo Padre Boyl e seus companheiros, segundo a Igreja dominicana, \u201cdeu in\u00edcio a uma grande colheita de crist\u00e3os, que, hoje em dia, representam mais da metade no mundo. A partir deste povoado da Rep\u00fablica Dominicana, Deus Pai continua se manifestando\u201d.<\/p>\n<p style=\"text-align: justify\">No ano de 1500, a cidade de Isabela ficou despovoada por causa dos furac\u00f5es. Sobre as ru\u00ednas da primeira igreja do Novo Mundo foi constru\u00eddo o Templo das Am\u00e9ricas, onde se venera uma imagem de Nossa Senhora de Monserrat, trazida pelos conquistadores.<\/p>\n<p style=\"text-align: right\"><em>(Texto: Manoel Tavares\/Vatican News)<\/em><\/p>\n","protected":false},"excerpt":{"rendered":"<p>Celebra\u00e7\u00f5es de encerramento em comemora\u00e7\u00e3o ter\u00e3o lugar em Isabela, Puerto Plata, Rep\u00fablica Dominicana, no pr\u00f3ximo s\u00e1bado, dia 5 de janeiro<\/p>\n","protected":false},"author":83,"featured_media":33002,"comment_status":"closed","ping_status":"open","sticky":false,"template":"","format":"standard","meta":{"site-sidebar-layout":"default","site-content-layout":"default","ast-global-header-display":"","ast-banner-title-visibility":"","ast-main-header-display":"","ast-hfb-above-header-display":"","ast-hfb-below-header-display":"","ast-hfb-mobile-header-display":"","site-post-title":"","ast-breadcrumbs-content":"","ast-featured-img":"","footer-sml-layout":"","theme-transparent-header-meta":"","adv-header-id-meta":"","stick-header-meta":"","header-above-stick-meta":"","header-main-stick-meta":"","header-below-stick-meta":""},"categories":[1],"tags":[],"acf":[],"_links":{"self":[{"href":"https:\/\/www.cnbb.org.br\/cnbb-app\/wp\/v2\/posts\/33001"}],"collection":[{"href":"https:\/\/www.cnbb.org.br\/cnbb-app\/wp\/v2\/posts"}],"about":[{"href":"https:\/\/www.cnbb.org.br\/cnbb-app\/wp\/v2\/types\/post"}],"author":[{"embeddable":true,"href":"https:\/\/www.cnbb.org.br\/cnbb-app\/wp\/v2\/users\/83"}],"replies":[{"embeddable":true,"href":"https:\/\/www.cnbb.org.br\/cnbb-app\/wp\/v2\/comments?post=33001"}],"version-history":[{"count":0,"href":"https:\/\/www.cnbb.org.br\/cnbb-app\/wp\/v2\/posts\/33001\/revisions"}],"wp:featuredmedia":[{"embeddable":true,"href":"https:\/\/www.cnbb.org.br\/cnbb-app\/wp\/v2\/media\/33002"}],"wp:attachment":[{"href":"https:\/\/www.cnbb.org.br\/cnbb-app\/wp\/v2\/media?parent=33001"}],"wp:term":[{"taxonomy":"category","embeddable":true,"href":"https:\/\/www.cnbb.org.br\/cnbb-app\/wp\/v2\/categories?post=33001"},{"taxonomy":"post_tag","embeddable":true,"href":"https:\/\/www.cnbb.org.br\/cnbb-app\/wp\/v2\/tags?post=33001"}],"curies":[{"name":"wp","href":"https:\/\/api.w.org\/{rel}","templated":true}]}}