{"id":33023,"date":"2019-01-13T00:00:00","date_gmt":"2019-01-13T02:00:00","guid":{"rendered":"https:\/\/www.cnbb.org.br\/nascer-e-renascer\/"},"modified":"2019-01-13T00:00:00","modified_gmt":"2019-01-13T02:00:00","slug":"nascer-e-renascer","status":"publish","type":"post","link":"https:\/\/www.cnbb.org.br\/nascer-e-renascer\/","title":{"rendered":"Nascer e renascer"},"content":{"rendered":"<p style=\"text-align: right\"><strong>Dom Jos\u00e9 Gislon, OFMCap. &#8211; <\/strong><br \/>\n<strong>Bispo de Erexim (RS)<\/strong><\/p>\n<p>&nbsp;<\/p>\n<p style=\"text-align: justify\"><span style=\"font-weight: 400\">Estimados Diocesanos! Diante de Deus, do mundo, da fam\u00edlia, da comunidade, podemos sempre louvar e agradecer pelo dom da vida. Ela nos oferece, atrav\u00e9s das nossas escolhas, dos nossos passos, do nosso jeito de ser, do agir e interagir com as pessoas e a natureza, grandes oportunidades, para contribuirmos com os nossos pequenos gestos para um mundo mais justo, fraterno e solid\u00e1rio.<\/span><\/p>\n<p style=\"text-align: justify\"><span style=\"font-weight: 400\">Podemos ter a tenta\u00e7\u00e3o de querer sempre apontar os outros como os causadores dos males que afligem a humanidade e a nossa vida. N\u00e3o quero de forma alguma, desconsiderar os males provocados por situa\u00e7\u00f5es que n\u00e3o est\u00e3o sob o nosso controle, mas nos agridem cotidianamente de v\u00e1rias formas, ferindo a nossa vida e a dignidade de vida de milh\u00f5es de pessoas no mundo. <\/span><\/p>\n<p style=\"text-align: justify\"><span style=\"font-weight: 400\">Por isso, gostaria de salientar o quanto \u00e9 importante cada um de n\u00f3s ter pequenas atitudes em rela\u00e7\u00e3o \u00e0 Casa Comum, \u00e0 natureza, que ajudam a melhorar a nossa vida e a vida de muitos irm\u00e3os e irm\u00e3s. A cultura do individualismo e da indiferen\u00e7a \u00e9 extremamente nociva \u00e0 vida das pessoas e da comunidade, porque nada contribui para o bem comum. Este se \u00a0promove atrav\u00e9s de uma participa\u00e7\u00e3o respons\u00e1vel em rela\u00e7\u00e3o \u00e0 coletividade.<\/span><\/p>\n<p style=\"text-align: justify\"><span style=\"font-weight: 400\">Uma das necessidades b\u00e1sicas e vitais para o ser humano e toda a natureza \u00e9 \u00e1gua. Ela \u00e9 s\u00edmbolo universal, necessidade prim\u00e1ria de todos e de cada um em todos os continentes e culturas. Existe a sede da natureza por \u00e1gua, pela vida; existe a sede de \u00e1gua que atinge o nosso corpo, mas existe tamb\u00e9m uma sede que se refere ao cora\u00e7\u00e3o e ao esp\u00edrito, que n\u00e3o podemos menosprezar. <\/span><\/p>\n<p style=\"text-align: justify\"><span style=\"font-weight: 400\">Neste domingo em que celebramos a Festa do Batismo do Senhor pelas m\u00e3os de Jo\u00e3o Batista no rio Jord\u00e3o, n\u00e3o podemos deixar passar despercebido que o Esp\u00edrito Santo O envolveu e uma voz do c\u00e9u O apresentou ao mundo como o Filho amado de Deus, cuja miss\u00e3o era anunciar o Reino e redimir a humanidade subjugada pela dor do pecado. \u00c9 um momento em que podemos recordar e celebrar tamb\u00e9m o nosso batismo, pois, atrav\u00e9s da \u00e1gua batismal, fomos lavados do pecado original para renascermos como novas criaturas em Cristo Jesus. Que n\u00e3o falte em tua vida, irm\u00e3o e irm\u00e3, a \u00e1gua da natureza que sacia o corpo, nem a \u00e1gua do amor, da gra\u00e7a e da miseric\u00f3rdia divina que sacia a sede do teu cora\u00e7\u00e3o.<\/span><\/p>\n<p style=\"text-align: justify\"><span style=\"font-weight: 400\">Tende todos um bom domingo.<\/span><\/p>\n<p style=\"text-align: justify\">\n","protected":false},"excerpt":{"rendered":"<p>Dom Jos\u00e9 Gislon, OFMCap. &#8211; Bispo de Erexim (RS) &nbsp; Estimados Diocesanos! Diante de Deus, do mundo, da fam\u00edlia, da comunidade, podemos sempre louvar e agradecer pelo dom da vida. Ela nos oferece, atrav\u00e9s das nossas escolhas, dos nossos passos, do nosso jeito de ser, do agir e interagir com as pessoas e a natureza, &hellip;<\/p>\n<p class=\"read-more\"> <a class=\"\" href=\"https:\/\/www.cnbb.org.br\/nascer-e-renascer\/\"> <span class=\"screen-reader-text\">Nascer e renascer<\/span> Leia mais &raquo;<\/a><\/p>\n","protected":false},"author":20,"featured_media":0,"comment_status":"closed","ping_status":"open","sticky":false,"template":"","format":"standard","meta":{"site-sidebar-layout":"default","site-content-layout":"default","ast-global-header-display":"","ast-banner-title-visibility":"","ast-main-header-display":"","ast-hfb-above-header-display":"","ast-hfb-below-header-display":"","ast-hfb-mobile-header-display":"","site-post-title":"","ast-breadcrumbs-content":"","ast-featured-img":"","footer-sml-layout":"","theme-transparent-header-meta":"","adv-header-id-meta":"","stick-header-meta":"","header-above-stick-meta":"","header-main-stick-meta":"","header-below-stick-meta":""},"categories":[758],"tags":[],"acf":[],"_links":{"self":[{"href":"https:\/\/www.cnbb.org.br\/cnbb-app\/wp\/v2\/posts\/33023"}],"collection":[{"href":"https:\/\/www.cnbb.org.br\/cnbb-app\/wp\/v2\/posts"}],"about":[{"href":"https:\/\/www.cnbb.org.br\/cnbb-app\/wp\/v2\/types\/post"}],"author":[{"embeddable":true,"href":"https:\/\/www.cnbb.org.br\/cnbb-app\/wp\/v2\/users\/20"}],"replies":[{"embeddable":true,"href":"https:\/\/www.cnbb.org.br\/cnbb-app\/wp\/v2\/comments?post=33023"}],"version-history":[{"count":0,"href":"https:\/\/www.cnbb.org.br\/cnbb-app\/wp\/v2\/posts\/33023\/revisions"}],"wp:attachment":[{"href":"https:\/\/www.cnbb.org.br\/cnbb-app\/wp\/v2\/media?parent=33023"}],"wp:term":[{"taxonomy":"category","embeddable":true,"href":"https:\/\/www.cnbb.org.br\/cnbb-app\/wp\/v2\/categories?post=33023"},{"taxonomy":"post_tag","embeddable":true,"href":"https:\/\/www.cnbb.org.br\/cnbb-app\/wp\/v2\/tags?post=33023"}],"curies":[{"name":"wp","href":"https:\/\/api.w.org\/{rel}","templated":true}]}}